{"id":26491,"date":"2025-10-19T12:58:40","date_gmt":"2025-10-19T16:58:40","guid":{"rendered":"https:\/\/cenal.gob.ve\/?p=26491"},"modified":"2025-10-20T09:48:07","modified_gmt":"2025-10-20T13:48:07","slug":"el-colofon-de-los-tiempos","status":"publish","type":"post","link":"https:\/\/cenal.gob.ve\/?p=26491","title":{"rendered":"El colof\u00f3n de los tiempos\u00a0"},"content":{"rendered":"\n<p class=\"has-drop-cap\">\u201cDe Viena\u201d, dijo Ignacio Barreto mientras se\u00f1alaba con su dedo \u00edndice derecho el apellido de la autora del libro\u00a0<em>Huaco retrato<\/em>, la escritora peruana Gabriela Wiener.\u00a0<\/p>\n\n\n\n<p>En sus a\u00f1os mozos, Ignacio aprendi\u00f3 la lengua germ\u00e1nica para estudiar m\u00fasica en Europa. Al ver el libro que paseaba de mi casa a la oficina \u2014que le\u00eda en cualquier intermedio entre reuniones\u2014 sinti\u00f3 la necesidad de develar la palabra que le era familiar. Yo&nbsp;le repliqu\u00e9, sin inter\u00e9s en desanimarlo, que ella cuenta en el principio de la novela el origen y&nbsp;significado&nbsp;de su apellido.<\/p>\n\n\n\n<p>\u201cWiener es uno de esos apellidos derivados de lugares, como Epstein, Aurbach o Guinzberg. Algunas comunidades jud\u00edas sol\u00edan adoptar los nombres de sus ciudades y pueblos por una cuesti\u00f3n afectiva. Wiener es un gentilicio, significa&nbsp;\u00abde Viena\u00bb&nbsp;en alem\u00e1n. Como las salchichas\u201d.<\/p>\n\n\n\n<p>Otras personas tambi\u00e9n me advertieron del significado de \u201cWiener\u201d, pero ya hab\u00eda decidido dejar de dar explicaciones. S\u00f3lo sonre\u00eda con agradecimiento por contribuir en aminorar mi ignorancia.<\/p>\n\n\n\n<p><em>Huaco retrato<\/em>&nbsp;no pretende ser una revisi\u00f3n personal de d\u00f3nde venimos, como tampoco hacia d\u00f3nde vamos. Wiener toma posici\u00f3n sobre el saqueo del patrimonio cultural de su pa\u00eds perpetrado por un familiar que pudo haber quedado en el pasado.&nbsp;<\/p>\n\n\n\n<figure class=\"wp-block-image size-large\"><img width=\"599\" height=\"1024\" src=\"http:\/\/cenal.gob.ve\/wp-content\/uploads\/2025\/10\/IMG_4819-599x1024.jpeg\" alt=\"\" class=\"wp-image-26492\" srcset=\"https:\/\/cenal.gob.ve\/wp-content\/uploads\/2025\/10\/IMG_4819-599x1024.jpeg 599w, https:\/\/cenal.gob.ve\/wp-content\/uploads\/2025\/10\/IMG_4819-176x300.jpeg 176w, https:\/\/cenal.gob.ve\/wp-content\/uploads\/2025\/10\/IMG_4819.jpeg 632w\" sizes=\"(max-width: 599px) 100vw, 599px\" \/><\/figure>\n\n\n\n<p>\u201cUn tatarabuelo es apenas un vestigio en la vida de alguien, pero no si este se ha llevado a Europa la friolera de cuatro mil piezas precolombinas. Y su mayor m\u00e9rito es no haber encontrado Machu Picchu, pero haber estado cerca\u201d.<\/p>\n\n\n\n<p>Wiener dice las cosas como son o fueron en su familia. Una vasija puede ser un retrato, una simple representaci\u00f3n del pasado y del presente. La herencia es m\u00e1s que material y que a veces no te pertenece o no quieres pertenecer por el hecho de tener un apellido que ya no dice nada sino que suena ex\u00f3tico. Sin embargo, la escritora peruana se expresa con un lenguaje que actualmente se denomina colonizado al mencionar \u201cprecolombino\u201d, \u201coccidente\u201d, pero no por ello se le enjuicia, ya que estamos hablando de una novela y no de un tratado de resistencia ind\u00edgena.<\/p>\n\n\n\n<p>Nombrar las cosas tiene su ciencia. Hace&nbsp;tres lustros visit\u00e9 Londres y un amigo me incit\u00f3 de manera fehaciente&nbsp;a&nbsp;que visitara el \u201cMuseo del Saqueo\u201d.&nbsp;Lo busqu\u00e9 en el mapa que compr\u00e9 en un quiosco \u2014eran tiempos en que Google Maps estaba en pa\u00f1ales\u2014 y no lo encontr\u00e9, as\u00ed que fui al mas cercano, al Brit\u00e1nico. All\u00ed constat\u00e9 que hab\u00eda llegado al museo buscado durante horas, pero bajo un nombre impropio, porque de brit\u00e1nico s\u00f3lo ten\u00eda la estructura y el lugar en donde se encontraba.<\/p>\n\n\n\n<p>Indagar sobre el pasado y contrastar o cruzar con el presente, sus familiares m\u00e1s cercanos, para tratar de comprender lo que se oculta, se olvida, mientras que&nbsp;en&nbsp;lo que se da por ciertoestalla la incertidumbre y se profundiza cuando se comprende que la vida tambi\u00e9n est\u00e1 hecha del habla, la lengua, que viene a ser el ADN visible sin microsc\u00f3picos.<\/p>\n\n\n\n<p>Gabriela Wiener tiene la virtud de retratar su vida como si fuera ficci\u00f3n, sin enjuiciar a sus parientes m\u00e1s cercanos,&nbsp;como su padre o madre,porque lo que tiene de biograf\u00eda lo tiene de novela, de testimonio personal. Al lector le tocar\u00e1 identificar que hay de verdadero o falso&nbsp;e identifcar&nbsp;qu\u00e9 pedazo de la historia, hecha a retazos, forma parte de su propia existencia o la de sus antepasados.<\/p>\n\n\n\n<p>Tambi\u00e9n ella se refugia en otros libros, en sus autores o personajes, incluso en el libro que su tatarabuelo escribi\u00f3 y en donde expres\u00f3 su forma de ver una sociedad que le era ajena como si fuera superior. Su clasismo, racismo y xenofobia est\u00e1 en cada pensamiento hecha palabra.<\/p>\n\n\n\n<p>Ahora es Gabriela Weiner quien observa con un distintivo sentido del humor que lo hace&nbsp;m\u00e1shumano, con todas las incertidumbres contadas como si fueran verdades, escrita descronol\u00f3gicamente porque&nbsp;a fin&nbsp;de cuentas el tiempo es tan s\u00f3lo un pretexto para llegar a un final.<\/p>\n\n\n\n<p>Y ese final puede que llegue con el termino de las p\u00e1ginas de un libro, pero resulta que el ejemplar de&nbsp;<em>Huaco retra<\/em><em>to<\/em>&nbsp;que me toc\u00f3 leer no tiene colof\u00f3n. La historia termina aunque pareciera que la vida contin\u00faa en las p\u00e1ginas en blanco que le siguen o en otros libros.<\/p>\n","protected":false},"excerpt":{"rendered":"<p>Huaco retrato\u00a0no pretende ser una revisi\u00f3n personal de d\u00f3nde venimos, como tampoco hacia d\u00f3nde vamos<\/p>\n","protected":false},"author":9,"featured_media":26487,"comment_status":"open","ping_status":"open","sticky":false,"template":"","format":"standard","meta":{"spay_email":"","jetpack_publicize_message":"","jetpack_is_tweetstorm":false,"jetpack_publicize_feature_enabled":true},"categories":[53,69],"tags":[211,216],"yoast_head":"<!-- This site is optimized with the Yoast SEO plugin v19.8 - https:\/\/yoast.com\/wordpress\/plugins\/seo\/ -->\n<title>El colof\u00f3n de los tiempos\u00a0<\/title>\n<meta name=\"description\" content=\"Huaco retrato\u00a0no pretende ser una revisi\u00f3n personal de d\u00f3nde venimos, como tampoco hacia d\u00f3nde vamos\" \/>\n<meta name=\"robots\" content=\"index, follow, max-snippet:-1, max-image-preview:large, max-video-preview:-1\" \/>\n<link rel=\"canonical\" href=\"https:\/\/cenal.gob.ve\/?p=26491\" \/>\n<meta property=\"og:locale\" content=\"es_ES\" \/>\n<meta property=\"og:type\" content=\"article\" \/>\n<meta property=\"og:title\" content=\"El colof\u00f3n de los tiempos, por Ra\u00fal Cazal\" \/>\n<meta property=\"og:description\" content=\"Huaco retrato\u00a0no pretende ser una revisi\u00f3n personal de d\u00f3nde venimos, como tampoco hacia d\u00f3nde vamos\" \/>\n<meta property=\"og:url\" content=\"https:\/\/cenal.gob.ve\/?p=26491\" \/>\n<meta property=\"og:site_name\" content=\"Cenal\" \/>\n<meta property=\"article:published_time\" content=\"2025-10-19T16:58:40+00:00\" \/>\n<meta property=\"article:modified_time\" content=\"2025-10-20T13:48:07+00:00\" \/>\n<meta property=\"og:image\" content=\"http:\/\/cenal.gob.ve\/wp-content\/uploads\/2025\/10\/IMG_4813.jpeg\" \/>\n\t<meta property=\"og:image:width\" content=\"1280\" \/>\n\t<meta property=\"og:image:height\" content=\"849\" \/>\n\t<meta property=\"og:image:type\" content=\"image\/jpeg\" \/>\n<meta name=\"author\" content=\"Ra\u00fal Cazal\" \/>\n<meta name=\"twitter:card\" content=\"summary_large_image\" \/>\n<meta name=\"twitter:title\" content=\"El colof\u00f3n de los tiempos, por Ra\u00fal Cazal\" \/>\n<meta name=\"twitter:description\" content=\"Huaco retrato\u00a0no pretende ser una revisi\u00f3n personal de d\u00f3nde venimos, como tampoco hacia d\u00f3nde vamos\" \/>\n<meta name=\"twitter:image\" content=\"https:\/\/cenal.gob.ve\/wp-content\/uploads\/2025\/10\/IMG_4813.jpeg\" \/>\n<meta name=\"twitter:label1\" content=\"Written by\" \/>\n\t<meta name=\"twitter:data1\" content=\"Ra\u00fal Cazal\" \/>\n\t<meta name=\"twitter:label2\" content=\"Est. reading time\" \/>\n\t<meta name=\"twitter:data2\" content=\"4 minutos\" \/>\n<script type=\"application\/ld+json\" class=\"yoast-schema-graph\">{\"@context\":\"https:\/\/schema.org\",\"@graph\":[{\"@type\":\"Article\",\"@id\":\"https:\/\/cenal.gob.ve\/?p=26491#article\",\"isPartOf\":{\"@id\":\"https:\/\/cenal.gob.ve\/?p=26491\"},\"author\":{\"name\":\"Ra\u00fal Cazal\",\"@id\":\"https:\/\/cenal.gob.ve\/#\/schema\/person\/a6db8b0bfca231546dc925c41aead319\"},\"headline\":\"El colof\u00f3n de los tiempos\u00a0\",\"datePublished\":\"2025-10-19T16:58:40+00:00\",\"dateModified\":\"2025-10-20T13:48:07+00:00\",\"mainEntityOfPage\":{\"@id\":\"https:\/\/cenal.gob.ve\/?p=26491\"},\"wordCount\":773,\"commentCount\":0,\"publisher\":{\"@id\":\"https:\/\/cenal.gob.ve\/#organization\"},\"keywords\":[\"Literatura\",\"Novelas\"],\"articleSection\":[\"Lecturas\",\"Ojo por hoja\"],\"inLanguage\":\"es\",\"potentialAction\":[{\"@type\":\"CommentAction\",\"name\":\"Comment\",\"target\":[\"https:\/\/cenal.gob.ve\/?p=26491#respond\"]}]},{\"@type\":\"WebPage\",\"@id\":\"https:\/\/cenal.gob.ve\/?p=26491\",\"url\":\"https:\/\/cenal.gob.ve\/?p=26491\",\"name\":\"El colof\u00f3n de los tiempos\u00a0\",\"isPartOf\":{\"@id\":\"https:\/\/cenal.gob.ve\/#website\"},\"datePublished\":\"2025-10-19T16:58:40+00:00\",\"dateModified\":\"2025-10-20T13:48:07+00:00\",\"description\":\"Huaco retrato\u00a0no pretende ser una revisi\u00f3n personal de d\u00f3nde venimos, como tampoco hacia d\u00f3nde vamos\",\"breadcrumb\":{\"@id\":\"https:\/\/cenal.gob.ve\/?p=26491#breadcrumb\"},\"inLanguage\":\"es\",\"potentialAction\":[{\"@type\":\"ReadAction\",\"target\":[\"https:\/\/cenal.gob.ve\/?p=26491\"]}]},{\"@type\":\"BreadcrumbList\",\"@id\":\"https:\/\/cenal.gob.ve\/?p=26491#breadcrumb\",\"itemListElement\":[{\"@type\":\"ListItem\",\"position\":1,\"name\":\"Home\",\"item\":\"https:\/\/cenal.gob.ve\/\"},{\"@type\":\"ListItem\",\"position\":2,\"name\":\"El colof\u00f3n de los tiempos\u00a0\"}]},{\"@type\":\"WebSite\",\"@id\":\"https:\/\/cenal.gob.ve\/#website\",\"url\":\"https:\/\/cenal.gob.ve\/\",\"name\":\"Cenal\",\"description\":\"\",\"publisher\":{\"@id\":\"https:\/\/cenal.gob.ve\/#organization\"},\"potentialAction\":[{\"@type\":\"SearchAction\",\"target\":{\"@type\":\"EntryPoint\",\"urlTemplate\":\"https:\/\/cenal.gob.ve\/?s={search_term_string}\"},\"query-input\":\"required name=search_term_string\"}],\"inLanguage\":\"es\"},{\"@type\":\"Organization\",\"@id\":\"https:\/\/cenal.gob.ve\/#organization\",\"name\":\"CENAL\",\"url\":\"https:\/\/cenal.gob.ve\/\",\"sameAs\":[],\"logo\":{\"@type\":\"ImageObject\",\"inLanguage\":\"es\",\"@id\":\"https:\/\/cenal.gob.ve\/#\/schema\/logo\/image\/\",\"url\":\"https:\/\/i0.wp.com\/cenal.gob.ve\/wp-content\/uploads\/2022\/10\/cropped-images.jpg?fit=512%2C512\",\"contentUrl\":\"https:\/\/i0.wp.com\/cenal.gob.ve\/wp-content\/uploads\/2022\/10\/cropped-images.jpg?fit=512%2C512\",\"width\":512,\"height\":512,\"caption\":\"CENAL\"},\"image\":{\"@id\":\"https:\/\/cenal.gob.ve\/#\/schema\/logo\/image\/\"}},{\"@type\":\"Person\",\"@id\":\"https:\/\/cenal.gob.ve\/#\/schema\/person\/a6db8b0bfca231546dc925c41aead319\",\"name\":\"Ra\u00fal Cazal\",\"image\":{\"@type\":\"ImageObject\",\"inLanguage\":\"es\",\"@id\":\"https:\/\/cenal.gob.ve\/#\/schema\/person\/image\/\",\"url\":\"https:\/\/secure.gravatar.com\/avatar\/efcec262923fa6cdb1746d5c7c9fb742?s=96&d=mm&r=g\",\"contentUrl\":\"https:\/\/secure.gravatar.com\/avatar\/efcec262923fa6cdb1746d5c7c9fb742?s=96&d=mm&r=g\",\"caption\":\"Ra\u00fal Cazal\"},\"description\":\"Escritor, periodista y editor. Presidente del Centro Nacional del Libro desde noviembre de 2018. En febrero de 2019 asume la Direcci\u00f3n General de la Fundaci\u00f3n Editorial El perro y la rana y en agosto es nombrado Viceministro de Fomento para la Econom\u00eda Cultural. Es autor de los libros\u00a0de cuentos El bolero se baila pegadito (1988), Todo tiene su final (1992) y de poes\u00eda Algunas cuestiones sin importancia (1994). Es coautor con Freddy Fern\u00e1ndez del ensayo A qui\u00e9n le importa la opini\u00f3n de un ciego (2006). Gracias, medios de comunicaci\u00f3n (2018) fue merecedor del Premio Nacional de Periodismo en 2019, menci\u00f3n Libro. Actualmente dirige y conduce Las formas del libro.\",\"url\":\"https:\/\/cenal.gob.ve\/?author=9\"}]}<\/script>\n<!-- \/ Yoast SEO plugin. -->","yoast_head_json":{"title":"El colof\u00f3n de los tiempos\u00a0","description":"Huaco retrato\u00a0no pretende ser una revisi\u00f3n personal de d\u00f3nde venimos, como tampoco hacia d\u00f3nde vamos","robots":{"index":"index","follow":"follow","max-snippet":"max-snippet:-1","max-image-preview":"max-image-preview:large","max-video-preview":"max-video-preview:-1"},"canonical":"https:\/\/cenal.gob.ve\/?p=26491","og_locale":"es_ES","og_type":"article","og_title":"El colof\u00f3n de los tiempos, por Ra\u00fal Cazal","og_description":"Huaco retrato\u00a0no pretende ser una revisi\u00f3n personal de d\u00f3nde venimos, como tampoco hacia d\u00f3nde vamos","og_url":"https:\/\/cenal.gob.ve\/?p=26491","og_site_name":"Cenal","article_published_time":"2025-10-19T16:58:40+00:00","article_modified_time":"2025-10-20T13:48:07+00:00","og_image":[{"width":1280,"height":849,"url":"http:\/\/cenal.gob.ve\/wp-content\/uploads\/2025\/10\/IMG_4813.jpeg","type":"image\/jpeg"}],"author":"Ra\u00fal Cazal","twitter_card":"summary_large_image","twitter_title":"El colof\u00f3n de los tiempos, por Ra\u00fal Cazal","twitter_description":"Huaco retrato\u00a0no pretende ser una revisi\u00f3n personal de d\u00f3nde venimos, como tampoco hacia d\u00f3nde vamos","twitter_image":"https:\/\/cenal.gob.ve\/wp-content\/uploads\/2025\/10\/IMG_4813.jpeg","twitter_misc":{"Written by":"Ra\u00fal Cazal","Est. reading time":"4 minutos"},"schema":{"@context":"https:\/\/schema.org","@graph":[{"@type":"Article","@id":"https:\/\/cenal.gob.ve\/?p=26491#article","isPartOf":{"@id":"https:\/\/cenal.gob.ve\/?p=26491"},"author":{"name":"Ra\u00fal Cazal","@id":"https:\/\/cenal.gob.ve\/#\/schema\/person\/a6db8b0bfca231546dc925c41aead319"},"headline":"El colof\u00f3n de los tiempos\u00a0","datePublished":"2025-10-19T16:58:40+00:00","dateModified":"2025-10-20T13:48:07+00:00","mainEntityOfPage":{"@id":"https:\/\/cenal.gob.ve\/?p=26491"},"wordCount":773,"commentCount":0,"publisher":{"@id":"https:\/\/cenal.gob.ve\/#organization"},"keywords":["Literatura","Novelas"],"articleSection":["Lecturas","Ojo por hoja"],"inLanguage":"es","potentialAction":[{"@type":"CommentAction","name":"Comment","target":["https:\/\/cenal.gob.ve\/?p=26491#respond"]}]},{"@type":"WebPage","@id":"https:\/\/cenal.gob.ve\/?p=26491","url":"https:\/\/cenal.gob.ve\/?p=26491","name":"El colof\u00f3n de los tiempos\u00a0","isPartOf":{"@id":"https:\/\/cenal.gob.ve\/#website"},"datePublished":"2025-10-19T16:58:40+00:00","dateModified":"2025-10-20T13:48:07+00:00","description":"Huaco retrato\u00a0no pretende ser una revisi\u00f3n personal de d\u00f3nde venimos, como tampoco hacia d\u00f3nde vamos","breadcrumb":{"@id":"https:\/\/cenal.gob.ve\/?p=26491#breadcrumb"},"inLanguage":"es","potentialAction":[{"@type":"ReadAction","target":["https:\/\/cenal.gob.ve\/?p=26491"]}]},{"@type":"BreadcrumbList","@id":"https:\/\/cenal.gob.ve\/?p=26491#breadcrumb","itemListElement":[{"@type":"ListItem","position":1,"name":"Home","item":"https:\/\/cenal.gob.ve\/"},{"@type":"ListItem","position":2,"name":"El colof\u00f3n de los tiempos\u00a0"}]},{"@type":"WebSite","@id":"https:\/\/cenal.gob.ve\/#website","url":"https:\/\/cenal.gob.ve\/","name":"Cenal","description":"","publisher":{"@id":"https:\/\/cenal.gob.ve\/#organization"},"potentialAction":[{"@type":"SearchAction","target":{"@type":"EntryPoint","urlTemplate":"https:\/\/cenal.gob.ve\/?s={search_term_string}"},"query-input":"required name=search_term_string"}],"inLanguage":"es"},{"@type":"Organization","@id":"https:\/\/cenal.gob.ve\/#organization","name":"CENAL","url":"https:\/\/cenal.gob.ve\/","sameAs":[],"logo":{"@type":"ImageObject","inLanguage":"es","@id":"https:\/\/cenal.gob.ve\/#\/schema\/logo\/image\/","url":"https:\/\/i0.wp.com\/cenal.gob.ve\/wp-content\/uploads\/2022\/10\/cropped-images.jpg?fit=512%2C512","contentUrl":"https:\/\/i0.wp.com\/cenal.gob.ve\/wp-content\/uploads\/2022\/10\/cropped-images.jpg?fit=512%2C512","width":512,"height":512,"caption":"CENAL"},"image":{"@id":"https:\/\/cenal.gob.ve\/#\/schema\/logo\/image\/"}},{"@type":"Person","@id":"https:\/\/cenal.gob.ve\/#\/schema\/person\/a6db8b0bfca231546dc925c41aead319","name":"Ra\u00fal Cazal","image":{"@type":"ImageObject","inLanguage":"es","@id":"https:\/\/cenal.gob.ve\/#\/schema\/person\/image\/","url":"https:\/\/secure.gravatar.com\/avatar\/efcec262923fa6cdb1746d5c7c9fb742?s=96&d=mm&r=g","contentUrl":"https:\/\/secure.gravatar.com\/avatar\/efcec262923fa6cdb1746d5c7c9fb742?s=96&d=mm&r=g","caption":"Ra\u00fal Cazal"},"description":"Escritor, periodista y editor. Presidente del Centro Nacional del Libro desde noviembre de 2018. En febrero de 2019 asume la Direcci\u00f3n General de la Fundaci\u00f3n Editorial El perro y la rana y en agosto es nombrado Viceministro de Fomento para la Econom\u00eda Cultural. Es autor de los libros\u00a0de cuentos El bolero se baila pegadito (1988), Todo tiene su final (1992) y de poes\u00eda Algunas cuestiones sin importancia (1994). Es coautor con Freddy Fern\u00e1ndez del ensayo A qui\u00e9n le importa la opini\u00f3n de un ciego (2006). Gracias, medios de comunicaci\u00f3n (2018) fue merecedor del Premio Nacional de Periodismo en 2019, menci\u00f3n Libro. Actualmente dirige y conduce Las formas del libro.","url":"https:\/\/cenal.gob.ve\/?author=9"}]}},"jetpack_featured_media_url":"https:\/\/cenal.gob.ve\/wp-content\/uploads\/2025\/10\/IMG_4813.jpeg","jetpack_publicize_connections":[],"jetpack_shortlink":"https:\/\/wp.me\/p5FMhp-6Th","_links":{"self":[{"href":"https:\/\/cenal.gob.ve\/index.php?rest_route=\/wp\/v2\/posts\/26491"}],"collection":[{"href":"https:\/\/cenal.gob.ve\/index.php?rest_route=\/wp\/v2\/posts"}],"about":[{"href":"https:\/\/cenal.gob.ve\/index.php?rest_route=\/wp\/v2\/types\/post"}],"author":[{"embeddable":true,"href":"https:\/\/cenal.gob.ve\/index.php?rest_route=\/wp\/v2\/users\/9"}],"replies":[{"embeddable":true,"href":"https:\/\/cenal.gob.ve\/index.php?rest_route=%2Fwp%2Fv2%2Fcomments&post=26491"}],"version-history":[{"count":3,"href":"https:\/\/cenal.gob.ve\/index.php?rest_route=\/wp\/v2\/posts\/26491\/revisions"}],"predecessor-version":[{"id":26498,"href":"https:\/\/cenal.gob.ve\/index.php?rest_route=\/wp\/v2\/posts\/26491\/revisions\/26498"}],"wp:featuredmedia":[{"embeddable":true,"href":"https:\/\/cenal.gob.ve\/index.php?rest_route=\/wp\/v2\/media\/26487"}],"wp:attachment":[{"href":"https:\/\/cenal.gob.ve\/index.php?rest_route=%2Fwp%2Fv2%2Fmedia&parent=26491"}],"wp:term":[{"taxonomy":"category","embeddable":true,"href":"https:\/\/cenal.gob.ve\/index.php?rest_route=%2Fwp%2Fv2%2Fcategories&post=26491"},{"taxonomy":"post_tag","embeddable":true,"href":"https:\/\/cenal.gob.ve\/index.php?rest_route=%2Fwp%2Fv2%2Ftags&post=26491"}],"curies":[{"name":"wp","href":"https:\/\/api.w.org\/{rel}","templated":true}]}}