{"id":26502,"date":"2025-10-24T02:54:23","date_gmt":"2025-10-24T06:54:23","guid":{"rendered":"https:\/\/cenal.gob.ve\/?p=26502"},"modified":"2025-10-24T02:54:29","modified_gmt":"2025-10-24T06:54:29","slug":"inaugurada-la-21-a-filven-en-zulia-como-ejercicio-de-soberania-cultural","status":"publish","type":"post","link":"https:\/\/cenal.gob.ve\/?p=26502","title":{"rendered":"Inaugurada la 21.\u00aa Filven en Zulia como ejercicio de soberan\u00eda cultural"},"content":{"rendered":"\n<p>Este jueves 23 de octubre se inaugur\u00f3 la 21.\u00aa Filven Zulia en la Biblioteca P\u00fablica del Zulia Mar\u00eda Calca\u00f1o, en la parroquia Santa Luc\u00eda de Maracaibo, con la participaci\u00f3n de 39 expositores y el inicio de una amplia programaci\u00f3n literaria para todas las edades que se extender\u00e1 hasta este s\u00e1bado 25, bajo el lema Leer humaniza.<\/p>\n\n\n\n<p>El acto estuvo encabezado por el gobernador del Zulia, Luis Caldera, y el ministro del Poder Popular para la Cultura, Ernesto Villegas, acompa\u00f1ados por el viceministro de Fomento para la Econom\u00eda Cultural y presidente del Centro Nacional del Libro (Cenal), Ra\u00fal Cazal; el viceministro de Cultura Audiovisual, Sergio Arrias; la directora del Gabinete Estadal de Cultura de Zulia, Keyla Gonz\u00e1lez, y las escritoras regionales homenajeadas Adelfa Giovanni y Neida Atencio, entre otras autoridades e invitados regionales.<\/p>\n\n\n\n<p>El gobernador Luis Caldera afirm\u00f3 que esta fiesta literaria es \u201cel esfuerzo de so\u00f1adores y so\u00f1adoras que no se entregan, que siempre mantienen su convicci\u00f3n intacta de poner al ser humano como el centro de la vida, que no se dejan amedrentar en estos tiempos de amenaza, en este tiempo de crisis sist\u00e9mica de tantas cosas\u201d.<\/p>\n\n\n\n<p>Agreg\u00f3: \u201cAqu\u00ed est\u00e1n las mujeres y los hombres de Santa Rosa, aqu\u00ed est\u00e1n los hombres y mujeres de Col\u00f3n con sus piraguas, est\u00e1n los hombres y mujeres de La Guajira, est\u00e1n los hombres y mujeres de Machiques, est\u00e1n los hombres y mujeres de la gaita, de la escritura, de la danza y de todo lo que es el Zulia Grande\u201d.<\/p>\n\n\n\n<figure class=\"wp-block-image\"><img src=\"https:\/\/filven.com\/wp-content\/uploads\/2025\/10\/1000325948-1024x682.jpg\" alt=\"\" class=\"wp-image-28066\"\/><\/figure>\n\n\n\n<p>Por su parte, el&nbsp;ministro&nbsp;Ernesto Villegas destac\u00f3 la inauguraci\u00f3n de esta edici\u00f3n regional de la Filven como un ejercicio de soberan\u00eda cultural \u201cm\u00e1s aun en esta tierra sagrada como es el estado Zulia\u201d y refiri\u00f3 que esta entidad forma la primera fila de defensa de la soberan\u00eda nacional desde el punto de vista territorial.<\/p>\n\n\n\n<p>Record\u00f3 que Zulia \u201catesora el origen de nuestra identidad\u201d en referencia a c\u00f3mo se origin\u00f3 el nombre de Venezuela como \u201cprovincia de agua grande\u201d.<\/p>\n\n\n\n<p>Sostuvo que si bien existe una versi\u00f3n hist\u00f3rica que relaciona el origen del nombre del pa\u00eds con la peque\u00f1a Venecia \u201cporque Am\u00e9rico Vespucio cuando vio los palafitos del Lago compar\u00f3 aquello con Venecia\u201d, tambi\u00e9n existen evidencias de que esta ser\u00eda una construcci\u00f3n posterior a Vespucio.<\/p>\n\n\n\n<figure class=\"wp-block-image\"><img src=\"https:\/\/filven.com\/wp-content\/uploads\/2025\/10\/1000325971-1024x683.jpg\" alt=\"\" class=\"wp-image-28067\"\/><\/figure>\n\n\n\n<p>\u201cYo no puedo llegar a una conclusi\u00f3n, pero s\u00ed puedo exigir que reivindiquemos la existencia de otra versi\u00f3n. Porque vaya usted qu\u00e9 significaci\u00f3n tiene el que en lugar de andar caminando con la peque\u00f1a Venecia, nosotros pudi\u00e9ramos estar caminando con la provincia de agua grande\u201d.<\/p>\n\n\n\n<p>En ese contexto, manifest\u00f3 sentirse orgulloso de estar en tierra zuliana, \u201cdonde nace la palabra Venezuela y que en mi coraz\u00f3n me dice Agua Grande, que es nuestro Lago, que es nuestra costa, que son nuestros pescadores, que es nuestro mar Caribe, por donde nos atacan, donde nos amenazan, donde asesinan los imperialistas a nuestros compatriotas\u201d.<\/p>\n\n\n\n<figure class=\"wp-block-image\"><img src=\"https:\/\/filven.com\/wp-content\/uploads\/2025\/10\/1000325968-1024x682.jpg\" alt=\"\" class=\"wp-image-28068\"\/><\/figure>\n\n\n\n<p>A prop\u00f3sito de las acciones del imperialismo desde el mar Caribe, el viceministro de Cultura y presidente del Cenal, Ra\u00fal Cazal, se\u00f1al\u00f3 que hay eventos culturales como la Filven donde se promueve la lectura y el pensamiento cr\u00edtico.<\/p>\n\n\n\n<p>En la Filven Zulia \u201ctenemos escritores y escritoras, tenemos libros que nos van a permitir entendernos a nosotros, ver lo que nosotros queremos\u201d, dijo el viceministro Cazal.<\/p>\n\n\n\n<p><strong>Desde Guayana Esequiba al Zulia<\/strong><\/p>\n\n\n\n<p>Con esta inauguraci\u00f3n de la Filven en Maracaibo el estado Zulia se convierte en el segundo en recibir la m\u00e1xima fiesta del libro y la lectura del pa\u00eds en su recorrido regional, luego de haberse realizado exitosamente la Filven en Tumeremo, capital administrativa del estado Guayana Esequiba, donde tuvo lugar por primera vez.<\/p>\n\n\n\n<p>La Filven Zulia permanecer\u00e1 abierta al p\u00fablico hasta el s\u00e1bado 25 de octubre, con m\u00e1s de 80 actividades entre presentaciones de libros, foros, exposiciones art\u00edsticas, talleres, conferencias, conversatorios y muchas otras actividades incluyendo el pabell\u00f3n infantil.<\/p>\n\n\n\n<figure class=\"wp-block-image\"><img src=\"https:\/\/filven.com\/wp-content\/uploads\/2025\/10\/1000325970-1024x682.jpg\" alt=\"\" class=\"wp-image-28071\"\/><\/figure>\n\n\n\n<p>El p\u00fablico podr\u00e1 acceder a diferentes novedades literarias de editoriales p\u00fablicas, privadas e independientes, como los t\u00edtulos de El perro y la rana, Monte \u00c1vila y Biblioteca Ayacucho, adscritas al Ministerio del Poder Popular para la Cultura (MPPC).<\/p>\n\n\n\n<p>La cita literaria&nbsp; es&nbsp;en la&nbsp; &nbsp;Biblioteca P\u00fablica del Zulia \u201cMar\u00eda Calca\u00f1o\u201d, ubicada en la &nbsp;avenida El Milagro, en&nbsp; Maracaibo, en horario de 10:00 a. m. a 6:00 p. m. los d\u00edas jueves y viernes y hasta las 5:00 p. m. el s\u00e1bado, con entrada libre.&nbsp;&nbsp;<\/p>\n\n\n\n<p>Participan 39 expositores, entre ellos Librer\u00edas del Sur&nbsp; y&nbsp; el Observatorio Venezolano Antibloqueo.<\/p>\n\n\n\n<p>La Filven Zulia rinde homenaje a las escritoras Adelfa Giovanni, poeta, ensayista y promotora cultural, y Neida Atencio, autora especializada en literatura infantil, comunicaci\u00f3n y cultura.<\/p>\n\n\n\n<p>Asimismo, la 21.\u00aa Zulia rinde homenaje en el \u00e1mbito nacional a los escritores Judith Valencia, Esteban Emilio Mosonyi, Marc de Civrieux, Gonzalo Fragui y Juan Calzadilla.<\/p>\n\n\n\n<p>La Filven Zulia es organizada por el Ministerio del Poder Popular para la Cultura (MPPC), a trav\u00e9s del Centro Nacional del Libro (Cenal) y el Gabinete Estadal de Cultura de Zulia, en coordinaci\u00f3n con la Gobernaci\u00f3n del Zulia y las alcald\u00edas de Maracaibo y San Francisco.<\/p>\n\n\n\n<figure class=\"wp-block-image\"><img src=\"https:\/\/filven.com\/wp-content\/uploads\/2025\/10\/1000325966-1024x682.jpg\" alt=\"\" class=\"wp-image-28070\"\/><\/figure>\n\n\n\n<figure class=\"wp-block-image\"><img src=\"https:\/\/filven.com\/wp-content\/uploads\/2025\/10\/1000325965-1024x682.jpg\" alt=\"\" class=\"wp-image-28072\"\/><\/figure>\n\n\n\n<figure class=\"wp-block-image\"><img src=\"https:\/\/filven.com\/wp-content\/uploads\/2025\/10\/1000325962-1024x682.jpg\" alt=\"\" class=\"wp-image-28080\"\/><\/figure>\n\n\n\n<figure class=\"wp-block-image\"><img src=\"https:\/\/filven.com\/wp-content\/uploads\/2025\/10\/1000325973-1024x682.jpg\" alt=\"\" class=\"wp-image-28064\"\/><\/figure>\n","protected":false},"excerpt":{"rendered":"<p>Este jueves 23 de octubre se inaugur\u00f3 la 21.\u00aa Filven Zulia en la Biblioteca P\u00fablica del Zulia Mar\u00eda Calca\u00f1o, en la parroquia Santa Luc\u00eda de Maracaibo, con la participaci\u00f3n de [&hellip;]<\/p>\n","protected":false},"author":10,"featured_media":26503,"comment_status":"open","ping_status":"closed","sticky":false,"template":"","format":"standard","meta":{"spay_email":"","jetpack_publicize_message":"","jetpack_is_tweetstorm":false,"jetpack_publicize_feature_enabled":true},"categories":[2,12],"tags":[],"yoast_head":"<!-- This site is optimized with the Yoast SEO plugin v19.8 - https:\/\/yoast.com\/wordpress\/plugins\/seo\/ -->\n<title>Inaugurada la 21.\u00aa Filven en Zulia como ejercicio de soberan\u00eda cultural<\/title>\n<meta name=\"robots\" content=\"index, follow, max-snippet:-1, max-image-preview:large, max-video-preview:-1\" \/>\n<link rel=\"canonical\" href=\"https:\/\/cenal.gob.ve\/?p=26502\" \/>\n<meta property=\"og:locale\" content=\"es_ES\" \/>\n<meta property=\"og:type\" content=\"article\" \/>\n<meta property=\"og:title\" content=\"Inaugurada la 21.\u00aa Filven en Zulia como ejercicio de soberan\u00eda cultural\" \/>\n<meta property=\"og:description\" content=\"Este jueves 23 de octubre se inaugur\u00f3 la 21.\u00aa Filven Zulia en la Biblioteca P\u00fablica del Zulia Mar\u00eda Calca\u00f1o, en la parroquia Santa Luc\u00eda de Maracaibo, con la participaci\u00f3n de [&hellip;]\" \/>\n<meta property=\"og:url\" content=\"https:\/\/cenal.gob.ve\/?p=26502\" \/>\n<meta property=\"og:site_name\" content=\"Cenal\" \/>\n<meta property=\"article:published_time\" content=\"2025-10-24T06:54:23+00:00\" \/>\n<meta property=\"article:modified_time\" content=\"2025-10-24T06:54:29+00:00\" \/>\n<meta property=\"og:image\" content=\"http:\/\/cenal.gob.ve\/wp-content\/uploads\/2025\/10\/IMG_20251023_173201_333.jpg\" \/>\n\t<meta property=\"og:image:width\" content=\"1280\" \/>\n\t<meta property=\"og:image:height\" content=\"853\" \/>\n\t<meta property=\"og:image:type\" content=\"image\/jpeg\" \/>\n<meta name=\"author\" content=\"Prensa Cenal\" \/>\n<meta name=\"twitter:card\" content=\"summary_large_image\" \/>\n<meta name=\"twitter:label1\" content=\"Written by\" \/>\n\t<meta name=\"twitter:data1\" content=\"Prensa Cenal\" \/>\n\t<meta name=\"twitter:label2\" content=\"Est. reading time\" \/>\n\t<meta name=\"twitter:data2\" content=\"6 minutos\" \/>\n<script type=\"application\/ld+json\" class=\"yoast-schema-graph\">{\"@context\":\"https:\/\/schema.org\",\"@graph\":[{\"@type\":\"Article\",\"@id\":\"https:\/\/cenal.gob.ve\/?p=26502#article\",\"isPartOf\":{\"@id\":\"https:\/\/cenal.gob.ve\/?p=26502\"},\"author\":{\"name\":\"Prensa Cenal\",\"@id\":\"https:\/\/cenal.gob.ve\/#\/schema\/person\/e3ed34623f400ffab8bc7a63b2f5533f\"},\"headline\":\"Inaugurada la 21.\u00aa Filven en Zulia como ejercicio de soberan\u00eda cultural\",\"datePublished\":\"2025-10-24T06:54:23+00:00\",\"dateModified\":\"2025-10-24T06:54:29+00:00\",\"mainEntityOfPage\":{\"@id\":\"https:\/\/cenal.gob.ve\/?p=26502\"},\"wordCount\":906,\"commentCount\":0,\"publisher\":{\"@id\":\"https:\/\/cenal.gob.ve\/#organization\"},\"articleSection\":[\"Cenal\",\"Filven\"],\"inLanguage\":\"es\",\"potentialAction\":[{\"@type\":\"CommentAction\",\"name\":\"Comment\",\"target\":[\"https:\/\/cenal.gob.ve\/?p=26502#respond\"]}]},{\"@type\":\"WebPage\",\"@id\":\"https:\/\/cenal.gob.ve\/?p=26502\",\"url\":\"https:\/\/cenal.gob.ve\/?p=26502\",\"name\":\"Inaugurada la 21.\u00aa Filven en Zulia como ejercicio de soberan\u00eda cultural\",\"isPartOf\":{\"@id\":\"https:\/\/cenal.gob.ve\/#website\"},\"datePublished\":\"2025-10-24T06:54:23+00:00\",\"dateModified\":\"2025-10-24T06:54:29+00:00\",\"breadcrumb\":{\"@id\":\"https:\/\/cenal.gob.ve\/?p=26502#breadcrumb\"},\"inLanguage\":\"es\",\"potentialAction\":[{\"@type\":\"ReadAction\",\"target\":[\"https:\/\/cenal.gob.ve\/?p=26502\"]}]},{\"@type\":\"BreadcrumbList\",\"@id\":\"https:\/\/cenal.gob.ve\/?p=26502#breadcrumb\",\"itemListElement\":[{\"@type\":\"ListItem\",\"position\":1,\"name\":\"Home\",\"item\":\"https:\/\/cenal.gob.ve\/\"},{\"@type\":\"ListItem\",\"position\":2,\"name\":\"Inaugurada la 21.\u00aa Filven en Zulia como ejercicio de soberan\u00eda cultural\"}]},{\"@type\":\"WebSite\",\"@id\":\"https:\/\/cenal.gob.ve\/#website\",\"url\":\"https:\/\/cenal.gob.ve\/\",\"name\":\"Cenal\",\"description\":\"\",\"publisher\":{\"@id\":\"https:\/\/cenal.gob.ve\/#organization\"},\"potentialAction\":[{\"@type\":\"SearchAction\",\"target\":{\"@type\":\"EntryPoint\",\"urlTemplate\":\"https:\/\/cenal.gob.ve\/?s={search_term_string}\"},\"query-input\":\"required name=search_term_string\"}],\"inLanguage\":\"es\"},{\"@type\":\"Organization\",\"@id\":\"https:\/\/cenal.gob.ve\/#organization\",\"name\":\"CENAL\",\"url\":\"https:\/\/cenal.gob.ve\/\",\"sameAs\":[],\"logo\":{\"@type\":\"ImageObject\",\"inLanguage\":\"es\",\"@id\":\"https:\/\/cenal.gob.ve\/#\/schema\/logo\/image\/\",\"url\":\"https:\/\/i0.wp.com\/cenal.gob.ve\/wp-content\/uploads\/2022\/10\/cropped-images.jpg?fit=512%2C512\",\"contentUrl\":\"https:\/\/i0.wp.com\/cenal.gob.ve\/wp-content\/uploads\/2022\/10\/cropped-images.jpg?fit=512%2C512\",\"width\":512,\"height\":512,\"caption\":\"CENAL\"},\"image\":{\"@id\":\"https:\/\/cenal.gob.ve\/#\/schema\/logo\/image\/\"}},{\"@type\":\"Person\",\"@id\":\"https:\/\/cenal.gob.ve\/#\/schema\/person\/e3ed34623f400ffab8bc7a63b2f5533f\",\"name\":\"Prensa Cenal\",\"image\":{\"@type\":\"ImageObject\",\"inLanguage\":\"es\",\"@id\":\"https:\/\/cenal.gob.ve\/#\/schema\/person\/image\/\",\"url\":\"https:\/\/secure.gravatar.com\/avatar\/594b4ed34090910c619ac3679001d491?s=96&d=mm&r=g\",\"contentUrl\":\"https:\/\/secure.gravatar.com\/avatar\/594b4ed34090910c619ac3679001d491?s=96&d=mm&r=g\",\"caption\":\"Prensa Cenal\"},\"url\":\"https:\/\/cenal.gob.ve\/?author=10\"}]}<\/script>\n<!-- \/ Yoast SEO plugin. -->","yoast_head_json":{"title":"Inaugurada la 21.\u00aa Filven en Zulia como ejercicio de soberan\u00eda cultural","robots":{"index":"index","follow":"follow","max-snippet":"max-snippet:-1","max-image-preview":"max-image-preview:large","max-video-preview":"max-video-preview:-1"},"canonical":"https:\/\/cenal.gob.ve\/?p=26502","og_locale":"es_ES","og_type":"article","og_title":"Inaugurada la 21.\u00aa Filven en Zulia como ejercicio de soberan\u00eda cultural","og_description":"Este jueves 23 de octubre se inaugur\u00f3 la 21.\u00aa Filven Zulia en la Biblioteca P\u00fablica del Zulia Mar\u00eda Calca\u00f1o, en la parroquia Santa Luc\u00eda de Maracaibo, con la participaci\u00f3n de [&hellip;]","og_url":"https:\/\/cenal.gob.ve\/?p=26502","og_site_name":"Cenal","article_published_time":"2025-10-24T06:54:23+00:00","article_modified_time":"2025-10-24T06:54:29+00:00","og_image":[{"width":1280,"height":853,"url":"http:\/\/cenal.gob.ve\/wp-content\/uploads\/2025\/10\/IMG_20251023_173201_333.jpg","type":"image\/jpeg"}],"author":"Prensa Cenal","twitter_card":"summary_large_image","twitter_misc":{"Written by":"Prensa Cenal","Est. reading time":"6 minutos"},"schema":{"@context":"https:\/\/schema.org","@graph":[{"@type":"Article","@id":"https:\/\/cenal.gob.ve\/?p=26502#article","isPartOf":{"@id":"https:\/\/cenal.gob.ve\/?p=26502"},"author":{"name":"Prensa Cenal","@id":"https:\/\/cenal.gob.ve\/#\/schema\/person\/e3ed34623f400ffab8bc7a63b2f5533f"},"headline":"Inaugurada la 21.\u00aa Filven en Zulia como ejercicio de soberan\u00eda cultural","datePublished":"2025-10-24T06:54:23+00:00","dateModified":"2025-10-24T06:54:29+00:00","mainEntityOfPage":{"@id":"https:\/\/cenal.gob.ve\/?p=26502"},"wordCount":906,"commentCount":0,"publisher":{"@id":"https:\/\/cenal.gob.ve\/#organization"},"articleSection":["Cenal","Filven"],"inLanguage":"es","potentialAction":[{"@type":"CommentAction","name":"Comment","target":["https:\/\/cenal.gob.ve\/?p=26502#respond"]}]},{"@type":"WebPage","@id":"https:\/\/cenal.gob.ve\/?p=26502","url":"https:\/\/cenal.gob.ve\/?p=26502","name":"Inaugurada la 21.\u00aa Filven en Zulia como ejercicio de soberan\u00eda cultural","isPartOf":{"@id":"https:\/\/cenal.gob.ve\/#website"},"datePublished":"2025-10-24T06:54:23+00:00","dateModified":"2025-10-24T06:54:29+00:00","breadcrumb":{"@id":"https:\/\/cenal.gob.ve\/?p=26502#breadcrumb"},"inLanguage":"es","potentialAction":[{"@type":"ReadAction","target":["https:\/\/cenal.gob.ve\/?p=26502"]}]},{"@type":"BreadcrumbList","@id":"https:\/\/cenal.gob.ve\/?p=26502#breadcrumb","itemListElement":[{"@type":"ListItem","position":1,"name":"Home","item":"https:\/\/cenal.gob.ve\/"},{"@type":"ListItem","position":2,"name":"Inaugurada la 21.\u00aa Filven en Zulia como ejercicio de soberan\u00eda cultural"}]},{"@type":"WebSite","@id":"https:\/\/cenal.gob.ve\/#website","url":"https:\/\/cenal.gob.ve\/","name":"Cenal","description":"","publisher":{"@id":"https:\/\/cenal.gob.ve\/#organization"},"potentialAction":[{"@type":"SearchAction","target":{"@type":"EntryPoint","urlTemplate":"https:\/\/cenal.gob.ve\/?s={search_term_string}"},"query-input":"required name=search_term_string"}],"inLanguage":"es"},{"@type":"Organization","@id":"https:\/\/cenal.gob.ve\/#organization","name":"CENAL","url":"https:\/\/cenal.gob.ve\/","sameAs":[],"logo":{"@type":"ImageObject","inLanguage":"es","@id":"https:\/\/cenal.gob.ve\/#\/schema\/logo\/image\/","url":"https:\/\/i0.wp.com\/cenal.gob.ve\/wp-content\/uploads\/2022\/10\/cropped-images.jpg?fit=512%2C512","contentUrl":"https:\/\/i0.wp.com\/cenal.gob.ve\/wp-content\/uploads\/2022\/10\/cropped-images.jpg?fit=512%2C512","width":512,"height":512,"caption":"CENAL"},"image":{"@id":"https:\/\/cenal.gob.ve\/#\/schema\/logo\/image\/"}},{"@type":"Person","@id":"https:\/\/cenal.gob.ve\/#\/schema\/person\/e3ed34623f400ffab8bc7a63b2f5533f","name":"Prensa Cenal","image":{"@type":"ImageObject","inLanguage":"es","@id":"https:\/\/cenal.gob.ve\/#\/schema\/person\/image\/","url":"https:\/\/secure.gravatar.com\/avatar\/594b4ed34090910c619ac3679001d491?s=96&d=mm&r=g","contentUrl":"https:\/\/secure.gravatar.com\/avatar\/594b4ed34090910c619ac3679001d491?s=96&d=mm&r=g","caption":"Prensa Cenal"},"url":"https:\/\/cenal.gob.ve\/?author=10"}]}},"jetpack_featured_media_url":"https:\/\/cenal.gob.ve\/wp-content\/uploads\/2025\/10\/IMG_20251023_173201_333.jpg","jetpack_publicize_connections":[],"jetpack_shortlink":"https:\/\/wp.me\/p5FMhp-6Ts","_links":{"self":[{"href":"https:\/\/cenal.gob.ve\/index.php?rest_route=\/wp\/v2\/posts\/26502"}],"collection":[{"href":"https:\/\/cenal.gob.ve\/index.php?rest_route=\/wp\/v2\/posts"}],"about":[{"href":"https:\/\/cenal.gob.ve\/index.php?rest_route=\/wp\/v2\/types\/post"}],"author":[{"embeddable":true,"href":"https:\/\/cenal.gob.ve\/index.php?rest_route=\/wp\/v2\/users\/10"}],"replies":[{"embeddable":true,"href":"https:\/\/cenal.gob.ve\/index.php?rest_route=%2Fwp%2Fv2%2Fcomments&post=26502"}],"version-history":[{"count":1,"href":"https:\/\/cenal.gob.ve\/index.php?rest_route=\/wp\/v2\/posts\/26502\/revisions"}],"predecessor-version":[{"id":26504,"href":"https:\/\/cenal.gob.ve\/index.php?rest_route=\/wp\/v2\/posts\/26502\/revisions\/26504"}],"wp:featuredmedia":[{"embeddable":true,"href":"https:\/\/cenal.gob.ve\/index.php?rest_route=\/wp\/v2\/media\/26503"}],"wp:attachment":[{"href":"https:\/\/cenal.gob.ve\/index.php?rest_route=%2Fwp%2Fv2%2Fmedia&parent=26502"}],"wp:term":[{"taxonomy":"category","embeddable":true,"href":"https:\/\/cenal.gob.ve\/index.php?rest_route=%2Fwp%2Fv2%2Fcategories&post=26502"},{"taxonomy":"post_tag","embeddable":true,"href":"https:\/\/cenal.gob.ve\/index.php?rest_route=%2Fwp%2Fv2%2Ftags&post=26502"}],"curies":[{"name":"wp","href":"https:\/\/api.w.org\/{rel}","templated":true}]}}