{"id":26505,"date":"2025-10-24T18:21:34","date_gmt":"2025-10-24T22:21:34","guid":{"rendered":"https:\/\/cenal.gob.ve\/?p=26505"},"modified":"2025-10-24T18:21:38","modified_gmt":"2025-10-24T22:21:38","slug":"jovenes-aprenden-a-escribir-cronicas-y-minicuentos-en-filven-zulia","status":"publish","type":"post","link":"https:\/\/cenal.gob.ve\/?p=26505","title":{"rendered":"J\u00f3venes aprenden a escribir cr\u00f3nicas y minicuentos en Filven Zulia"},"content":{"rendered":"\n<p>Dos talleres dirigidos a fomentar la escritura entre j\u00f3venes facilit\u00f3 el Centro Nacional del Libro (Cenal) en la Biblioteca P\u00fablica del Zulia Mar\u00eda Calca\u00f1o, en Maracaibo, como parte de la programaci\u00f3n de la 21.a Filven instalada en la entidad zuliana.<\/p>\n\n\n\n<p>Las actividades tuvieron por nombre \u201cLo que cuenta una cr\u00f3nica\u201d y \u201cLa vida en miniatura, aproximaci\u00f3n a la escritura de minicuentos\u201d, a cargo, respectivamente, de los profesores de Literatura Jes\u00fas Madriz y Jos\u00e9 Manuel Nava.<\/p>\n\n\n\n<p>Madriz explic\u00f3 que el objetivo del taller \u201cLo que cuenta una cr\u00f3nica\u201d fue acercar a los j\u00f3venes a este g\u00e9nero literario, el cual, en sus palabras, es \u201cun g\u00e9nero h\u00edbrido y muy interesante\u201d que se nutre de fuentes literarias, period\u00edsticas e hist\u00f3ricas, basado en hechos reales llevados al texto con inventiva y originalidad.<\/p>\n\n\n\n<figure class=\"wp-block-image\"><img src=\"https:\/\/filven.com\/wp-content\/uploads\/2025\/10\/1000327284-1024x682.jpg\" alt=\"\" class=\"wp-image-28104\"\/><\/figure>\n\n\n\n<p>\u201cNo solamente busco hacer ese acercamiento desde lo conceptual del g\u00e9nero, sino que se arriesguen y se aventuren en el m\u00e1gico viaje de escribir cr\u00f3nicas\u201d, coment\u00f3.<\/p>\n\n\n\n<p>Por su parte, Nava explic\u00f3 que el taller \u201cLa vida en miniatura. Aproximaci\u00f3n a la escritura de minicuentos\u201d abord\u00f3 aspectos te\u00f3ricos sobre la conceptualizaci\u00f3n y caracter\u00edsticas del minicuento, incluyendo su extensi\u00f3n, la cual puede variar, pero que generalmente se sit\u00faa en un m\u00e1ximo de una p\u00e1gina, alrededor de doscientas palabras o, simplemente de seis, como suelen ser los ic\u00f3nicos ejemplos de Augusto Monterroso.<\/p>\n\n\n\n<p>Nava destac\u00f3 que el minicuento es una forma narrativa \u201cbastante particular\u201d emparentada con el cuento. En el taller que dirigi\u00f3 los j\u00f3venes participantes realizaron ejercicios pr\u00e1cticos para experimentar con esta forma narrativa.<\/p>\n\n\n\n<p>Madriz y Nava actualmente tambi\u00e9n facilitan el taller de narrativa para j\u00f3venes \u201cEncender la p\u00e1gina en blanco\u201d organizado por el Cenal a trav\u00e9s de la Escuela Taller de Narraci\u00f3n Venezuela (Estanave).<\/p>\n\n\n\n<figure class=\"wp-block-image\"><img src=\"https:\/\/filven.com\/wp-content\/uploads\/2025\/10\/1000327289-1024x682.jpg\" alt=\"\" class=\"wp-image-28106\"\/><\/figure>\n\n\n\n<figure class=\"wp-block-image\"><img src=\"https:\/\/filven.com\/wp-content\/uploads\/2025\/10\/1000327286-1024x682.jpg\" alt=\"\" class=\"wp-image-28107\"\/><\/figure>\n\n\n\n<figure class=\"wp-block-image\"><img src=\"https:\/\/filven.com\/wp-content\/uploads\/2025\/10\/1000327285-1024x682.jpg\" alt=\"\" class=\"wp-image-28108\"\/><\/figure>\n\n\n\n<figure class=\"wp-block-image\"><img src=\"https:\/\/filven.com\/wp-content\/uploads\/2025\/10\/1000327288-1024x682.jpg\" alt=\"\" class=\"wp-image-28109\"\/><\/figure>\n\n\n\n<p><a href=\"https:\/\/filven.com\/en-filven-zulia-reflexionan-sobre-el-autorreconocimiento-etnico\/\"><\/a><\/p>\n","protected":false},"excerpt":{"rendered":"<p>Dos talleres dirigidos a fomentar la escritura entre j\u00f3venes facilit\u00f3 el Centro Nacional del Libro (Cenal) en la Biblioteca P\u00fablica del Zulia Mar\u00eda Calca\u00f1o, en Maracaibo, como parte de la [&hellip;]<\/p>\n","protected":false},"author":10,"featured_media":26506,"comment_status":"open","ping_status":"closed","sticky":false,"template":"","format":"standard","meta":{"spay_email":"","jetpack_publicize_message":"","jetpack_is_tweetstorm":false,"jetpack_publicize_feature_enabled":true},"categories":[2,12],"tags":[],"yoast_head":"<!-- This site is optimized with the Yoast SEO plugin v19.8 - https:\/\/yoast.com\/wordpress\/plugins\/seo\/ -->\n<title>J\u00f3venes aprenden a escribir cr\u00f3nicas y minicuentos en Filven Zulia<\/title>\n<meta name=\"robots\" content=\"index, follow, max-snippet:-1, max-image-preview:large, max-video-preview:-1\" \/>\n<link rel=\"canonical\" href=\"https:\/\/cenal.gob.ve\/?p=26505\" \/>\n<meta property=\"og:locale\" content=\"es_ES\" \/>\n<meta property=\"og:type\" content=\"article\" \/>\n<meta property=\"og:title\" content=\"J\u00f3venes aprenden a escribir cr\u00f3nicas y minicuentos en Filven Zulia\" \/>\n<meta property=\"og:description\" content=\"Dos talleres dirigidos a fomentar la escritura entre j\u00f3venes facilit\u00f3 el Centro Nacional del Libro (Cenal) en la Biblioteca P\u00fablica del Zulia Mar\u00eda Calca\u00f1o, en Maracaibo, como parte de la [&hellip;]\" \/>\n<meta property=\"og:url\" content=\"https:\/\/cenal.gob.ve\/?p=26505\" \/>\n<meta property=\"og:site_name\" content=\"Cenal\" \/>\n<meta property=\"article:published_time\" content=\"2025-10-24T22:21:34+00:00\" \/>\n<meta property=\"article:modified_time\" content=\"2025-10-24T22:21:38+00:00\" \/>\n<meta property=\"og:image\" content=\"http:\/\/cenal.gob.ve\/wp-content\/uploads\/2025\/10\/IMG_20251024_163110_199.jpg\" \/>\n\t<meta property=\"og:image:width\" content=\"1280\" \/>\n\t<meta property=\"og:image:height\" content=\"853\" \/>\n\t<meta property=\"og:image:type\" content=\"image\/jpeg\" \/>\n<meta name=\"author\" content=\"Prensa Cenal\" \/>\n<meta name=\"twitter:card\" content=\"summary_large_image\" \/>\n<meta name=\"twitter:label1\" content=\"Written by\" \/>\n\t<meta name=\"twitter:data1\" content=\"Prensa Cenal\" \/>\n\t<meta name=\"twitter:label2\" content=\"Est. reading time\" \/>\n\t<meta name=\"twitter:data2\" content=\"3 minutos\" \/>\n<script type=\"application\/ld+json\" class=\"yoast-schema-graph\">{\"@context\":\"https:\/\/schema.org\",\"@graph\":[{\"@type\":\"Article\",\"@id\":\"https:\/\/cenal.gob.ve\/?p=26505#article\",\"isPartOf\":{\"@id\":\"https:\/\/cenal.gob.ve\/?p=26505\"},\"author\":{\"name\":\"Prensa Cenal\",\"@id\":\"https:\/\/cenal.gob.ve\/#\/schema\/person\/e3ed34623f400ffab8bc7a63b2f5533f\"},\"headline\":\"J\u00f3venes aprenden a escribir cr\u00f3nicas y minicuentos en Filven Zulia\",\"datePublished\":\"2025-10-24T22:21:34+00:00\",\"dateModified\":\"2025-10-24T22:21:38+00:00\",\"mainEntityOfPage\":{\"@id\":\"https:\/\/cenal.gob.ve\/?p=26505\"},\"wordCount\":326,\"commentCount\":1,\"publisher\":{\"@id\":\"https:\/\/cenal.gob.ve\/#organization\"},\"articleSection\":[\"Cenal\",\"Filven\"],\"inLanguage\":\"es\",\"potentialAction\":[{\"@type\":\"CommentAction\",\"name\":\"Comment\",\"target\":[\"https:\/\/cenal.gob.ve\/?p=26505#respond\"]}]},{\"@type\":\"WebPage\",\"@id\":\"https:\/\/cenal.gob.ve\/?p=26505\",\"url\":\"https:\/\/cenal.gob.ve\/?p=26505\",\"name\":\"J\u00f3venes aprenden a escribir cr\u00f3nicas y minicuentos en Filven Zulia\",\"isPartOf\":{\"@id\":\"https:\/\/cenal.gob.ve\/#website\"},\"datePublished\":\"2025-10-24T22:21:34+00:00\",\"dateModified\":\"2025-10-24T22:21:38+00:00\",\"breadcrumb\":{\"@id\":\"https:\/\/cenal.gob.ve\/?p=26505#breadcrumb\"},\"inLanguage\":\"es\",\"potentialAction\":[{\"@type\":\"ReadAction\",\"target\":[\"https:\/\/cenal.gob.ve\/?p=26505\"]}]},{\"@type\":\"BreadcrumbList\",\"@id\":\"https:\/\/cenal.gob.ve\/?p=26505#breadcrumb\",\"itemListElement\":[{\"@type\":\"ListItem\",\"position\":1,\"name\":\"Home\",\"item\":\"https:\/\/cenal.gob.ve\/\"},{\"@type\":\"ListItem\",\"position\":2,\"name\":\"J\u00f3venes aprenden a escribir cr\u00f3nicas y minicuentos en Filven Zulia\"}]},{\"@type\":\"WebSite\",\"@id\":\"https:\/\/cenal.gob.ve\/#website\",\"url\":\"https:\/\/cenal.gob.ve\/\",\"name\":\"Cenal\",\"description\":\"\",\"publisher\":{\"@id\":\"https:\/\/cenal.gob.ve\/#organization\"},\"potentialAction\":[{\"@type\":\"SearchAction\",\"target\":{\"@type\":\"EntryPoint\",\"urlTemplate\":\"https:\/\/cenal.gob.ve\/?s={search_term_string}\"},\"query-input\":\"required name=search_term_string\"}],\"inLanguage\":\"es\"},{\"@type\":\"Organization\",\"@id\":\"https:\/\/cenal.gob.ve\/#organization\",\"name\":\"CENAL\",\"url\":\"https:\/\/cenal.gob.ve\/\",\"sameAs\":[],\"logo\":{\"@type\":\"ImageObject\",\"inLanguage\":\"es\",\"@id\":\"https:\/\/cenal.gob.ve\/#\/schema\/logo\/image\/\",\"url\":\"https:\/\/i0.wp.com\/cenal.gob.ve\/wp-content\/uploads\/2022\/10\/cropped-images.jpg?fit=512%2C512\",\"contentUrl\":\"https:\/\/i0.wp.com\/cenal.gob.ve\/wp-content\/uploads\/2022\/10\/cropped-images.jpg?fit=512%2C512\",\"width\":512,\"height\":512,\"caption\":\"CENAL\"},\"image\":{\"@id\":\"https:\/\/cenal.gob.ve\/#\/schema\/logo\/image\/\"}},{\"@type\":\"Person\",\"@id\":\"https:\/\/cenal.gob.ve\/#\/schema\/person\/e3ed34623f400ffab8bc7a63b2f5533f\",\"name\":\"Prensa Cenal\",\"image\":{\"@type\":\"ImageObject\",\"inLanguage\":\"es\",\"@id\":\"https:\/\/cenal.gob.ve\/#\/schema\/person\/image\/\",\"url\":\"https:\/\/secure.gravatar.com\/avatar\/594b4ed34090910c619ac3679001d491?s=96&d=mm&r=g\",\"contentUrl\":\"https:\/\/secure.gravatar.com\/avatar\/594b4ed34090910c619ac3679001d491?s=96&d=mm&r=g\",\"caption\":\"Prensa Cenal\"},\"url\":\"https:\/\/cenal.gob.ve\/?author=10\"}]}<\/script>\n<!-- \/ Yoast SEO plugin. -->","yoast_head_json":{"title":"J\u00f3venes aprenden a escribir cr\u00f3nicas y minicuentos en Filven Zulia","robots":{"index":"index","follow":"follow","max-snippet":"max-snippet:-1","max-image-preview":"max-image-preview:large","max-video-preview":"max-video-preview:-1"},"canonical":"https:\/\/cenal.gob.ve\/?p=26505","og_locale":"es_ES","og_type":"article","og_title":"J\u00f3venes aprenden a escribir cr\u00f3nicas y minicuentos en Filven Zulia","og_description":"Dos talleres dirigidos a fomentar la escritura entre j\u00f3venes facilit\u00f3 el Centro Nacional del Libro (Cenal) en la Biblioteca P\u00fablica del Zulia Mar\u00eda Calca\u00f1o, en Maracaibo, como parte de la [&hellip;]","og_url":"https:\/\/cenal.gob.ve\/?p=26505","og_site_name":"Cenal","article_published_time":"2025-10-24T22:21:34+00:00","article_modified_time":"2025-10-24T22:21:38+00:00","og_image":[{"width":1280,"height":853,"url":"http:\/\/cenal.gob.ve\/wp-content\/uploads\/2025\/10\/IMG_20251024_163110_199.jpg","type":"image\/jpeg"}],"author":"Prensa Cenal","twitter_card":"summary_large_image","twitter_misc":{"Written by":"Prensa Cenal","Est. reading time":"3 minutos"},"schema":{"@context":"https:\/\/schema.org","@graph":[{"@type":"Article","@id":"https:\/\/cenal.gob.ve\/?p=26505#article","isPartOf":{"@id":"https:\/\/cenal.gob.ve\/?p=26505"},"author":{"name":"Prensa Cenal","@id":"https:\/\/cenal.gob.ve\/#\/schema\/person\/e3ed34623f400ffab8bc7a63b2f5533f"},"headline":"J\u00f3venes aprenden a escribir cr\u00f3nicas y minicuentos en Filven Zulia","datePublished":"2025-10-24T22:21:34+00:00","dateModified":"2025-10-24T22:21:38+00:00","mainEntityOfPage":{"@id":"https:\/\/cenal.gob.ve\/?p=26505"},"wordCount":326,"commentCount":1,"publisher":{"@id":"https:\/\/cenal.gob.ve\/#organization"},"articleSection":["Cenal","Filven"],"inLanguage":"es","potentialAction":[{"@type":"CommentAction","name":"Comment","target":["https:\/\/cenal.gob.ve\/?p=26505#respond"]}]},{"@type":"WebPage","@id":"https:\/\/cenal.gob.ve\/?p=26505","url":"https:\/\/cenal.gob.ve\/?p=26505","name":"J\u00f3venes aprenden a escribir cr\u00f3nicas y minicuentos en Filven Zulia","isPartOf":{"@id":"https:\/\/cenal.gob.ve\/#website"},"datePublished":"2025-10-24T22:21:34+00:00","dateModified":"2025-10-24T22:21:38+00:00","breadcrumb":{"@id":"https:\/\/cenal.gob.ve\/?p=26505#breadcrumb"},"inLanguage":"es","potentialAction":[{"@type":"ReadAction","target":["https:\/\/cenal.gob.ve\/?p=26505"]}]},{"@type":"BreadcrumbList","@id":"https:\/\/cenal.gob.ve\/?p=26505#breadcrumb","itemListElement":[{"@type":"ListItem","position":1,"name":"Home","item":"https:\/\/cenal.gob.ve\/"},{"@type":"ListItem","position":2,"name":"J\u00f3venes aprenden a escribir cr\u00f3nicas y minicuentos en Filven Zulia"}]},{"@type":"WebSite","@id":"https:\/\/cenal.gob.ve\/#website","url":"https:\/\/cenal.gob.ve\/","name":"Cenal","description":"","publisher":{"@id":"https:\/\/cenal.gob.ve\/#organization"},"potentialAction":[{"@type":"SearchAction","target":{"@type":"EntryPoint","urlTemplate":"https:\/\/cenal.gob.ve\/?s={search_term_string}"},"query-input":"required name=search_term_string"}],"inLanguage":"es"},{"@type":"Organization","@id":"https:\/\/cenal.gob.ve\/#organization","name":"CENAL","url":"https:\/\/cenal.gob.ve\/","sameAs":[],"logo":{"@type":"ImageObject","inLanguage":"es","@id":"https:\/\/cenal.gob.ve\/#\/schema\/logo\/image\/","url":"https:\/\/i0.wp.com\/cenal.gob.ve\/wp-content\/uploads\/2022\/10\/cropped-images.jpg?fit=512%2C512","contentUrl":"https:\/\/i0.wp.com\/cenal.gob.ve\/wp-content\/uploads\/2022\/10\/cropped-images.jpg?fit=512%2C512","width":512,"height":512,"caption":"CENAL"},"image":{"@id":"https:\/\/cenal.gob.ve\/#\/schema\/logo\/image\/"}},{"@type":"Person","@id":"https:\/\/cenal.gob.ve\/#\/schema\/person\/e3ed34623f400ffab8bc7a63b2f5533f","name":"Prensa Cenal","image":{"@type":"ImageObject","inLanguage":"es","@id":"https:\/\/cenal.gob.ve\/#\/schema\/person\/image\/","url":"https:\/\/secure.gravatar.com\/avatar\/594b4ed34090910c619ac3679001d491?s=96&d=mm&r=g","contentUrl":"https:\/\/secure.gravatar.com\/avatar\/594b4ed34090910c619ac3679001d491?s=96&d=mm&r=g","caption":"Prensa Cenal"},"url":"https:\/\/cenal.gob.ve\/?author=10"}]}},"jetpack_featured_media_url":"https:\/\/cenal.gob.ve\/wp-content\/uploads\/2025\/10\/IMG_20251024_163110_199.jpg","jetpack_publicize_connections":[],"jetpack_shortlink":"https:\/\/wp.me\/p5FMhp-6Tv","_links":{"self":[{"href":"https:\/\/cenal.gob.ve\/index.php?rest_route=\/wp\/v2\/posts\/26505"}],"collection":[{"href":"https:\/\/cenal.gob.ve\/index.php?rest_route=\/wp\/v2\/posts"}],"about":[{"href":"https:\/\/cenal.gob.ve\/index.php?rest_route=\/wp\/v2\/types\/post"}],"author":[{"embeddable":true,"href":"https:\/\/cenal.gob.ve\/index.php?rest_route=\/wp\/v2\/users\/10"}],"replies":[{"embeddable":true,"href":"https:\/\/cenal.gob.ve\/index.php?rest_route=%2Fwp%2Fv2%2Fcomments&post=26505"}],"version-history":[{"count":1,"href":"https:\/\/cenal.gob.ve\/index.php?rest_route=\/wp\/v2\/posts\/26505\/revisions"}],"predecessor-version":[{"id":26507,"href":"https:\/\/cenal.gob.ve\/index.php?rest_route=\/wp\/v2\/posts\/26505\/revisions\/26507"}],"wp:featuredmedia":[{"embeddable":true,"href":"https:\/\/cenal.gob.ve\/index.php?rest_route=\/wp\/v2\/media\/26506"}],"wp:attachment":[{"href":"https:\/\/cenal.gob.ve\/index.php?rest_route=%2Fwp%2Fv2%2Fmedia&parent=26505"}],"wp:term":[{"taxonomy":"category","embeddable":true,"href":"https:\/\/cenal.gob.ve\/index.php?rest_route=%2Fwp%2Fv2%2Fcategories&post=26505"},{"taxonomy":"post_tag","embeddable":true,"href":"https:\/\/cenal.gob.ve\/index.php?rest_route=%2Fwp%2Fv2%2Ftags&post=26505"}],"curies":[{"name":"wp","href":"https:\/\/api.w.org\/{rel}","templated":true}]}}