{"id":26508,"date":"2025-10-25T14:32:13","date_gmt":"2025-10-25T18:32:13","guid":{"rendered":"https:\/\/cenal.gob.ve\/?p=26508"},"modified":"2025-10-25T14:32:16","modified_gmt":"2025-10-25T18:32:16","slug":"se-activaron-los-talleres-de-dramaturgia-rodolfo-santana-en-varias-regiones-del-pais","status":"publish","type":"post","link":"https:\/\/cenal.gob.ve\/?p=26508","title":{"rendered":"Se activaron los Talleres de Dramaturgia \u201cRodolfo Santana\u201d en varias regiones del pa\u00eds"},"content":{"rendered":"\n<p>La Compa\u00f1\u00eda Nacional de Teatro (CNT) y el Centro Nacional del Libro (CENAL) han dado inicio a los Talleres de Dramaturgia \u201cRodolfo Santana\u201d 2025, una iniciativa gratuita que impulsa la formaci\u00f3n de m\u00e1s de 500 nuevos dramaturgos en varios estados del pa\u00eds. Enmarcados en el Festival de Teatro Venezolano, estos talleres se dictan en las modalidades presencial y virtual, y se extender\u00e1n hasta el mes de diciembre.<\/p>\n\n\n\n<p>El programa arranc\u00f3 esta semana con dos clases magistrales virtuales que reunieron a m\u00e1s de 40 participantes de distintos puntos del pa\u00eds: &#8220;El conflicto dram\u00e1tico&#8221;, dictada por Rodolfo Porras, y una sobre los aspectos formales de la escritura teatral, impartida por An\u00edbal Grunn.<\/p>\n\n\n\n<figure class=\"wp-block-image size-large\"><img width=\"1024\" height=\"770\" src=\"https:\/\/cenal.gob.ve\/wp-content\/uploads\/2025\/10\/1000328435-1024x770.jpg\" alt=\"\" class=\"wp-image-26511\" srcset=\"https:\/\/cenal.gob.ve\/wp-content\/uploads\/2025\/10\/1000328435-1024x770.jpg 1024w, https:\/\/cenal.gob.ve\/wp-content\/uploads\/2025\/10\/1000328435-300x226.jpg 300w, https:\/\/cenal.gob.ve\/wp-content\/uploads\/2025\/10\/1000328435-768x578.jpg 768w, https:\/\/cenal.gob.ve\/wp-content\/uploads\/2025\/10\/1000328435-640x482.jpg 640w, https:\/\/cenal.gob.ve\/wp-content\/uploads\/2025\/10\/1000328435.jpg 1280w\" sizes=\"(max-width: 1024px) 100vw, 1024px\" \/><\/figure>\n\n\n\n<p>Tambi\u00e9n iniciaron los talleres regionales. El 21 de octubre, el maestro H\u00e9ctor Castro dict\u00f3 &#8220;Dramaturgia del Teatro Comunitario&#8221;, en el Aula Virtual de la Casa de Cultura \u201cAntonio Mar\u00eda Pi\u00f1ate\u201d de la Alcald\u00eda de Guarenas, estado Miranda. Asimismo, en Maracaibo, Lolimar Su\u00e1rez dio inicio al taller \u201cEscritura teatral: De la memoria a la acci\u00f3n\u201d en la Biblioteca P\u00fablica \u201cMar\u00eda Calca\u00f1o\u201d del estado Zulia.<\/p>\n\n\n\n<figure class=\"wp-block-image size-large is-resized\"><img src=\"https:\/\/cenal.gob.ve\/wp-content\/uploads\/2025\/10\/1000328432-1024x770.jpg\" alt=\"\" class=\"wp-image-26510\" width=\"394\" height=\"296\" srcset=\"https:\/\/cenal.gob.ve\/wp-content\/uploads\/2025\/10\/1000328432-1024x770.jpg 1024w, https:\/\/cenal.gob.ve\/wp-content\/uploads\/2025\/10\/1000328432-300x226.jpg 300w, https:\/\/cenal.gob.ve\/wp-content\/uploads\/2025\/10\/1000328432-768x578.jpg 768w, https:\/\/cenal.gob.ve\/wp-content\/uploads\/2025\/10\/1000328432-640x482.jpg 640w, https:\/\/cenal.gob.ve\/wp-content\/uploads\/2025\/10\/1000328432.jpg 1280w\" sizes=\"(max-width: 394px) 100vw, 394px\" \/><\/figure>\n\n\n\n<p>Desde Guarenas, la maestra Noreida Flores, comenz\u00f3 las clases sobre dramaturgia juvenil en la Unidad Educativa Colegio CEPA, y Willian Al\u00ed Pereira inici\u00f3 el taller  \u201cDramaturgia del Teatro Pol\u00edtico\u201d en la Biblioteca P\u00fablica Central Jos\u00e9 Mar\u00eda Espa\u00f1a, ubicada en el estado La Guaira.<\/p>\n\n\n\n<p>Adicionalmente, se desarrollaron talleres bajo la modalidad virtual en varias regiones de Venezuela. Desde el Oriente, el dramaturgo Benjam\u00edn Far\u00edas imparti\u00f3 la primera clase del taller &#8220;Dramaturgia del teatro hist\u00f3rico&#8221;. Desde la capital, Jos\u00e9 Gregorio Cabello comenz\u00f3 el taller sobre dramaturgia infantil y la maestra Ligia \u00c1lvarez dio inicio al taller sobre dramaturgia y poes\u00eda.<\/p>\n\n\n\n<p><strong>A\u00fan hay chance de inscribirse<\/strong><\/p>\n\n\n\n<p>Para los capitalinos, este lunes 27 de noviembre, el maestro An\u00edbal Grunn comenzar\u00e1 el taller sobre los aspectos formales de escritura de obras de teatro; las clases ser\u00e1n en el Teatro Alberto de Paz y Mateos los d\u00edas lunes y mi\u00e9rcoles en la ma\u00f1ana.<\/p>\n\n\n\n<p>Adem\u00e1s, el mi\u00e9rcoles 29 de octubre Rodolfo Porras iniciar\u00e1 el taller \u201cEl Conflicto Dram\u00e1tico\u201d, de manera presencial, en el Museo de Arquitectura de Caracas, con clases los d\u00edas mi\u00e9rcoles y jueves en la ma\u00f1ana.<\/p>\n\n\n\n<p>Los interesados en participar en los talleres de Grunn y Porras podr\u00e1n inscribirse hasta este domingo 26 de octubre a trav\u00e9s del correo electr\u00f3nico formacionftv@gmail.com.<\/p>\n\n\n\n<p>Como parte de las actividades, tambi\u00e9n se tiene previsto transmitir en noviembre una pieza audiovisual sobre la dramaturgia de C\u00e9sar Rojas. Este material contar\u00e1 con testimonios y an\u00e1lisis de varias personalidades sobre su libro &#8220;Piezas diversas&#8221;, editado por El Perro y la Rana. <\/p>\n\n\n\n<figure class=\"wp-block-image size-large\"><img width=\"1024\" height=\"770\" src=\"https:\/\/cenal.gob.ve\/wp-content\/uploads\/2025\/10\/1000328426-1024x770.jpg\" alt=\"\" class=\"wp-image-26512\" srcset=\"https:\/\/cenal.gob.ve\/wp-content\/uploads\/2025\/10\/1000328426-1024x770.jpg 1024w, https:\/\/cenal.gob.ve\/wp-content\/uploads\/2025\/10\/1000328426-300x226.jpg 300w, https:\/\/cenal.gob.ve\/wp-content\/uploads\/2025\/10\/1000328426-768x578.jpg 768w, https:\/\/cenal.gob.ve\/wp-content\/uploads\/2025\/10\/1000328426-640x482.jpg 640w, https:\/\/cenal.gob.ve\/wp-content\/uploads\/2025\/10\/1000328426.jpg 1280w\" sizes=\"(max-width: 1024px) 100vw, 1024px\" \/><\/figure>\n\n\n\n<p><\/p>\n","protected":false},"excerpt":{"rendered":"<p>La Compa\u00f1\u00eda Nacional de Teatro (CNT) y el Centro Nacional del Libro (CENAL) han dado inicio a los Talleres de Dramaturgia \u201cRodolfo Santana\u201d 2025, una iniciativa gratuita que impulsa la [&hellip;]<\/p>\n","protected":false},"author":10,"featured_media":26509,"comment_status":"open","ping_status":"closed","sticky":false,"template":"","format":"standard","meta":{"spay_email":"","jetpack_publicize_message":"","jetpack_is_tweetstorm":false,"jetpack_publicize_feature_enabled":true},"categories":[2,249],"tags":[],"yoast_head":"<!-- This site is optimized with the Yoast SEO plugin v19.8 - https:\/\/yoast.com\/wordpress\/plugins\/seo\/ -->\n<title>Se activaron los Talleres de Dramaturgia \u201cRodolfo Santana\u201d en varias regiones del pa\u00eds<\/title>\n<meta name=\"robots\" content=\"index, follow, max-snippet:-1, max-image-preview:large, max-video-preview:-1\" \/>\n<link rel=\"canonical\" href=\"https:\/\/cenal.gob.ve\/?p=26508\" \/>\n<meta property=\"og:locale\" content=\"es_ES\" \/>\n<meta property=\"og:type\" content=\"article\" \/>\n<meta property=\"og:title\" content=\"Se activaron los Talleres de Dramaturgia \u201cRodolfo Santana\u201d en varias regiones del pa\u00eds\" \/>\n<meta property=\"og:description\" content=\"La Compa\u00f1\u00eda Nacional de Teatro (CNT) y el Centro Nacional del Libro (CENAL) han dado inicio a los Talleres de Dramaturgia \u201cRodolfo Santana\u201d 2025, una iniciativa gratuita que impulsa la [&hellip;]\" \/>\n<meta property=\"og:url\" content=\"https:\/\/cenal.gob.ve\/?p=26508\" \/>\n<meta property=\"og:site_name\" content=\"Cenal\" \/>\n<meta property=\"article:published_time\" content=\"2025-10-25T18:32:13+00:00\" \/>\n<meta property=\"article:modified_time\" content=\"2025-10-25T18:32:16+00:00\" \/>\n<meta property=\"og:image\" content=\"http:\/\/cenal.gob.ve\/wp-content\/uploads\/2025\/10\/IMG-20251025-WA0029.jpg\" \/>\n\t<meta property=\"og:image:width\" content=\"1016\" \/>\n\t<meta property=\"og:image:height\" content=\"762\" \/>\n\t<meta property=\"og:image:type\" content=\"image\/jpeg\" \/>\n<meta name=\"author\" content=\"Prensa Cenal\" \/>\n<meta name=\"twitter:card\" content=\"summary_large_image\" \/>\n<meta name=\"twitter:label1\" content=\"Written by\" \/>\n\t<meta name=\"twitter:data1\" content=\"Prensa Cenal\" \/>\n\t<meta name=\"twitter:label2\" content=\"Est. reading time\" \/>\n\t<meta name=\"twitter:data2\" content=\"3 minutos\" \/>\n<script type=\"application\/ld+json\" class=\"yoast-schema-graph\">{\"@context\":\"https:\/\/schema.org\",\"@graph\":[{\"@type\":\"Article\",\"@id\":\"https:\/\/cenal.gob.ve\/?p=26508#article\",\"isPartOf\":{\"@id\":\"https:\/\/cenal.gob.ve\/?p=26508\"},\"author\":{\"name\":\"Prensa Cenal\",\"@id\":\"https:\/\/cenal.gob.ve\/#\/schema\/person\/e3ed34623f400ffab8bc7a63b2f5533f\"},\"headline\":\"Se activaron los Talleres de Dramaturgia \u201cRodolfo Santana\u201d en varias regiones del pa\u00eds\",\"datePublished\":\"2025-10-25T18:32:13+00:00\",\"dateModified\":\"2025-10-25T18:32:16+00:00\",\"mainEntityOfPage\":{\"@id\":\"https:\/\/cenal.gob.ve\/?p=26508\"},\"wordCount\":476,\"commentCount\":0,\"publisher\":{\"@id\":\"https:\/\/cenal.gob.ve\/#organization\"},\"articleSection\":[\"Cenal\",\"CNT\"],\"inLanguage\":\"es\",\"potentialAction\":[{\"@type\":\"CommentAction\",\"name\":\"Comment\",\"target\":[\"https:\/\/cenal.gob.ve\/?p=26508#respond\"]}]},{\"@type\":\"WebPage\",\"@id\":\"https:\/\/cenal.gob.ve\/?p=26508\",\"url\":\"https:\/\/cenal.gob.ve\/?p=26508\",\"name\":\"Se activaron los Talleres de Dramaturgia \u201cRodolfo Santana\u201d en varias regiones del pa\u00eds\",\"isPartOf\":{\"@id\":\"https:\/\/cenal.gob.ve\/#website\"},\"datePublished\":\"2025-10-25T18:32:13+00:00\",\"dateModified\":\"2025-10-25T18:32:16+00:00\",\"breadcrumb\":{\"@id\":\"https:\/\/cenal.gob.ve\/?p=26508#breadcrumb\"},\"inLanguage\":\"es\",\"potentialAction\":[{\"@type\":\"ReadAction\",\"target\":[\"https:\/\/cenal.gob.ve\/?p=26508\"]}]},{\"@type\":\"BreadcrumbList\",\"@id\":\"https:\/\/cenal.gob.ve\/?p=26508#breadcrumb\",\"itemListElement\":[{\"@type\":\"ListItem\",\"position\":1,\"name\":\"Home\",\"item\":\"https:\/\/cenal.gob.ve\/\"},{\"@type\":\"ListItem\",\"position\":2,\"name\":\"Se activaron los Talleres de Dramaturgia \u201cRodolfo Santana\u201d en varias regiones del pa\u00eds\"}]},{\"@type\":\"WebSite\",\"@id\":\"https:\/\/cenal.gob.ve\/#website\",\"url\":\"https:\/\/cenal.gob.ve\/\",\"name\":\"Cenal\",\"description\":\"\",\"publisher\":{\"@id\":\"https:\/\/cenal.gob.ve\/#organization\"},\"potentialAction\":[{\"@type\":\"SearchAction\",\"target\":{\"@type\":\"EntryPoint\",\"urlTemplate\":\"https:\/\/cenal.gob.ve\/?s={search_term_string}\"},\"query-input\":\"required name=search_term_string\"}],\"inLanguage\":\"es\"},{\"@type\":\"Organization\",\"@id\":\"https:\/\/cenal.gob.ve\/#organization\",\"name\":\"CENAL\",\"url\":\"https:\/\/cenal.gob.ve\/\",\"sameAs\":[],\"logo\":{\"@type\":\"ImageObject\",\"inLanguage\":\"es\",\"@id\":\"https:\/\/cenal.gob.ve\/#\/schema\/logo\/image\/\",\"url\":\"https:\/\/i0.wp.com\/cenal.gob.ve\/wp-content\/uploads\/2022\/10\/cropped-images.jpg?fit=512%2C512\",\"contentUrl\":\"https:\/\/i0.wp.com\/cenal.gob.ve\/wp-content\/uploads\/2022\/10\/cropped-images.jpg?fit=512%2C512\",\"width\":512,\"height\":512,\"caption\":\"CENAL\"},\"image\":{\"@id\":\"https:\/\/cenal.gob.ve\/#\/schema\/logo\/image\/\"}},{\"@type\":\"Person\",\"@id\":\"https:\/\/cenal.gob.ve\/#\/schema\/person\/e3ed34623f400ffab8bc7a63b2f5533f\",\"name\":\"Prensa Cenal\",\"image\":{\"@type\":\"ImageObject\",\"inLanguage\":\"es\",\"@id\":\"https:\/\/cenal.gob.ve\/#\/schema\/person\/image\/\",\"url\":\"https:\/\/secure.gravatar.com\/avatar\/594b4ed34090910c619ac3679001d491?s=96&d=mm&r=g\",\"contentUrl\":\"https:\/\/secure.gravatar.com\/avatar\/594b4ed34090910c619ac3679001d491?s=96&d=mm&r=g\",\"caption\":\"Prensa Cenal\"},\"url\":\"https:\/\/cenal.gob.ve\/?author=10\"}]}<\/script>\n<!-- \/ Yoast SEO plugin. -->","yoast_head_json":{"title":"Se activaron los Talleres de Dramaturgia \u201cRodolfo Santana\u201d en varias regiones del pa\u00eds","robots":{"index":"index","follow":"follow","max-snippet":"max-snippet:-1","max-image-preview":"max-image-preview:large","max-video-preview":"max-video-preview:-1"},"canonical":"https:\/\/cenal.gob.ve\/?p=26508","og_locale":"es_ES","og_type":"article","og_title":"Se activaron los Talleres de Dramaturgia \u201cRodolfo Santana\u201d en varias regiones del pa\u00eds","og_description":"La Compa\u00f1\u00eda Nacional de Teatro (CNT) y el Centro Nacional del Libro (CENAL) han dado inicio a los Talleres de Dramaturgia \u201cRodolfo Santana\u201d 2025, una iniciativa gratuita que impulsa la [&hellip;]","og_url":"https:\/\/cenal.gob.ve\/?p=26508","og_site_name":"Cenal","article_published_time":"2025-10-25T18:32:13+00:00","article_modified_time":"2025-10-25T18:32:16+00:00","og_image":[{"width":1016,"height":762,"url":"http:\/\/cenal.gob.ve\/wp-content\/uploads\/2025\/10\/IMG-20251025-WA0029.jpg","type":"image\/jpeg"}],"author":"Prensa Cenal","twitter_card":"summary_large_image","twitter_misc":{"Written by":"Prensa Cenal","Est. reading time":"3 minutos"},"schema":{"@context":"https:\/\/schema.org","@graph":[{"@type":"Article","@id":"https:\/\/cenal.gob.ve\/?p=26508#article","isPartOf":{"@id":"https:\/\/cenal.gob.ve\/?p=26508"},"author":{"name":"Prensa Cenal","@id":"https:\/\/cenal.gob.ve\/#\/schema\/person\/e3ed34623f400ffab8bc7a63b2f5533f"},"headline":"Se activaron los Talleres de Dramaturgia \u201cRodolfo Santana\u201d en varias regiones del pa\u00eds","datePublished":"2025-10-25T18:32:13+00:00","dateModified":"2025-10-25T18:32:16+00:00","mainEntityOfPage":{"@id":"https:\/\/cenal.gob.ve\/?p=26508"},"wordCount":476,"commentCount":0,"publisher":{"@id":"https:\/\/cenal.gob.ve\/#organization"},"articleSection":["Cenal","CNT"],"inLanguage":"es","potentialAction":[{"@type":"CommentAction","name":"Comment","target":["https:\/\/cenal.gob.ve\/?p=26508#respond"]}]},{"@type":"WebPage","@id":"https:\/\/cenal.gob.ve\/?p=26508","url":"https:\/\/cenal.gob.ve\/?p=26508","name":"Se activaron los Talleres de Dramaturgia \u201cRodolfo Santana\u201d en varias regiones del pa\u00eds","isPartOf":{"@id":"https:\/\/cenal.gob.ve\/#website"},"datePublished":"2025-10-25T18:32:13+00:00","dateModified":"2025-10-25T18:32:16+00:00","breadcrumb":{"@id":"https:\/\/cenal.gob.ve\/?p=26508#breadcrumb"},"inLanguage":"es","potentialAction":[{"@type":"ReadAction","target":["https:\/\/cenal.gob.ve\/?p=26508"]}]},{"@type":"BreadcrumbList","@id":"https:\/\/cenal.gob.ve\/?p=26508#breadcrumb","itemListElement":[{"@type":"ListItem","position":1,"name":"Home","item":"https:\/\/cenal.gob.ve\/"},{"@type":"ListItem","position":2,"name":"Se activaron los Talleres de Dramaturgia \u201cRodolfo Santana\u201d en varias regiones del pa\u00eds"}]},{"@type":"WebSite","@id":"https:\/\/cenal.gob.ve\/#website","url":"https:\/\/cenal.gob.ve\/","name":"Cenal","description":"","publisher":{"@id":"https:\/\/cenal.gob.ve\/#organization"},"potentialAction":[{"@type":"SearchAction","target":{"@type":"EntryPoint","urlTemplate":"https:\/\/cenal.gob.ve\/?s={search_term_string}"},"query-input":"required name=search_term_string"}],"inLanguage":"es"},{"@type":"Organization","@id":"https:\/\/cenal.gob.ve\/#organization","name":"CENAL","url":"https:\/\/cenal.gob.ve\/","sameAs":[],"logo":{"@type":"ImageObject","inLanguage":"es","@id":"https:\/\/cenal.gob.ve\/#\/schema\/logo\/image\/","url":"https:\/\/i0.wp.com\/cenal.gob.ve\/wp-content\/uploads\/2022\/10\/cropped-images.jpg?fit=512%2C512","contentUrl":"https:\/\/i0.wp.com\/cenal.gob.ve\/wp-content\/uploads\/2022\/10\/cropped-images.jpg?fit=512%2C512","width":512,"height":512,"caption":"CENAL"},"image":{"@id":"https:\/\/cenal.gob.ve\/#\/schema\/logo\/image\/"}},{"@type":"Person","@id":"https:\/\/cenal.gob.ve\/#\/schema\/person\/e3ed34623f400ffab8bc7a63b2f5533f","name":"Prensa Cenal","image":{"@type":"ImageObject","inLanguage":"es","@id":"https:\/\/cenal.gob.ve\/#\/schema\/person\/image\/","url":"https:\/\/secure.gravatar.com\/avatar\/594b4ed34090910c619ac3679001d491?s=96&d=mm&r=g","contentUrl":"https:\/\/secure.gravatar.com\/avatar\/594b4ed34090910c619ac3679001d491?s=96&d=mm&r=g","caption":"Prensa Cenal"},"url":"https:\/\/cenal.gob.ve\/?author=10"}]}},"jetpack_featured_media_url":"https:\/\/cenal.gob.ve\/wp-content\/uploads\/2025\/10\/IMG-20251025-WA0029.jpg","jetpack_publicize_connections":[],"jetpack_shortlink":"https:\/\/wp.me\/p5FMhp-6Ty","_links":{"self":[{"href":"https:\/\/cenal.gob.ve\/index.php?rest_route=\/wp\/v2\/posts\/26508"}],"collection":[{"href":"https:\/\/cenal.gob.ve\/index.php?rest_route=\/wp\/v2\/posts"}],"about":[{"href":"https:\/\/cenal.gob.ve\/index.php?rest_route=\/wp\/v2\/types\/post"}],"author":[{"embeddable":true,"href":"https:\/\/cenal.gob.ve\/index.php?rest_route=\/wp\/v2\/users\/10"}],"replies":[{"embeddable":true,"href":"https:\/\/cenal.gob.ve\/index.php?rest_route=%2Fwp%2Fv2%2Fcomments&post=26508"}],"version-history":[{"count":1,"href":"https:\/\/cenal.gob.ve\/index.php?rest_route=\/wp\/v2\/posts\/26508\/revisions"}],"predecessor-version":[{"id":26513,"href":"https:\/\/cenal.gob.ve\/index.php?rest_route=\/wp\/v2\/posts\/26508\/revisions\/26513"}],"wp:featuredmedia":[{"embeddable":true,"href":"https:\/\/cenal.gob.ve\/index.php?rest_route=\/wp\/v2\/media\/26509"}],"wp:attachment":[{"href":"https:\/\/cenal.gob.ve\/index.php?rest_route=%2Fwp%2Fv2%2Fmedia&parent=26508"}],"wp:term":[{"taxonomy":"category","embeddable":true,"href":"https:\/\/cenal.gob.ve\/index.php?rest_route=%2Fwp%2Fv2%2Fcategories&post=26508"},{"taxonomy":"post_tag","embeddable":true,"href":"https:\/\/cenal.gob.ve\/index.php?rest_route=%2Fwp%2Fv2%2Ftags&post=26508"}],"curies":[{"name":"wp","href":"https:\/\/api.w.org\/{rel}","templated":true}]}}