{"id":26731,"date":"2025-11-25T15:18:08","date_gmt":"2025-11-25T19:18:08","guid":{"rendered":"https:\/\/cenal.gob.ve\/?p=26731"},"modified":"2025-11-25T15:18:14","modified_gmt":"2025-11-25T19:18:14","slug":"miguel-perez-pirela-presento-papeles-de-politica-en-filven-la-guaira","status":"publish","type":"post","link":"https:\/\/cenal.gob.ve\/?p=26731","title":{"rendered":"Miguel P\u00e9rez Pirela present\u00f3 Papeles de Pol\u00edtica en Filven La Guaira"},"content":{"rendered":"\n<p>El libro Papeles de Pol\u00edtica (1999-2025) de Miguel \u00c1ngel P\u00e9rez Pirela, coeditado por Monte \u00c1vila Editores Latinoamericana y La Iguana Ediciones, fue presentado en la 21.\u00aa Filven La Guaira.<\/p>\n\n\n\n<p>P\u00e9rez Pirela particip\u00f3 en la jornada de clausura de la fiesta literaria, donde present\u00f3 su obra junto al viceministro de Fomento para la Econom\u00eda Cultural del Ministerio del Poder Popular para la Cultura y presidente del Centro Nacional del Libro (Cenal), Ra\u00fal Cazal.<\/p>\n\n\n\n<p>En su libro Papeles de Pol\u00edtica 1999-2025, P\u00e9rez Pirela re\u00fane textos de su autor\u00eda publicados en diversas revistas y pr\u00f3logos de libros que ofrecen una visi\u00f3n integral de los desaf\u00edos sociopol\u00edticos en Latinoam\u00e9rica y el Caribe, con un foco especial en casos de intervenci\u00f3n imperialista en Venezuela y otros pa\u00edses de la regi\u00f3n, como Colombia, Bolivia, Cuba, Uruguay y Hait\u00ed.<\/p>\n\n\n\n<p>El libro aborda temas como la manipulaci\u00f3n medi\u00e1tica, la infoguerra y la importancia de los medios de comunicaci\u00f3n comunitarios en la batalla de ideas.<\/p>\n\n\n\n<figure class=\"wp-block-image\"><img src=\"https:\/\/filven.com\/wp-content\/uploads\/2025\/11\/1000381268-1024x682.jpg\" alt=\"\" class=\"wp-image-28363\"\/><\/figure>\n\n\n\n<p>El viceministro Cazal coment\u00f3 que \u201cPapeles de Pol\u00edtica nos da unas claves para entender cosas del Estado como cosas de la comunicaci\u00f3n, como lo que hoy estamos viviendo con esta amenaza, las cosas que \u00e9l ya hab\u00eda visto en alg\u00fan tiempo sobre esa invasi\u00f3n que tuvimos desde Colombia a Venezuela con unos mercenarios del narcoestado que quer\u00edan implantar, del Estado paralelo que quer\u00edan implantar a lo que estamos viviendo hoy con esta amenaza imperial\u201d.<\/p>\n\n\n\n<figure class=\"wp-block-image\"><img src=\"https:\/\/filven.com\/wp-content\/uploads\/2025\/11\/1000381267-1024x682.jpg\" alt=\"\" class=\"wp-image-28373\"\/><\/figure>\n\n\n\n<p>P\u00e9rez Pirela, quien es doctor en Filosof\u00eda Pol\u00edtica y actual coordinador internacional de la Red de Intelectuales y Artistas en Defensa de la Humanidad, indic\u00f3 que \u201cel mensaje de este libro es tratar de entender todo lo que hemos recorrido en estos 25 a\u00f1os de Revoluci\u00f3n Bolivariana\u201d.<\/p>\n\n\n\n<figure class=\"wp-block-image\"><img src=\"https:\/\/filven.com\/wp-content\/uploads\/2025\/11\/1000381269-1024x682.jpg\" alt=\"\" class=\"wp-image-28364\"\/><\/figure>\n\n\n\n<p>Coment\u00f3 que este libro se edit\u00f3 luego de haber publicado libros de narrativa. \u201cFaltaba volver nuevamente al ruedo con una obra de teor\u00eda pol\u00edtica\u201d, resalt\u00f3.<\/p>\n\n\n\n<p>La 21.\u00aa Filven La Guaira culmin\u00f3 este s\u00e1bado 22 de noviembre tras instalarse el 19 de este mes en la ciudad hist\u00f3rica de este estado, con el lema Leer humaniza.<\/p>\n\n\n\n<figure class=\"wp-block-image\"><img src=\"https:\/\/filven.com\/wp-content\/uploads\/2025\/11\/1000381271-1024x682.jpg\" alt=\"\" class=\"wp-image-28365\"\/><\/figure>\n","protected":false},"excerpt":{"rendered":"<p>El libro Papeles de Pol\u00edtica (1999-2025) de Miguel \u00c1ngel P\u00e9rez Pirela, coeditado por Monte \u00c1vila Editores Latinoamericana y La Iguana Ediciones, fue presentado en la 21.\u00aa Filven La Guaira. P\u00e9rez [&hellip;]<\/p>\n","protected":false},"author":10,"featured_media":26732,"comment_status":"open","ping_status":"closed","sticky":false,"template":"","format":"standard","meta":{"spay_email":"","jetpack_publicize_message":"","jetpack_is_tweetstorm":false,"jetpack_publicize_feature_enabled":true},"categories":[12],"tags":[],"yoast_head":"<!-- This site is optimized with the Yoast SEO plugin v19.8 - https:\/\/yoast.com\/wordpress\/plugins\/seo\/ -->\n<title>Miguel P\u00e9rez Pirela present\u00f3 Papeles de Pol\u00edtica en Filven La Guaira<\/title>\n<meta name=\"robots\" content=\"index, follow, max-snippet:-1, max-image-preview:large, max-video-preview:-1\" \/>\n<link rel=\"canonical\" href=\"https:\/\/cenal.gob.ve\/?p=26731\" \/>\n<meta property=\"og:locale\" content=\"es_ES\" \/>\n<meta property=\"og:type\" content=\"article\" \/>\n<meta property=\"og:title\" content=\"Miguel P\u00e9rez Pirela present\u00f3 Papeles de Pol\u00edtica en Filven La Guaira\" \/>\n<meta property=\"og:description\" content=\"El libro Papeles de Pol\u00edtica (1999-2025) de Miguel \u00c1ngel P\u00e9rez Pirela, coeditado por Monte \u00c1vila Editores Latinoamericana y La Iguana Ediciones, fue presentado en la 21.\u00aa Filven La Guaira. P\u00e9rez [&hellip;]\" \/>\n<meta property=\"og:url\" content=\"https:\/\/cenal.gob.ve\/?p=26731\" \/>\n<meta property=\"og:site_name\" content=\"Cenal\" \/>\n<meta property=\"article:published_time\" content=\"2025-11-25T19:18:08+00:00\" \/>\n<meta property=\"article:modified_time\" content=\"2025-11-25T19:18:14+00:00\" \/>\n<meta property=\"og:image\" content=\"http:\/\/cenal.gob.ve\/wp-content\/uploads\/2025\/11\/LA-GUIRA-MIGUEL-.jpg\" \/>\n\t<meta property=\"og:image:width\" content=\"1024\" \/>\n\t<meta property=\"og:image:height\" content=\"682\" \/>\n\t<meta property=\"og:image:type\" content=\"image\/jpeg\" \/>\n<meta name=\"author\" content=\"Prensa Cenal\" \/>\n<meta name=\"twitter:card\" content=\"summary_large_image\" \/>\n<meta name=\"twitter:label1\" content=\"Written by\" \/>\n\t<meta name=\"twitter:data1\" content=\"Prensa Cenal\" \/>\n\t<meta name=\"twitter:label2\" content=\"Est. reading time\" \/>\n\t<meta name=\"twitter:data2\" content=\"3 minutos\" \/>\n<script type=\"application\/ld+json\" class=\"yoast-schema-graph\">{\"@context\":\"https:\/\/schema.org\",\"@graph\":[{\"@type\":\"Article\",\"@id\":\"https:\/\/cenal.gob.ve\/?p=26731#article\",\"isPartOf\":{\"@id\":\"https:\/\/cenal.gob.ve\/?p=26731\"},\"author\":{\"name\":\"Prensa Cenal\",\"@id\":\"https:\/\/cenal.gob.ve\/#\/schema\/person\/e3ed34623f400ffab8bc7a63b2f5533f\"},\"headline\":\"Miguel P\u00e9rez Pirela present\u00f3 Papeles de Pol\u00edtica en Filven La Guaira\",\"datePublished\":\"2025-11-25T19:18:08+00:00\",\"dateModified\":\"2025-11-25T19:18:14+00:00\",\"mainEntityOfPage\":{\"@id\":\"https:\/\/cenal.gob.ve\/?p=26731\"},\"wordCount\":376,\"commentCount\":1,\"publisher\":{\"@id\":\"https:\/\/cenal.gob.ve\/#organization\"},\"articleSection\":[\"Filven\"],\"inLanguage\":\"es\",\"potentialAction\":[{\"@type\":\"CommentAction\",\"name\":\"Comment\",\"target\":[\"https:\/\/cenal.gob.ve\/?p=26731#respond\"]}]},{\"@type\":\"WebPage\",\"@id\":\"https:\/\/cenal.gob.ve\/?p=26731\",\"url\":\"https:\/\/cenal.gob.ve\/?p=26731\",\"name\":\"Miguel P\u00e9rez Pirela present\u00f3 Papeles de Pol\u00edtica en Filven La Guaira\",\"isPartOf\":{\"@id\":\"https:\/\/cenal.gob.ve\/#website\"},\"datePublished\":\"2025-11-25T19:18:08+00:00\",\"dateModified\":\"2025-11-25T19:18:14+00:00\",\"breadcrumb\":{\"@id\":\"https:\/\/cenal.gob.ve\/?p=26731#breadcrumb\"},\"inLanguage\":\"es\",\"potentialAction\":[{\"@type\":\"ReadAction\",\"target\":[\"https:\/\/cenal.gob.ve\/?p=26731\"]}]},{\"@type\":\"BreadcrumbList\",\"@id\":\"https:\/\/cenal.gob.ve\/?p=26731#breadcrumb\",\"itemListElement\":[{\"@type\":\"ListItem\",\"position\":1,\"name\":\"Home\",\"item\":\"https:\/\/cenal.gob.ve\/\"},{\"@type\":\"ListItem\",\"position\":2,\"name\":\"Miguel P\u00e9rez Pirela present\u00f3 Papeles de Pol\u00edtica en Filven La Guaira\"}]},{\"@type\":\"WebSite\",\"@id\":\"https:\/\/cenal.gob.ve\/#website\",\"url\":\"https:\/\/cenal.gob.ve\/\",\"name\":\"Cenal\",\"description\":\"\",\"publisher\":{\"@id\":\"https:\/\/cenal.gob.ve\/#organization\"},\"potentialAction\":[{\"@type\":\"SearchAction\",\"target\":{\"@type\":\"EntryPoint\",\"urlTemplate\":\"https:\/\/cenal.gob.ve\/?s={search_term_string}\"},\"query-input\":\"required name=search_term_string\"}],\"inLanguage\":\"es\"},{\"@type\":\"Organization\",\"@id\":\"https:\/\/cenal.gob.ve\/#organization\",\"name\":\"CENAL\",\"url\":\"https:\/\/cenal.gob.ve\/\",\"sameAs\":[],\"logo\":{\"@type\":\"ImageObject\",\"inLanguage\":\"es\",\"@id\":\"https:\/\/cenal.gob.ve\/#\/schema\/logo\/image\/\",\"url\":\"https:\/\/i0.wp.com\/cenal.gob.ve\/wp-content\/uploads\/2022\/10\/cropped-images.jpg?fit=512%2C512\",\"contentUrl\":\"https:\/\/i0.wp.com\/cenal.gob.ve\/wp-content\/uploads\/2022\/10\/cropped-images.jpg?fit=512%2C512\",\"width\":512,\"height\":512,\"caption\":\"CENAL\"},\"image\":{\"@id\":\"https:\/\/cenal.gob.ve\/#\/schema\/logo\/image\/\"}},{\"@type\":\"Person\",\"@id\":\"https:\/\/cenal.gob.ve\/#\/schema\/person\/e3ed34623f400ffab8bc7a63b2f5533f\",\"name\":\"Prensa Cenal\",\"image\":{\"@type\":\"ImageObject\",\"inLanguage\":\"es\",\"@id\":\"https:\/\/cenal.gob.ve\/#\/schema\/person\/image\/\",\"url\":\"https:\/\/secure.gravatar.com\/avatar\/594b4ed34090910c619ac3679001d491?s=96&d=mm&r=g\",\"contentUrl\":\"https:\/\/secure.gravatar.com\/avatar\/594b4ed34090910c619ac3679001d491?s=96&d=mm&r=g\",\"caption\":\"Prensa Cenal\"},\"url\":\"https:\/\/cenal.gob.ve\/?author=10\"}]}<\/script>\n<!-- \/ Yoast SEO plugin. -->","yoast_head_json":{"title":"Miguel P\u00e9rez Pirela present\u00f3 Papeles de Pol\u00edtica en Filven La Guaira","robots":{"index":"index","follow":"follow","max-snippet":"max-snippet:-1","max-image-preview":"max-image-preview:large","max-video-preview":"max-video-preview:-1"},"canonical":"https:\/\/cenal.gob.ve\/?p=26731","og_locale":"es_ES","og_type":"article","og_title":"Miguel P\u00e9rez Pirela present\u00f3 Papeles de Pol\u00edtica en Filven La Guaira","og_description":"El libro Papeles de Pol\u00edtica (1999-2025) de Miguel \u00c1ngel P\u00e9rez Pirela, coeditado por Monte \u00c1vila Editores Latinoamericana y La Iguana Ediciones, fue presentado en la 21.\u00aa Filven La Guaira. P\u00e9rez [&hellip;]","og_url":"https:\/\/cenal.gob.ve\/?p=26731","og_site_name":"Cenal","article_published_time":"2025-11-25T19:18:08+00:00","article_modified_time":"2025-11-25T19:18:14+00:00","og_image":[{"width":1024,"height":682,"url":"http:\/\/cenal.gob.ve\/wp-content\/uploads\/2025\/11\/LA-GUIRA-MIGUEL-.jpg","type":"image\/jpeg"}],"author":"Prensa Cenal","twitter_card":"summary_large_image","twitter_misc":{"Written by":"Prensa Cenal","Est. reading time":"3 minutos"},"schema":{"@context":"https:\/\/schema.org","@graph":[{"@type":"Article","@id":"https:\/\/cenal.gob.ve\/?p=26731#article","isPartOf":{"@id":"https:\/\/cenal.gob.ve\/?p=26731"},"author":{"name":"Prensa Cenal","@id":"https:\/\/cenal.gob.ve\/#\/schema\/person\/e3ed34623f400ffab8bc7a63b2f5533f"},"headline":"Miguel P\u00e9rez Pirela present\u00f3 Papeles de Pol\u00edtica en Filven La Guaira","datePublished":"2025-11-25T19:18:08+00:00","dateModified":"2025-11-25T19:18:14+00:00","mainEntityOfPage":{"@id":"https:\/\/cenal.gob.ve\/?p=26731"},"wordCount":376,"commentCount":1,"publisher":{"@id":"https:\/\/cenal.gob.ve\/#organization"},"articleSection":["Filven"],"inLanguage":"es","potentialAction":[{"@type":"CommentAction","name":"Comment","target":["https:\/\/cenal.gob.ve\/?p=26731#respond"]}]},{"@type":"WebPage","@id":"https:\/\/cenal.gob.ve\/?p=26731","url":"https:\/\/cenal.gob.ve\/?p=26731","name":"Miguel P\u00e9rez Pirela present\u00f3 Papeles de Pol\u00edtica en Filven La Guaira","isPartOf":{"@id":"https:\/\/cenal.gob.ve\/#website"},"datePublished":"2025-11-25T19:18:08+00:00","dateModified":"2025-11-25T19:18:14+00:00","breadcrumb":{"@id":"https:\/\/cenal.gob.ve\/?p=26731#breadcrumb"},"inLanguage":"es","potentialAction":[{"@type":"ReadAction","target":["https:\/\/cenal.gob.ve\/?p=26731"]}]},{"@type":"BreadcrumbList","@id":"https:\/\/cenal.gob.ve\/?p=26731#breadcrumb","itemListElement":[{"@type":"ListItem","position":1,"name":"Home","item":"https:\/\/cenal.gob.ve\/"},{"@type":"ListItem","position":2,"name":"Miguel P\u00e9rez Pirela present\u00f3 Papeles de Pol\u00edtica en Filven La Guaira"}]},{"@type":"WebSite","@id":"https:\/\/cenal.gob.ve\/#website","url":"https:\/\/cenal.gob.ve\/","name":"Cenal","description":"","publisher":{"@id":"https:\/\/cenal.gob.ve\/#organization"},"potentialAction":[{"@type":"SearchAction","target":{"@type":"EntryPoint","urlTemplate":"https:\/\/cenal.gob.ve\/?s={search_term_string}"},"query-input":"required name=search_term_string"}],"inLanguage":"es"},{"@type":"Organization","@id":"https:\/\/cenal.gob.ve\/#organization","name":"CENAL","url":"https:\/\/cenal.gob.ve\/","sameAs":[],"logo":{"@type":"ImageObject","inLanguage":"es","@id":"https:\/\/cenal.gob.ve\/#\/schema\/logo\/image\/","url":"https:\/\/i0.wp.com\/cenal.gob.ve\/wp-content\/uploads\/2022\/10\/cropped-images.jpg?fit=512%2C512","contentUrl":"https:\/\/i0.wp.com\/cenal.gob.ve\/wp-content\/uploads\/2022\/10\/cropped-images.jpg?fit=512%2C512","width":512,"height":512,"caption":"CENAL"},"image":{"@id":"https:\/\/cenal.gob.ve\/#\/schema\/logo\/image\/"}},{"@type":"Person","@id":"https:\/\/cenal.gob.ve\/#\/schema\/person\/e3ed34623f400ffab8bc7a63b2f5533f","name":"Prensa Cenal","image":{"@type":"ImageObject","inLanguage":"es","@id":"https:\/\/cenal.gob.ve\/#\/schema\/person\/image\/","url":"https:\/\/secure.gravatar.com\/avatar\/594b4ed34090910c619ac3679001d491?s=96&d=mm&r=g","contentUrl":"https:\/\/secure.gravatar.com\/avatar\/594b4ed34090910c619ac3679001d491?s=96&d=mm&r=g","caption":"Prensa Cenal"},"url":"https:\/\/cenal.gob.ve\/?author=10"}]}},"jetpack_featured_media_url":"https:\/\/cenal.gob.ve\/wp-content\/uploads\/2025\/11\/LA-GUIRA-MIGUEL-.jpg","jetpack_publicize_connections":[],"jetpack_shortlink":"https:\/\/wp.me\/p5FMhp-6X9","_links":{"self":[{"href":"https:\/\/cenal.gob.ve\/index.php?rest_route=\/wp\/v2\/posts\/26731"}],"collection":[{"href":"https:\/\/cenal.gob.ve\/index.php?rest_route=\/wp\/v2\/posts"}],"about":[{"href":"https:\/\/cenal.gob.ve\/index.php?rest_route=\/wp\/v2\/types\/post"}],"author":[{"embeddable":true,"href":"https:\/\/cenal.gob.ve\/index.php?rest_route=\/wp\/v2\/users\/10"}],"replies":[{"embeddable":true,"href":"https:\/\/cenal.gob.ve\/index.php?rest_route=%2Fwp%2Fv2%2Fcomments&post=26731"}],"version-history":[{"count":1,"href":"https:\/\/cenal.gob.ve\/index.php?rest_route=\/wp\/v2\/posts\/26731\/revisions"}],"predecessor-version":[{"id":26733,"href":"https:\/\/cenal.gob.ve\/index.php?rest_route=\/wp\/v2\/posts\/26731\/revisions\/26733"}],"wp:featuredmedia":[{"embeddable":true,"href":"https:\/\/cenal.gob.ve\/index.php?rest_route=\/wp\/v2\/media\/26732"}],"wp:attachment":[{"href":"https:\/\/cenal.gob.ve\/index.php?rest_route=%2Fwp%2Fv2%2Fmedia&parent=26731"}],"wp:term":[{"taxonomy":"category","embeddable":true,"href":"https:\/\/cenal.gob.ve\/index.php?rest_route=%2Fwp%2Fv2%2Fcategories&post=26731"},{"taxonomy":"post_tag","embeddable":true,"href":"https:\/\/cenal.gob.ve\/index.php?rest_route=%2Fwp%2Fv2%2Ftags&post=26731"}],"curies":[{"name":"wp","href":"https:\/\/api.w.org\/{rel}","templated":true}]}}