{"id":26744,"date":"2025-11-26T16:10:42","date_gmt":"2025-11-26T20:10:42","guid":{"rendered":"https:\/\/cenal.gob.ve\/?p=26744"},"modified":"2025-11-26T16:27:27","modified_gmt":"2025-11-26T20:27:27","slug":"la-21-a-filven-arriba-a-falcon-merida-nueva-esparta-y-amazonas","status":"publish","type":"post","link":"https:\/\/cenal.gob.ve\/?p=26744","title":{"rendered":"La 21.\u00aa Filven arriba a Falc\u00f3n, M\u00e9rida, Nueva Esparta y Amazonas"},"content":{"rendered":"\n<p>La 21.\u00aa Filven llega a Falc\u00f3n, M\u00e9rida, Nueva Esparta y Amazonas, bajo el lema Leer humaniza.<\/p>\n\n\n\n<p>En Falc\u00f3n la fiesta literaria se inaugur\u00f3 este mi\u00e9rcoles 26; en M\u00e9rida y Nueva Esparta se inaugurar\u00e1 este jueves 27 y en Amazonas el viernes 28.<\/p>\n\n\n\n<p>El Club Bol\u00edvar en el centro hist\u00f3rico de Coro,<br>el Centro Cultural \u201cTulio Febres Cordero\u201d en la ciudad de M\u00e9rida, la \u201cCasa de la Cultura Monse\u00f1or Nicol\u00e1s Eugenio Navarro\u201d en La Asunci\u00f3n&nbsp;y el Centro Cultural Amazonas en el casco central de&nbsp;Puerto Ayacucho se convierten en sedes de la m\u00e1xima fiesta del libro y la lectura del pa\u00eds.<\/p>\n\n\n\n<p>En Coro y La Asunci\u00f3n la feria estar\u00e1 instalada hasta el s\u00e1bado 29, mientras que en M\u00e9rida y Amazonas la cita con las letras ser\u00e1 hasta el domingo 30.<\/p>\n\n\n\n<p>El p\u00fablico puede acceder a novedades literarias y asistir a presentaciones de libros, conferencias, talleres, recitales, encuentros culturales. Tambi\u00e9n hay actividades para la mediaci\u00f3n de la lectura dirigidas a ni\u00f1as, ni\u00f1os y j\u00f3venes.<\/p>\n\n\n\n<p>Entre las novedades literarias se hallan las editadas por el Ministerio del Poder Popular para la Cultura a trav\u00e9s de El perro y la rana, Monte \u00c1vila Editores Latinoamericana y Biblioteca Ayacucho.<\/p>\n\n\n\n<p>En Filven Falcon rinden homenaje al poeta paraguanero Rub\u00e9n Dar\u00edo Tinoco, un baluarte de la palabra y la creatividad en la regi\u00f3n, quien presenta su libro El poeta de los sue\u00f1os.<\/p>\n\n\n\n<p>En M\u00e9rida&nbsp;son homenajeados Carlos P\u00e9rez y Hermes Vargas, ambos ensayistas, poetas y destacados promotores de la cultura.<\/p>\n\n\n\n<p>Reina Rada y Rodolfo Rodr\u00edguez son los homenajeados en la Filven Nueva Esparta, mientras que en Amazonas este reconocimiento se concedi\u00f3 al dramaturgo Pedro Rafael Nu\u00f1ez y a la gu\u00eda del nicho ling\u00fc\u00edstico Warekena, Miriam Yavina.<\/p>\n\n\n\n<p>La feria es organizada por el Ministerio del Poder Popular para la Cultura, a trav\u00e9s del Centro Nacional del Libro (Cenal) y Gabinetes Estadales de Cultura, en coordinaci\u00f3n con autoridades regionales.<\/p>\n\n\n\n<p>La invitaci\u00f3n est\u00e1 abierta para todos los amantes de la literatura.<\/p>\n\n\n\n<figure class=\"wp-block-image size-large\"><img width=\"819\" height=\"1024\" src=\"https:\/\/cenal.gob.ve\/wp-content\/uploads\/2025\/11\/1000388606-819x1024.jpg\" alt=\"\" class=\"wp-image-26746\" srcset=\"https:\/\/cenal.gob.ve\/wp-content\/uploads\/2025\/11\/1000388606-819x1024.jpg 819w, https:\/\/cenal.gob.ve\/wp-content\/uploads\/2025\/11\/1000388606-240x300.jpg 240w, https:\/\/cenal.gob.ve\/wp-content\/uploads\/2025\/11\/1000388606-768x960.jpg 768w, https:\/\/cenal.gob.ve\/wp-content\/uploads\/2025\/11\/1000388606-640x800.jpg 640w, https:\/\/cenal.gob.ve\/wp-content\/uploads\/2025\/11\/1000388606.jpg 1024w\" sizes=\"(max-width: 819px) 100vw, 819px\" \/><\/figure>\n\n\n\n<figure class=\"wp-block-image size-large\"><img width=\"819\" height=\"1024\" src=\"https:\/\/cenal.gob.ve\/wp-content\/uploads\/2025\/11\/1000388607-819x1024.jpg\" alt=\"\" class=\"wp-image-26747\" srcset=\"https:\/\/cenal.gob.ve\/wp-content\/uploads\/2025\/11\/1000388607-819x1024.jpg 819w, https:\/\/cenal.gob.ve\/wp-content\/uploads\/2025\/11\/1000388607-240x300.jpg 240w, https:\/\/cenal.gob.ve\/wp-content\/uploads\/2025\/11\/1000388607-768x960.jpg 768w, https:\/\/cenal.gob.ve\/wp-content\/uploads\/2025\/11\/1000388607-640x800.jpg 640w, https:\/\/cenal.gob.ve\/wp-content\/uploads\/2025\/11\/1000388607.jpg 1024w\" sizes=\"(max-width: 819px) 100vw, 819px\" \/><\/figure>\n\n\n\n<figure class=\"wp-block-image size-large\"><img width=\"820\" height=\"1024\" src=\"https:\/\/cenal.gob.ve\/wp-content\/uploads\/2025\/11\/1000388608-820x1024.jpg\" alt=\"\" class=\"wp-image-26748\" srcset=\"https:\/\/cenal.gob.ve\/wp-content\/uploads\/2025\/11\/1000388608-820x1024.jpg 820w, https:\/\/cenal.gob.ve\/wp-content\/uploads\/2025\/11\/1000388608-240x300.jpg 240w, https:\/\/cenal.gob.ve\/wp-content\/uploads\/2025\/11\/1000388608-768x959.jpg 768w, https:\/\/cenal.gob.ve\/wp-content\/uploads\/2025\/11\/1000388608-640x799.jpg 640w, https:\/\/cenal.gob.ve\/wp-content\/uploads\/2025\/11\/1000388608.jpg 1025w\" sizes=\"(max-width: 820px) 100vw, 820px\" \/><\/figure>\n\n\n\n<figure class=\"wp-block-image size-large\"><img width=\"819\" height=\"1024\" src=\"https:\/\/cenal.gob.ve\/wp-content\/uploads\/2025\/11\/1000388609-819x1024.jpg\" alt=\"\" class=\"wp-image-26749\" srcset=\"https:\/\/cenal.gob.ve\/wp-content\/uploads\/2025\/11\/1000388609-819x1024.jpg 819w, https:\/\/cenal.gob.ve\/wp-content\/uploads\/2025\/11\/1000388609-240x300.jpg 240w, https:\/\/cenal.gob.ve\/wp-content\/uploads\/2025\/11\/1000388609-768x960.jpg 768w, https:\/\/cenal.gob.ve\/wp-content\/uploads\/2025\/11\/1000388609-640x800.jpg 640w, https:\/\/cenal.gob.ve\/wp-content\/uploads\/2025\/11\/1000388609.jpg 1024w\" sizes=\"(max-width: 819px) 100vw, 819px\" \/><\/figure>\n","protected":false},"excerpt":{"rendered":"<p>La 21.\u00aa Filven llega a Falc\u00f3n, M\u00e9rida, Nueva Esparta y Amazonas, bajo el lema Leer humaniza. En Falc\u00f3n la fiesta literaria se inaugur\u00f3 este mi\u00e9rcoles 26; en M\u00e9rida y Nueva [&hellip;]<\/p>\n","protected":false},"author":10,"featured_media":26751,"comment_status":"open","ping_status":"closed","sticky":false,"template":"","format":"standard","meta":{"spay_email":"","jetpack_publicize_message":"","jetpack_is_tweetstorm":false,"jetpack_publicize_feature_enabled":true},"categories":[2,12],"tags":[],"yoast_head":"<!-- This site is optimized with the Yoast SEO plugin v19.8 - https:\/\/yoast.com\/wordpress\/plugins\/seo\/ -->\n<title>La 21.\u00aa Filven arriba a Falc\u00f3n, M\u00e9rida, Nueva Esparta y Amazonas<\/title>\n<meta name=\"robots\" content=\"index, follow, max-snippet:-1, max-image-preview:large, max-video-preview:-1\" \/>\n<link rel=\"canonical\" href=\"https:\/\/cenal.gob.ve\/?p=26744\" \/>\n<meta property=\"og:locale\" content=\"es_ES\" \/>\n<meta property=\"og:type\" content=\"article\" \/>\n<meta property=\"og:title\" content=\"La 21.\u00aa Filven arriba a Falc\u00f3n, M\u00e9rida, Nueva Esparta y Amazonas\" \/>\n<meta property=\"og:description\" content=\"La 21.\u00aa Filven llega a Falc\u00f3n, M\u00e9rida, Nueva Esparta y Amazonas, bajo el lema Leer humaniza. En Falc\u00f3n la fiesta literaria se inaugur\u00f3 este mi\u00e9rcoles 26; en M\u00e9rida y Nueva [&hellip;]\" \/>\n<meta property=\"og:url\" content=\"https:\/\/cenal.gob.ve\/?p=26744\" \/>\n<meta property=\"og:site_name\" content=\"Cenal\" \/>\n<meta property=\"article:published_time\" content=\"2025-11-26T20:10:42+00:00\" \/>\n<meta property=\"article:modified_time\" content=\"2025-11-26T20:27:27+00:00\" \/>\n<meta property=\"og:image\" content=\"http:\/\/cenal.gob.ve\/wp-content\/uploads\/2025\/11\/IMG_20251126_162538_220.jpg\" \/>\n\t<meta property=\"og:image:width\" content=\"1280\" \/>\n\t<meta property=\"og:image:height\" content=\"853\" \/>\n\t<meta property=\"og:image:type\" content=\"image\/jpeg\" \/>\n<meta name=\"author\" content=\"Prensa Cenal\" \/>\n<meta name=\"twitter:card\" content=\"summary_large_image\" \/>\n<meta name=\"twitter:label1\" content=\"Written by\" \/>\n\t<meta name=\"twitter:data1\" content=\"Prensa Cenal\" \/>\n\t<meta name=\"twitter:label2\" content=\"Est. reading time\" \/>\n\t<meta name=\"twitter:data2\" content=\"3 minutos\" \/>\n<script type=\"application\/ld+json\" class=\"yoast-schema-graph\">{\"@context\":\"https:\/\/schema.org\",\"@graph\":[{\"@type\":\"Article\",\"@id\":\"https:\/\/cenal.gob.ve\/?p=26744#article\",\"isPartOf\":{\"@id\":\"https:\/\/cenal.gob.ve\/?p=26744\"},\"author\":{\"name\":\"Prensa Cenal\",\"@id\":\"https:\/\/cenal.gob.ve\/#\/schema\/person\/e3ed34623f400ffab8bc7a63b2f5533f\"},\"headline\":\"La 21.\u00aa Filven arriba a Falc\u00f3n, M\u00e9rida, Nueva Esparta y Amazonas\",\"datePublished\":\"2025-11-26T20:10:42+00:00\",\"dateModified\":\"2025-11-26T20:27:27+00:00\",\"mainEntityOfPage\":{\"@id\":\"https:\/\/cenal.gob.ve\/?p=26744\"},\"wordCount\":367,\"commentCount\":0,\"publisher\":{\"@id\":\"https:\/\/cenal.gob.ve\/#organization\"},\"articleSection\":[\"Cenal\",\"Filven\"],\"inLanguage\":\"es\",\"potentialAction\":[{\"@type\":\"CommentAction\",\"name\":\"Comment\",\"target\":[\"https:\/\/cenal.gob.ve\/?p=26744#respond\"]}]},{\"@type\":\"WebPage\",\"@id\":\"https:\/\/cenal.gob.ve\/?p=26744\",\"url\":\"https:\/\/cenal.gob.ve\/?p=26744\",\"name\":\"La 21.\u00aa Filven arriba a Falc\u00f3n, M\u00e9rida, Nueva Esparta y Amazonas\",\"isPartOf\":{\"@id\":\"https:\/\/cenal.gob.ve\/#website\"},\"datePublished\":\"2025-11-26T20:10:42+00:00\",\"dateModified\":\"2025-11-26T20:27:27+00:00\",\"breadcrumb\":{\"@id\":\"https:\/\/cenal.gob.ve\/?p=26744#breadcrumb\"},\"inLanguage\":\"es\",\"potentialAction\":[{\"@type\":\"ReadAction\",\"target\":[\"https:\/\/cenal.gob.ve\/?p=26744\"]}]},{\"@type\":\"BreadcrumbList\",\"@id\":\"https:\/\/cenal.gob.ve\/?p=26744#breadcrumb\",\"itemListElement\":[{\"@type\":\"ListItem\",\"position\":1,\"name\":\"Home\",\"item\":\"https:\/\/cenal.gob.ve\/\"},{\"@type\":\"ListItem\",\"position\":2,\"name\":\"La 21.\u00aa Filven arriba a Falc\u00f3n, M\u00e9rida, Nueva Esparta y Amazonas\"}]},{\"@type\":\"WebSite\",\"@id\":\"https:\/\/cenal.gob.ve\/#website\",\"url\":\"https:\/\/cenal.gob.ve\/\",\"name\":\"Cenal\",\"description\":\"\",\"publisher\":{\"@id\":\"https:\/\/cenal.gob.ve\/#organization\"},\"potentialAction\":[{\"@type\":\"SearchAction\",\"target\":{\"@type\":\"EntryPoint\",\"urlTemplate\":\"https:\/\/cenal.gob.ve\/?s={search_term_string}\"},\"query-input\":\"required name=search_term_string\"}],\"inLanguage\":\"es\"},{\"@type\":\"Organization\",\"@id\":\"https:\/\/cenal.gob.ve\/#organization\",\"name\":\"CENAL\",\"url\":\"https:\/\/cenal.gob.ve\/\",\"sameAs\":[],\"logo\":{\"@type\":\"ImageObject\",\"inLanguage\":\"es\",\"@id\":\"https:\/\/cenal.gob.ve\/#\/schema\/logo\/image\/\",\"url\":\"https:\/\/i0.wp.com\/cenal.gob.ve\/wp-content\/uploads\/2022\/10\/cropped-images.jpg?fit=512%2C512\",\"contentUrl\":\"https:\/\/i0.wp.com\/cenal.gob.ve\/wp-content\/uploads\/2022\/10\/cropped-images.jpg?fit=512%2C512\",\"width\":512,\"height\":512,\"caption\":\"CENAL\"},\"image\":{\"@id\":\"https:\/\/cenal.gob.ve\/#\/schema\/logo\/image\/\"}},{\"@type\":\"Person\",\"@id\":\"https:\/\/cenal.gob.ve\/#\/schema\/person\/e3ed34623f400ffab8bc7a63b2f5533f\",\"name\":\"Prensa Cenal\",\"image\":{\"@type\":\"ImageObject\",\"inLanguage\":\"es\",\"@id\":\"https:\/\/cenal.gob.ve\/#\/schema\/person\/image\/\",\"url\":\"https:\/\/secure.gravatar.com\/avatar\/594b4ed34090910c619ac3679001d491?s=96&d=mm&r=g\",\"contentUrl\":\"https:\/\/secure.gravatar.com\/avatar\/594b4ed34090910c619ac3679001d491?s=96&d=mm&r=g\",\"caption\":\"Prensa Cenal\"},\"url\":\"https:\/\/cenal.gob.ve\/?author=10\"}]}<\/script>\n<!-- \/ Yoast SEO plugin. -->","yoast_head_json":{"title":"La 21.\u00aa Filven arriba a Falc\u00f3n, M\u00e9rida, Nueva Esparta y Amazonas","robots":{"index":"index","follow":"follow","max-snippet":"max-snippet:-1","max-image-preview":"max-image-preview:large","max-video-preview":"max-video-preview:-1"},"canonical":"https:\/\/cenal.gob.ve\/?p=26744","og_locale":"es_ES","og_type":"article","og_title":"La 21.\u00aa Filven arriba a Falc\u00f3n, M\u00e9rida, Nueva Esparta y Amazonas","og_description":"La 21.\u00aa Filven llega a Falc\u00f3n, M\u00e9rida, Nueva Esparta y Amazonas, bajo el lema Leer humaniza. En Falc\u00f3n la fiesta literaria se inaugur\u00f3 este mi\u00e9rcoles 26; en M\u00e9rida y Nueva [&hellip;]","og_url":"https:\/\/cenal.gob.ve\/?p=26744","og_site_name":"Cenal","article_published_time":"2025-11-26T20:10:42+00:00","article_modified_time":"2025-11-26T20:27:27+00:00","og_image":[{"width":1280,"height":853,"url":"http:\/\/cenal.gob.ve\/wp-content\/uploads\/2025\/11\/IMG_20251126_162538_220.jpg","type":"image\/jpeg"}],"author":"Prensa Cenal","twitter_card":"summary_large_image","twitter_misc":{"Written by":"Prensa Cenal","Est. reading time":"3 minutos"},"schema":{"@context":"https:\/\/schema.org","@graph":[{"@type":"Article","@id":"https:\/\/cenal.gob.ve\/?p=26744#article","isPartOf":{"@id":"https:\/\/cenal.gob.ve\/?p=26744"},"author":{"name":"Prensa Cenal","@id":"https:\/\/cenal.gob.ve\/#\/schema\/person\/e3ed34623f400ffab8bc7a63b2f5533f"},"headline":"La 21.\u00aa Filven arriba a Falc\u00f3n, M\u00e9rida, Nueva Esparta y Amazonas","datePublished":"2025-11-26T20:10:42+00:00","dateModified":"2025-11-26T20:27:27+00:00","mainEntityOfPage":{"@id":"https:\/\/cenal.gob.ve\/?p=26744"},"wordCount":367,"commentCount":0,"publisher":{"@id":"https:\/\/cenal.gob.ve\/#organization"},"articleSection":["Cenal","Filven"],"inLanguage":"es","potentialAction":[{"@type":"CommentAction","name":"Comment","target":["https:\/\/cenal.gob.ve\/?p=26744#respond"]}]},{"@type":"WebPage","@id":"https:\/\/cenal.gob.ve\/?p=26744","url":"https:\/\/cenal.gob.ve\/?p=26744","name":"La 21.\u00aa Filven arriba a Falc\u00f3n, M\u00e9rida, Nueva Esparta y Amazonas","isPartOf":{"@id":"https:\/\/cenal.gob.ve\/#website"},"datePublished":"2025-11-26T20:10:42+00:00","dateModified":"2025-11-26T20:27:27+00:00","breadcrumb":{"@id":"https:\/\/cenal.gob.ve\/?p=26744#breadcrumb"},"inLanguage":"es","potentialAction":[{"@type":"ReadAction","target":["https:\/\/cenal.gob.ve\/?p=26744"]}]},{"@type":"BreadcrumbList","@id":"https:\/\/cenal.gob.ve\/?p=26744#breadcrumb","itemListElement":[{"@type":"ListItem","position":1,"name":"Home","item":"https:\/\/cenal.gob.ve\/"},{"@type":"ListItem","position":2,"name":"La 21.\u00aa Filven arriba a Falc\u00f3n, M\u00e9rida, Nueva Esparta y Amazonas"}]},{"@type":"WebSite","@id":"https:\/\/cenal.gob.ve\/#website","url":"https:\/\/cenal.gob.ve\/","name":"Cenal","description":"","publisher":{"@id":"https:\/\/cenal.gob.ve\/#organization"},"potentialAction":[{"@type":"SearchAction","target":{"@type":"EntryPoint","urlTemplate":"https:\/\/cenal.gob.ve\/?s={search_term_string}"},"query-input":"required name=search_term_string"}],"inLanguage":"es"},{"@type":"Organization","@id":"https:\/\/cenal.gob.ve\/#organization","name":"CENAL","url":"https:\/\/cenal.gob.ve\/","sameAs":[],"logo":{"@type":"ImageObject","inLanguage":"es","@id":"https:\/\/cenal.gob.ve\/#\/schema\/logo\/image\/","url":"https:\/\/i0.wp.com\/cenal.gob.ve\/wp-content\/uploads\/2022\/10\/cropped-images.jpg?fit=512%2C512","contentUrl":"https:\/\/i0.wp.com\/cenal.gob.ve\/wp-content\/uploads\/2022\/10\/cropped-images.jpg?fit=512%2C512","width":512,"height":512,"caption":"CENAL"},"image":{"@id":"https:\/\/cenal.gob.ve\/#\/schema\/logo\/image\/"}},{"@type":"Person","@id":"https:\/\/cenal.gob.ve\/#\/schema\/person\/e3ed34623f400ffab8bc7a63b2f5533f","name":"Prensa Cenal","image":{"@type":"ImageObject","inLanguage":"es","@id":"https:\/\/cenal.gob.ve\/#\/schema\/person\/image\/","url":"https:\/\/secure.gravatar.com\/avatar\/594b4ed34090910c619ac3679001d491?s=96&d=mm&r=g","contentUrl":"https:\/\/secure.gravatar.com\/avatar\/594b4ed34090910c619ac3679001d491?s=96&d=mm&r=g","caption":"Prensa Cenal"},"url":"https:\/\/cenal.gob.ve\/?author=10"}]}},"jetpack_featured_media_url":"https:\/\/cenal.gob.ve\/wp-content\/uploads\/2025\/11\/IMG_20251126_162538_220.jpg","jetpack_publicize_connections":[],"jetpack_shortlink":"https:\/\/wp.me\/p5FMhp-6Xm","_links":{"self":[{"href":"https:\/\/cenal.gob.ve\/index.php?rest_route=\/wp\/v2\/posts\/26744"}],"collection":[{"href":"https:\/\/cenal.gob.ve\/index.php?rest_route=\/wp\/v2\/posts"}],"about":[{"href":"https:\/\/cenal.gob.ve\/index.php?rest_route=\/wp\/v2\/types\/post"}],"author":[{"embeddable":true,"href":"https:\/\/cenal.gob.ve\/index.php?rest_route=\/wp\/v2\/users\/10"}],"replies":[{"embeddable":true,"href":"https:\/\/cenal.gob.ve\/index.php?rest_route=%2Fwp%2Fv2%2Fcomments&post=26744"}],"version-history":[{"count":2,"href":"https:\/\/cenal.gob.ve\/index.php?rest_route=\/wp\/v2\/posts\/26744\/revisions"}],"predecessor-version":[{"id":26752,"href":"https:\/\/cenal.gob.ve\/index.php?rest_route=\/wp\/v2\/posts\/26744\/revisions\/26752"}],"wp:featuredmedia":[{"embeddable":true,"href":"https:\/\/cenal.gob.ve\/index.php?rest_route=\/wp\/v2\/media\/26751"}],"wp:attachment":[{"href":"https:\/\/cenal.gob.ve\/index.php?rest_route=%2Fwp%2Fv2%2Fmedia&parent=26744"}],"wp:term":[{"taxonomy":"category","embeddable":true,"href":"https:\/\/cenal.gob.ve\/index.php?rest_route=%2Fwp%2Fv2%2Fcategories&post=26744"},{"taxonomy":"post_tag","embeddable":true,"href":"https:\/\/cenal.gob.ve\/index.php?rest_route=%2Fwp%2Fv2%2Ftags&post=26744"}],"curies":[{"name":"wp","href":"https:\/\/api.w.org\/{rel}","templated":true}]}}