{"id":26789,"date":"2025-12-03T10:29:00","date_gmt":"2025-12-03T14:29:00","guid":{"rendered":"https:\/\/cenal.gob.ve\/?p=26789"},"modified":"2025-12-08T10:33:51","modified_gmt":"2025-12-08T14:33:51","slug":"la-21-a-filven-tachira-se-inauguro-como-espacio-para-honrar-la-historia-local","status":"publish","type":"post","link":"https:\/\/cenal.gob.ve\/?p=26789","title":{"rendered":"La 21.\u00aa Filven T\u00e1chira se inaugur\u00f3 como espacio para honrar la historia local"},"content":{"rendered":"\n<p>La 21.\u00aa Filven T\u00e1chira se inaugur\u00f3 en el Sal\u00f3n de Lectura \u201cAteneo del T\u00e1chira\u201d, municipio San Crist\u00f3bal, donde se expondr\u00e1 la oferta de editoriales p\u00fablicas y privadas junto con una programaci\u00f3n literaria que se extender\u00e1 hasta este viernes 3 de diciembre.<\/p>\n\n\n\n<p>En la actividad participaron la directora general del Gabinete Estadal de Cultura, Ysley Carrero; el director de la Direcci\u00f3n de Comunicaci\u00f3n e Informaci\u00f3n de la Gobernaci\u00f3n (DIRCI), Yepfri Arg\u00fcello; el homenajeado regional de la feria, Luis Hern\u00e1ndez, y el escritor Ubaldo Garc\u00eda.<\/p>\n\n\n\n<figure class=\"wp-block-image\"><img src=\"https:\/\/filven.com\/wp-content\/uploads\/2025\/12\/1000403624.jpg\" alt=\"\" class=\"wp-image-28743\"\/><\/figure>\n\n\n\n<p>\u201cEs gratificante tener este tipo de actividad en nuestro estado, m\u00e1s a\u00fan cuando honramos al doctor Luis Hern\u00e1ndez Contreras\u201d, expres\u00f3 Isley Carrero, quien record\u00f3 que, a diferencia de otras ediciones, \u201cesta vez decidimos homenajear la historia de nuestro San Crist\u00f3bal\u201d.<\/p>\n\n\n\n<p>En l\u00ednea con ese objetivo, el Ateneo del T\u00e1chira, que tiene m\u00e1s de 120 a\u00f1os, es el espacio id\u00f3neo para honrar la trayectoria de Hern\u00e1ndez, cronista de San Crist\u00f3bal, que \u201cha trabajado incansablemente en todo el territorio tachirense\u201d para preservar su identidad, expres\u00f3.<\/p>\n\n\n\n<figure class=\"wp-block-image\"><img src=\"https:\/\/filven.com\/wp-content\/uploads\/2025\/12\/1000404523-1024x683.jpg\" alt=\"\" class=\"wp-image-28748\"\/><\/figure>\n\n\n\n<figure class=\"wp-block-image\"><img src=\"https:\/\/filven.com\/wp-content\/uploads\/2025\/12\/1000404495.jpg\" alt=\"\" class=\"wp-image-28745\"\/><\/figure>\n\n\n\n<p>El rescate de la memoria es crucial en momentos en los cuales EE.UU. impulsa una escalada belicista en el mar Caribe, con la pretensi\u00f3n de justificar una intervenci\u00f3n en Venezuela. Frente a esas intenciones, la vida nacional evidencia la conciencia soberana de los venezolanos. \u201cEstamos en un pueblo libre, soberano, en un estado seguro y con m\u00faltiples actividades. La parte cultural forja la identidad, la memoria y la historia de un pueblo\u201d, refiri\u00f3 la directora general del Gabinete Estadal de Cultura.<\/p>\n\n\n\n<p>Carrero tambi\u00e9n llam\u00f3 a fomentar la lectura como herramienta cr\u00edtica ante el impacto de las redes sociales y las nuevas tecnolog\u00edas. \u201cEs fundamental que nuestros ni\u00f1os y j\u00f3venes tengan conciencia de trabajar lo escrito y la palabra, y no solamente la inteligencia artificial\u201d.<\/p>\n\n\n\n<p><strong>Epicentro de la lectura<\/strong><\/p>\n\n\n\n<p>Luis Hern\u00e1ndez, el homenajeado regional de esta edici\u00f3n, enfatiz\u00f3 la relevancia de la Filven como espacio de encuentro para los amantes del libro y la lectura en la entidad.<\/p>\n\n\n\n<p>\u201cEs un orgullo realizar esta feria en este sal\u00f3n de lectura, que es el epicentro de la cultura tachirense y el epicentro de las anteriores ferias del libro. Aqu\u00ed se re\u00fanen y se congregan todos los que estamos interesados por las letras y la promoci\u00f3n del libro\u201d, indic\u00f3 Hern\u00e1ndez, vicepresidente de la Asociaci\u00f3n de Cronistas y de la Academia de Historia de la entidad andina.<\/p>\n\n\n\n<figure class=\"wp-block-image\"><img src=\"https:\/\/filven.com\/wp-content\/uploads\/2025\/12\/1000404525-1024x683.jpg\" alt=\"\" class=\"wp-image-28749\"\/><\/figure>\n\n\n\n<figure class=\"wp-block-image\"><img src=\"https:\/\/filven.com\/wp-content\/uploads\/2025\/12\/1000404501.jpg\" alt=\"\" class=\"wp-image-28747\"\/><\/figure>\n\n\n\n<p>A la feria tambi\u00e9n asisten como invitados Marcela Lunar, poeta, actriz, productora, docente universitaria y gestora cultural, y Ubaldo Garc\u00eda Garc\u00eda, escritor y docente. Como invitado internacional, participa el escritor colombiano Eunaldo Amaya Loaiza.<\/p>\n\n\n\n<p>Asimismo, la 21.\u00aa T\u00e1chira rinde homenaje en el \u00e1mbito nacional a los escritores Judith Valencia, Esteban Emilio Mosonyi, Marc de Civrieux, Gonzalo Fragui y Juan Calzadilla.<\/p>\n\n\n\n<p><strong>Agenda diversa<\/strong><\/p>\n\n\n\n<p>Tras el acto inaugural, las autoridades recorrieron el recinto ferial para apreciar las novedades literarias ofrecidas por 18 expositores, como Librer\u00edas del Sur, Trinchera, Z\u00f3calo Editores, Emporio did\u00e1ctico, El rinc\u00f3n del poeta, Biblioteca de Autores y Temas Tachirenses, Fundajau, entre otros.<\/p>\n\n\n\n<p>Asimismo, se exhiben los t\u00edtulos de El perro y la rana, Monte \u00c1vila y Biblioteca Ayacucho, editoriales adscritas al Ministerio del Poder Popular para la Cultura.<\/p>\n\n\n\n<figure class=\"wp-block-image\"><img src=\"https:\/\/filven.com\/wp-content\/uploads\/2025\/12\/1000404524-1024x683.jpg\" alt=\"\" class=\"wp-image-28758\"\/><\/figure>\n\n\n\n<p>La entidad andina se convierte en el noveno estado en recibir a la fiesta del libro y la lectura en su recorrido regional, luego haberse realizado con \u00e9xito en los estados Guayana Esequiba, Zulia, Aragua, La Guaira, Falc\u00f3n, M\u00e9rida, Nueva Esparta y Amazonas.<\/p>\n\n\n\n<p>La feria permanecer\u00e1 abierta al p\u00fablico hasta el viernes 5 de diciembre, con m\u00e1s de 32 actividades, entre presentaciones de libros, exposiciones art\u00edsticas, conferencias, conversatorios; adem\u00e1s, ni\u00f1os y ni\u00f1as podr\u00e1n disfrutar del Pabell\u00f3n infantil.<\/p>\n\n\n\n<p>La Filven T\u00e1chira es organizada por el Ministerio del Poder Popular para la Cultura, a trav\u00e9s del Centro Nacional del Libro (Cenal) y el Gabinete Estadal, en coordinaci\u00f3n con la Gobernaci\u00f3n del estado.<\/p>\n\n\n\n<figure class=\"wp-block-image\"><img src=\"https:\/\/filven.com\/wp-content\/uploads\/2025\/12\/1000404522-1024x682.jpg\" alt=\"\" class=\"wp-image-28751\"\/><\/figure>\n\n\n\n<figure class=\"wp-block-image\"><img src=\"https:\/\/filven.com\/wp-content\/uploads\/2025\/12\/1000404521-1024x683.jpg\" alt=\"\" class=\"wp-image-28750\"\/><\/figure>\n\n\n\n<figure class=\"wp-block-image\"><img src=\"https:\/\/filven.com\/wp-content\/uploads\/2025\/12\/1000404497.jpg\" alt=\"\" class=\"wp-image-28754\"\/><\/figure>\n\n\n\n<figure class=\"wp-block-image\"><img src=\"https:\/\/filven.com\/wp-content\/uploads\/2025\/12\/1000404505-1024x461.jpg\" alt=\"\" class=\"wp-image-28755\"\/><\/figure>\n\n\n\n<figure class=\"wp-block-image\"><img src=\"https:\/\/filven.com\/wp-content\/uploads\/2025\/12\/1000404503.jpg\" alt=\"\" class=\"wp-image-28756\"\/><\/figure>\n\n\n\n<p><a href=\"https:\/\/filven.com\/la-21a-filven-se-instalara-en-lara-del-4-al-6-de-diciembre\/\"><\/a><\/p>\n","protected":false},"excerpt":{"rendered":"<p>La 21.\u00aa Filven T\u00e1chira se inaugur\u00f3 en el Sal\u00f3n de Lectura \u201cAteneo del T\u00e1chira\u201d, municipio San Crist\u00f3bal, donde se expondr\u00e1 la oferta de editoriales p\u00fablicas y privadas junto con una [&hellip;]<\/p>\n","protected":false},"author":10,"featured_media":26790,"comment_status":"open","ping_status":"closed","sticky":false,"template":"","format":"standard","meta":{"spay_email":"","jetpack_publicize_message":"","jetpack_is_tweetstorm":false,"jetpack_publicize_feature_enabled":true},"categories":[12],"tags":[],"yoast_head":"<!-- This site is optimized with the Yoast SEO plugin v19.8 - https:\/\/yoast.com\/wordpress\/plugins\/seo\/ -->\n<title>La 21.\u00aa Filven T\u00e1chira se inaugur\u00f3 como espacio para honrar la historia local<\/title>\n<meta name=\"robots\" content=\"index, follow, max-snippet:-1, max-image-preview:large, max-video-preview:-1\" \/>\n<link rel=\"canonical\" href=\"https:\/\/cenal.gob.ve\/?p=26789\" \/>\n<meta property=\"og:locale\" content=\"es_ES\" \/>\n<meta property=\"og:type\" content=\"article\" \/>\n<meta property=\"og:title\" content=\"La 21.\u00aa Filven T\u00e1chira se inaugur\u00f3 como espacio para honrar la historia local\" \/>\n<meta property=\"og:description\" content=\"La 21.\u00aa Filven T\u00e1chira se inaugur\u00f3 en el Sal\u00f3n de Lectura \u201cAteneo del T\u00e1chira\u201d, municipio San Crist\u00f3bal, donde se expondr\u00e1 la oferta de editoriales p\u00fablicas y privadas junto con una [&hellip;]\" \/>\n<meta property=\"og:url\" content=\"https:\/\/cenal.gob.ve\/?p=26789\" \/>\n<meta property=\"og:site_name\" content=\"Cenal\" \/>\n<meta property=\"article:published_time\" content=\"2025-12-03T14:29:00+00:00\" \/>\n<meta property=\"article:modified_time\" content=\"2025-12-08T14:33:51+00:00\" \/>\n<meta property=\"og:image\" content=\"http:\/\/cenal.gob.ve\/wp-content\/uploads\/2025\/12\/IMG-20251203-WA0100.jpg\" \/>\n\t<meta property=\"og:image:width\" content=\"1000\" \/>\n\t<meta property=\"og:image:height\" content=\"450\" \/>\n\t<meta property=\"og:image:type\" content=\"image\/jpeg\" \/>\n<meta name=\"author\" content=\"Prensa Cenal\" \/>\n<meta name=\"twitter:card\" content=\"summary_large_image\" \/>\n<meta name=\"twitter:label1\" content=\"Written by\" \/>\n\t<meta name=\"twitter:data1\" content=\"Prensa Cenal\" \/>\n\t<meta name=\"twitter:label2\" content=\"Est. reading time\" \/>\n\t<meta name=\"twitter:data2\" content=\"6 minutos\" \/>\n<script type=\"application\/ld+json\" class=\"yoast-schema-graph\">{\"@context\":\"https:\/\/schema.org\",\"@graph\":[{\"@type\":\"Article\",\"@id\":\"https:\/\/cenal.gob.ve\/?p=26789#article\",\"isPartOf\":{\"@id\":\"https:\/\/cenal.gob.ve\/?p=26789\"},\"author\":{\"name\":\"Prensa Cenal\",\"@id\":\"https:\/\/cenal.gob.ve\/#\/schema\/person\/e3ed34623f400ffab8bc7a63b2f5533f\"},\"headline\":\"La 21.\u00aa Filven T\u00e1chira se inaugur\u00f3 como espacio para honrar la historia local\",\"datePublished\":\"2025-12-03T14:29:00+00:00\",\"dateModified\":\"2025-12-08T14:33:51+00:00\",\"mainEntityOfPage\":{\"@id\":\"https:\/\/cenal.gob.ve\/?p=26789\"},\"wordCount\":696,\"commentCount\":0,\"publisher\":{\"@id\":\"https:\/\/cenal.gob.ve\/#organization\"},\"articleSection\":[\"Filven\"],\"inLanguage\":\"es\",\"potentialAction\":[{\"@type\":\"CommentAction\",\"name\":\"Comment\",\"target\":[\"https:\/\/cenal.gob.ve\/?p=26789#respond\"]}]},{\"@type\":\"WebPage\",\"@id\":\"https:\/\/cenal.gob.ve\/?p=26789\",\"url\":\"https:\/\/cenal.gob.ve\/?p=26789\",\"name\":\"La 21.\u00aa Filven T\u00e1chira se inaugur\u00f3 como espacio para honrar la historia local\",\"isPartOf\":{\"@id\":\"https:\/\/cenal.gob.ve\/#website\"},\"datePublished\":\"2025-12-03T14:29:00+00:00\",\"dateModified\":\"2025-12-08T14:33:51+00:00\",\"breadcrumb\":{\"@id\":\"https:\/\/cenal.gob.ve\/?p=26789#breadcrumb\"},\"inLanguage\":\"es\",\"potentialAction\":[{\"@type\":\"ReadAction\",\"target\":[\"https:\/\/cenal.gob.ve\/?p=26789\"]}]},{\"@type\":\"BreadcrumbList\",\"@id\":\"https:\/\/cenal.gob.ve\/?p=26789#breadcrumb\",\"itemListElement\":[{\"@type\":\"ListItem\",\"position\":1,\"name\":\"Home\",\"item\":\"https:\/\/cenal.gob.ve\/\"},{\"@type\":\"ListItem\",\"position\":2,\"name\":\"La 21.\u00aa Filven T\u00e1chira se inaugur\u00f3 como espacio para honrar la historia local\"}]},{\"@type\":\"WebSite\",\"@id\":\"https:\/\/cenal.gob.ve\/#website\",\"url\":\"https:\/\/cenal.gob.ve\/\",\"name\":\"Cenal\",\"description\":\"\",\"publisher\":{\"@id\":\"https:\/\/cenal.gob.ve\/#organization\"},\"potentialAction\":[{\"@type\":\"SearchAction\",\"target\":{\"@type\":\"EntryPoint\",\"urlTemplate\":\"https:\/\/cenal.gob.ve\/?s={search_term_string}\"},\"query-input\":\"required name=search_term_string\"}],\"inLanguage\":\"es\"},{\"@type\":\"Organization\",\"@id\":\"https:\/\/cenal.gob.ve\/#organization\",\"name\":\"CENAL\",\"url\":\"https:\/\/cenal.gob.ve\/\",\"sameAs\":[],\"logo\":{\"@type\":\"ImageObject\",\"inLanguage\":\"es\",\"@id\":\"https:\/\/cenal.gob.ve\/#\/schema\/logo\/image\/\",\"url\":\"https:\/\/i0.wp.com\/cenal.gob.ve\/wp-content\/uploads\/2022\/10\/cropped-images.jpg?fit=512%2C512\",\"contentUrl\":\"https:\/\/i0.wp.com\/cenal.gob.ve\/wp-content\/uploads\/2022\/10\/cropped-images.jpg?fit=512%2C512\",\"width\":512,\"height\":512,\"caption\":\"CENAL\"},\"image\":{\"@id\":\"https:\/\/cenal.gob.ve\/#\/schema\/logo\/image\/\"}},{\"@type\":\"Person\",\"@id\":\"https:\/\/cenal.gob.ve\/#\/schema\/person\/e3ed34623f400ffab8bc7a63b2f5533f\",\"name\":\"Prensa Cenal\",\"image\":{\"@type\":\"ImageObject\",\"inLanguage\":\"es\",\"@id\":\"https:\/\/cenal.gob.ve\/#\/schema\/person\/image\/\",\"url\":\"https:\/\/secure.gravatar.com\/avatar\/594b4ed34090910c619ac3679001d491?s=96&d=mm&r=g\",\"contentUrl\":\"https:\/\/secure.gravatar.com\/avatar\/594b4ed34090910c619ac3679001d491?s=96&d=mm&r=g\",\"caption\":\"Prensa Cenal\"},\"url\":\"https:\/\/cenal.gob.ve\/?author=10\"}]}<\/script>\n<!-- \/ Yoast SEO plugin. -->","yoast_head_json":{"title":"La 21.\u00aa Filven T\u00e1chira se inaugur\u00f3 como espacio para honrar la historia local","robots":{"index":"index","follow":"follow","max-snippet":"max-snippet:-1","max-image-preview":"max-image-preview:large","max-video-preview":"max-video-preview:-1"},"canonical":"https:\/\/cenal.gob.ve\/?p=26789","og_locale":"es_ES","og_type":"article","og_title":"La 21.\u00aa Filven T\u00e1chira se inaugur\u00f3 como espacio para honrar la historia local","og_description":"La 21.\u00aa Filven T\u00e1chira se inaugur\u00f3 en el Sal\u00f3n de Lectura \u201cAteneo del T\u00e1chira\u201d, municipio San Crist\u00f3bal, donde se expondr\u00e1 la oferta de editoriales p\u00fablicas y privadas junto con una [&hellip;]","og_url":"https:\/\/cenal.gob.ve\/?p=26789","og_site_name":"Cenal","article_published_time":"2025-12-03T14:29:00+00:00","article_modified_time":"2025-12-08T14:33:51+00:00","og_image":[{"width":1000,"height":450,"url":"http:\/\/cenal.gob.ve\/wp-content\/uploads\/2025\/12\/IMG-20251203-WA0100.jpg","type":"image\/jpeg"}],"author":"Prensa Cenal","twitter_card":"summary_large_image","twitter_misc":{"Written by":"Prensa Cenal","Est. reading time":"6 minutos"},"schema":{"@context":"https:\/\/schema.org","@graph":[{"@type":"Article","@id":"https:\/\/cenal.gob.ve\/?p=26789#article","isPartOf":{"@id":"https:\/\/cenal.gob.ve\/?p=26789"},"author":{"name":"Prensa Cenal","@id":"https:\/\/cenal.gob.ve\/#\/schema\/person\/e3ed34623f400ffab8bc7a63b2f5533f"},"headline":"La 21.\u00aa Filven T\u00e1chira se inaugur\u00f3 como espacio para honrar la historia local","datePublished":"2025-12-03T14:29:00+00:00","dateModified":"2025-12-08T14:33:51+00:00","mainEntityOfPage":{"@id":"https:\/\/cenal.gob.ve\/?p=26789"},"wordCount":696,"commentCount":0,"publisher":{"@id":"https:\/\/cenal.gob.ve\/#organization"},"articleSection":["Filven"],"inLanguage":"es","potentialAction":[{"@type":"CommentAction","name":"Comment","target":["https:\/\/cenal.gob.ve\/?p=26789#respond"]}]},{"@type":"WebPage","@id":"https:\/\/cenal.gob.ve\/?p=26789","url":"https:\/\/cenal.gob.ve\/?p=26789","name":"La 21.\u00aa Filven T\u00e1chira se inaugur\u00f3 como espacio para honrar la historia local","isPartOf":{"@id":"https:\/\/cenal.gob.ve\/#website"},"datePublished":"2025-12-03T14:29:00+00:00","dateModified":"2025-12-08T14:33:51+00:00","breadcrumb":{"@id":"https:\/\/cenal.gob.ve\/?p=26789#breadcrumb"},"inLanguage":"es","potentialAction":[{"@type":"ReadAction","target":["https:\/\/cenal.gob.ve\/?p=26789"]}]},{"@type":"BreadcrumbList","@id":"https:\/\/cenal.gob.ve\/?p=26789#breadcrumb","itemListElement":[{"@type":"ListItem","position":1,"name":"Home","item":"https:\/\/cenal.gob.ve\/"},{"@type":"ListItem","position":2,"name":"La 21.\u00aa Filven T\u00e1chira se inaugur\u00f3 como espacio para honrar la historia local"}]},{"@type":"WebSite","@id":"https:\/\/cenal.gob.ve\/#website","url":"https:\/\/cenal.gob.ve\/","name":"Cenal","description":"","publisher":{"@id":"https:\/\/cenal.gob.ve\/#organization"},"potentialAction":[{"@type":"SearchAction","target":{"@type":"EntryPoint","urlTemplate":"https:\/\/cenal.gob.ve\/?s={search_term_string}"},"query-input":"required name=search_term_string"}],"inLanguage":"es"},{"@type":"Organization","@id":"https:\/\/cenal.gob.ve\/#organization","name":"CENAL","url":"https:\/\/cenal.gob.ve\/","sameAs":[],"logo":{"@type":"ImageObject","inLanguage":"es","@id":"https:\/\/cenal.gob.ve\/#\/schema\/logo\/image\/","url":"https:\/\/i0.wp.com\/cenal.gob.ve\/wp-content\/uploads\/2022\/10\/cropped-images.jpg?fit=512%2C512","contentUrl":"https:\/\/i0.wp.com\/cenal.gob.ve\/wp-content\/uploads\/2022\/10\/cropped-images.jpg?fit=512%2C512","width":512,"height":512,"caption":"CENAL"},"image":{"@id":"https:\/\/cenal.gob.ve\/#\/schema\/logo\/image\/"}},{"@type":"Person","@id":"https:\/\/cenal.gob.ve\/#\/schema\/person\/e3ed34623f400ffab8bc7a63b2f5533f","name":"Prensa Cenal","image":{"@type":"ImageObject","inLanguage":"es","@id":"https:\/\/cenal.gob.ve\/#\/schema\/person\/image\/","url":"https:\/\/secure.gravatar.com\/avatar\/594b4ed34090910c619ac3679001d491?s=96&d=mm&r=g","contentUrl":"https:\/\/secure.gravatar.com\/avatar\/594b4ed34090910c619ac3679001d491?s=96&d=mm&r=g","caption":"Prensa Cenal"},"url":"https:\/\/cenal.gob.ve\/?author=10"}]}},"jetpack_featured_media_url":"https:\/\/cenal.gob.ve\/wp-content\/uploads\/2025\/12\/IMG-20251203-WA0100.jpg","jetpack_publicize_connections":[],"jetpack_shortlink":"https:\/\/wp.me\/p5FMhp-6Y5","_links":{"self":[{"href":"https:\/\/cenal.gob.ve\/index.php?rest_route=\/wp\/v2\/posts\/26789"}],"collection":[{"href":"https:\/\/cenal.gob.ve\/index.php?rest_route=\/wp\/v2\/posts"}],"about":[{"href":"https:\/\/cenal.gob.ve\/index.php?rest_route=\/wp\/v2\/types\/post"}],"author":[{"embeddable":true,"href":"https:\/\/cenal.gob.ve\/index.php?rest_route=\/wp\/v2\/users\/10"}],"replies":[{"embeddable":true,"href":"https:\/\/cenal.gob.ve\/index.php?rest_route=%2Fwp%2Fv2%2Fcomments&post=26789"}],"version-history":[{"count":1,"href":"https:\/\/cenal.gob.ve\/index.php?rest_route=\/wp\/v2\/posts\/26789\/revisions"}],"predecessor-version":[{"id":26791,"href":"https:\/\/cenal.gob.ve\/index.php?rest_route=\/wp\/v2\/posts\/26789\/revisions\/26791"}],"wp:featuredmedia":[{"embeddable":true,"href":"https:\/\/cenal.gob.ve\/index.php?rest_route=\/wp\/v2\/media\/26790"}],"wp:attachment":[{"href":"https:\/\/cenal.gob.ve\/index.php?rest_route=%2Fwp%2Fv2%2Fmedia&parent=26789"}],"wp:term":[{"taxonomy":"category","embeddable":true,"href":"https:\/\/cenal.gob.ve\/index.php?rest_route=%2Fwp%2Fv2%2Fcategories&post=26789"},{"taxonomy":"post_tag","embeddable":true,"href":"https:\/\/cenal.gob.ve\/index.php?rest_route=%2Fwp%2Fv2%2Ftags&post=26789"}],"curies":[{"name":"wp","href":"https:\/\/api.w.org\/{rel}","templated":true}]}}