{"id":26807,"date":"2025-12-13T12:58:05","date_gmt":"2025-12-13T16:58:05","guid":{"rendered":"https:\/\/cenal.gob.ve\/?p=26807"},"modified":"2025-12-13T13:15:55","modified_gmt":"2025-12-13T17:15:55","slug":"presentaron-libro-que-revela-y-denuncia-injerencia-de-la-cia-en-venezuela","status":"publish","type":"post","link":"https:\/\/cenal.gob.ve\/?p=26807","title":{"rendered":"Presentaron libro que revela injerencia de la CIA en Venezuela"},"content":{"rendered":"\n<p>La actualidad hace que las editoriales como El perro y la rana se aboquen a los temas de urgencia. Es por ello la presentaci\u00f3n de &#8220;La injerencia de la CIA en Venezuela&#8221;, del escritor cubano Jos\u00e9 Luis M\u00e9ndez M\u00e9ndez.<\/p>\n\n\n\n<p>La presentaci\u00f3n estuvo a cargo del presidente de Casa de las Am\u00e9ricas, Abel Prieto, y del ministro del Poder Popular para la Cultura, Ernesto Villegas. Fue acompa\u00f1ado por el viceministro de Fomento para la Econom\u00eda Cultural y presidente de El perro y la rana y del Centro Nacional del Libro (Cenal), Ra\u00fal Cazal y el presidente del Centro de Estudios Latinoamericanos y Caribe\u00f1os R\u00f3mulo Gallegos (Celarg), Pedro Calzadilla, en la Librer\u00eda del Sur Frida Kahlo ubicada en el Celarg, en Caracas.<\/p>\n\n\n\n<figure class=\"wp-block-image size-large\"><img width=\"1024\" height=\"682\" src=\"https:\/\/cenal.gob.ve\/wp-content\/uploads\/2025\/12\/1000426177-1024x682.jpg\" alt=\"\" class=\"wp-image-26808\" srcset=\"https:\/\/cenal.gob.ve\/wp-content\/uploads\/2025\/12\/1000426177-1024x682.jpg 1024w, https:\/\/cenal.gob.ve\/wp-content\/uploads\/2025\/12\/1000426177-300x200.jpg 300w, https:\/\/cenal.gob.ve\/wp-content\/uploads\/2025\/12\/1000426177-768x512.jpg 768w, https:\/\/cenal.gob.ve\/wp-content\/uploads\/2025\/12\/1000426177-640x427.jpg 640w, https:\/\/cenal.gob.ve\/wp-content\/uploads\/2025\/12\/1000426177.jpg 1280w\" sizes=\"(max-width: 1024px) 100vw, 1024px\" \/><\/figure>\n\n\n\n<p>Con base en archivos desclasificados, investigaciones hist\u00f3ricas y entrevistas que revelan el uso de redes de terrorismo y operaciones encubiertas por parte de la CIA en Centroam\u00e9rica y Latinoam\u00e9rica, el libro del historiador y acad\u00e9mico cubano M\u00e9ndez M\u00e9ndez organiza y contextualiza eventos recientes en Venezuela donde se explora el papel de agentes infiltrados, la actuaci\u00f3n de sectores de la oposici\u00f3n de ultra derecha y t\u00e1cticas de guerra psicol\u00f3gica y econ\u00f3mica, todo vinculado a una agenda geopol\u00edtica imperial de los gobiernos de Estados Unidos.<\/p>\n\n\n\n<p>En ese sentido, el ministro Ernesto Villegas se\u00f1al\u00f3 que el libro de M\u00e9ndez M\u00e9ndez, que ofrece una mirada hist\u00f3rica y cr\u00edtica a mecanismos de intervenci\u00f3n extranjera en la regi\u00f3n, es \u201cun aporte de acuciante actualidad\u201d y representa un cambio fundamental en c\u00f3mo se difunde la informaci\u00f3n. \u201cLo que antes hab\u00eda que descifrar y conseguir la prueba madre, ahora sale publicado en una red\u201d, expres\u00f3.<\/p>\n\n\n\n<figure class=\"wp-block-image size-large\"><img width=\"1024\" height=\"682\" src=\"https:\/\/cenal.gob.ve\/wp-content\/uploads\/2025\/12\/1000426180-1024x682.jpg\" alt=\"\" class=\"wp-image-26809\" srcset=\"https:\/\/cenal.gob.ve\/wp-content\/uploads\/2025\/12\/1000426180-1024x682.jpg 1024w, https:\/\/cenal.gob.ve\/wp-content\/uploads\/2025\/12\/1000426180-300x200.jpg 300w, https:\/\/cenal.gob.ve\/wp-content\/uploads\/2025\/12\/1000426180-768x512.jpg 768w, https:\/\/cenal.gob.ve\/wp-content\/uploads\/2025\/12\/1000426180-640x427.jpg 640w, https:\/\/cenal.gob.ve\/wp-content\/uploads\/2025\/12\/1000426180.jpg 1280w\" sizes=\"(max-width: 1024px) 100vw, 1024px\" \/><\/figure>\n\n\n\n<p>Adem\u00e1s, Villegas destac\u00f3 el papel de El perro y la rana, a cargo de la edici\u00f3n de la obra de M\u00e9ndez M\u00e9ndez, como una \u201cvanguardia editorial de los pueblos de Nuestra Am\u00e9rica\u201d. Resalt\u00f3 la importancia de las publicaciones que emergen con rapidez y pertinencia, afirmando que &#8220;El perro y la rana realmente es una trinchera de combate\u201d que refleja la urgencia y la relevancia de sus tem\u00e1ticas.<\/p>\n\n\n\n<p>Villegas no solo celebr\u00f3 la labor de esta editorial, sino que tambi\u00e9n destac\u00f3 espacios como el Celarg, que ha logrado \u201cexorcizar\u201d sus or\u00edgenes en el camino hacia una vanguardia literaria compartida por naciones como Venezuela y Cuba, reafirmando su compromiso de ofrecer voces fuertes y necesarias en el contexto actual.<\/p>\n\n\n\n<p>Abel Prieto, escritor y presidente de la Casa de las Am\u00e9ricas, destac\u00f3 la importancia de la publicaci\u00f3n de M\u00e9ndez M\u00e9ndez y sus an\u00e1lisis para informar a nuevas generaciones, particularmente a los j\u00f3venes que sucumben a la guerra cognitiva en redes sociales, y en la que, acot\u00f3, la CIA tiene su sello.<\/p>\n\n\n\n<figure class=\"wp-block-image size-large\"><img width=\"1024\" height=\"682\" src=\"https:\/\/cenal.gob.ve\/wp-content\/uploads\/2025\/12\/1000426181-1024x682.jpg\" alt=\"\" class=\"wp-image-26810\" srcset=\"https:\/\/cenal.gob.ve\/wp-content\/uploads\/2025\/12\/1000426181-1024x682.jpg 1024w, https:\/\/cenal.gob.ve\/wp-content\/uploads\/2025\/12\/1000426181-300x200.jpg 300w, https:\/\/cenal.gob.ve\/wp-content\/uploads\/2025\/12\/1000426181-768x512.jpg 768w, https:\/\/cenal.gob.ve\/wp-content\/uploads\/2025\/12\/1000426181-640x427.jpg 640w, https:\/\/cenal.gob.ve\/wp-content\/uploads\/2025\/12\/1000426181.jpg 1280w\" sizes=\"(max-width: 1024px) 100vw, 1024px\" \/><\/figure>\n\n\n\n<p>&#8220;Hay que darle libros a los j\u00f3venes, porque en las redes sociales pasan de un tema a otro, se les fragmenta la imagen de la realidad. Todo eso es la famosa guerra cognitiva&#8221;, alert\u00f3 Prieto.<\/p>\n\n\n\n<p><strong>La sombra de la CIA<\/strong><\/p>\n\n\n\n<p>Por su parte, el viceministro de Cultura y presidente de El perro y la rana y el Cenal, Ra\u00fal Cazal, destac\u00f3 que \u201ceste libro viene con el prop\u00f3sito de mostrar todo el papel que ha tenido la CIA en Venezuela en los momentos actuales&#8221;, mediante un trabajo de contextualizaci\u00f3n y actualizaci\u00f3n hasta la fecha que evidencia c\u00f3mo el accionar de la CIA ha evolucionado y no ha desaparecido, participando en asesinatos de presidentes, generando golpes de Estado y manteniendo dictaduras.<\/p>\n\n\n\n<figure class=\"wp-block-image size-large\"><img width=\"1024\" height=\"682\" src=\"https:\/\/cenal.gob.ve\/wp-content\/uploads\/2025\/12\/1000426173-1024x682.jpg\" alt=\"\" class=\"wp-image-26811\" srcset=\"https:\/\/cenal.gob.ve\/wp-content\/uploads\/2025\/12\/1000426173-1024x682.jpg 1024w, https:\/\/cenal.gob.ve\/wp-content\/uploads\/2025\/12\/1000426173-300x200.jpg 300w, https:\/\/cenal.gob.ve\/wp-content\/uploads\/2025\/12\/1000426173-768x512.jpg 768w, https:\/\/cenal.gob.ve\/wp-content\/uploads\/2025\/12\/1000426173-640x427.jpg 640w, https:\/\/cenal.gob.ve\/wp-content\/uploads\/2025\/12\/1000426173.jpg 1280w\" sizes=\"(max-width: 1024px) 100vw, 1024px\" \/><\/figure>\n\n\n\n<p>&#8220;Estamos para desactivar las mentiras y decir la verdad&#8221;, destac\u00f3 sobre el trabajo de El perro y la rana en la edici\u00f3n de la obra.<\/p>\n\n\n\n<p>Esta casa editora igualmente p\u00fablico de M\u00e9ndez M\u00e9ndez, en 2018, su libro Venezuela y la contrarevoluci\u00f3n cubana, que muestra la vigencia de los lazos que hermanan a la naci\u00f3n venezolana con Cuba frente a acciones como la Operaci\u00f3n C\u00f3ndor y m\u00faltiples formas de embate contrarrevolucionario promovidos por los Estados Unidos que no han podido quebrantar el hilo conductor de la Patria Grande.<\/p>\n\n\n\n<p>Cazal record\u00f3 que la CIA tiene un historial en Venezuela, por el dominio de sus recursos, y que sigue todav\u00eda trabajando articulada y encubierta, &#8220;aunque tienen la orden de hacerlo de manera de frente, como decimos aqu\u00ed en Venezuela&#8221;.<\/p>\n\n\n\n<figure class=\"wp-block-image size-large\"><img width=\"682\" height=\"1024\" src=\"https:\/\/cenal.gob.ve\/wp-content\/uploads\/2025\/12\/1000426174-682x1024.jpg\" alt=\"\" class=\"wp-image-26812\" srcset=\"https:\/\/cenal.gob.ve\/wp-content\/uploads\/2025\/12\/1000426174-682x1024.jpg 682w, https:\/\/cenal.gob.ve\/wp-content\/uploads\/2025\/12\/1000426174-200x300.jpg 200w, https:\/\/cenal.gob.ve\/wp-content\/uploads\/2025\/12\/1000426174-768x1152.jpg 768w, https:\/\/cenal.gob.ve\/wp-content\/uploads\/2025\/12\/1000426174-640x960.jpg 640w, https:\/\/cenal.gob.ve\/wp-content\/uploads\/2025\/12\/1000426174.jpg 853w\" sizes=\"(max-width: 682px) 100vw, 682px\" \/><\/figure>\n\n\n\n<p>&#8220;Eso es lo que nosotros tenemos que mostrarle al mundo, lo que est\u00e1 sucediendo. Que adem\u00e1s de todas las riquezas, adem\u00e1s de todo el petr\u00f3leo que es la gran reserva mundial que tenemos en Venezuela, pues hay una soberan\u00eda y hay un derecho internacional que este se\u00f1or (Donald Trump) lo est\u00e1 llevando al tarro de basura&#8221;, dijo.<\/p>\n\n\n\n<p>Tal como simboliza el dise\u00f1o de la portada del libro, &#8220;esa ave que est\u00e1 tan lejos, que parece un p\u00e1jaro inofensivo, el reflejo termina siendo esa sombra que siempre ha estado desde que se cre\u00f3 la CIA\u201d, apunt\u00f3 el viceministro Cazal.<\/p>\n\n\n\n<p><strong>Una publicaci\u00f3n oportuna<\/strong><\/p>\n\n\n\n<p>El historiador Pedro Calzadilla explic\u00f3 que el libro tiene dos partes: &#8220;una sobre los temas m\u00e1s recientes de la CIA en Venezuela, hablamos desde el 2015 hasta el 2025, y la parte hist\u00f3rica, que se refiere a la etapa de los a\u00f1os 60&#8221;.<\/p>\n\n\n\n<figure class=\"wp-block-image size-large\"><img width=\"1024\" height=\"682\" src=\"https:\/\/cenal.gob.ve\/wp-content\/uploads\/2025\/12\/1000426176-1024x682.jpg\" alt=\"\" class=\"wp-image-26813\" srcset=\"https:\/\/cenal.gob.ve\/wp-content\/uploads\/2025\/12\/1000426176-1024x682.jpg 1024w, https:\/\/cenal.gob.ve\/wp-content\/uploads\/2025\/12\/1000426176-300x200.jpg 300w, https:\/\/cenal.gob.ve\/wp-content\/uploads\/2025\/12\/1000426176-768x512.jpg 768w, https:\/\/cenal.gob.ve\/wp-content\/uploads\/2025\/12\/1000426176-640x427.jpg 640w, https:\/\/cenal.gob.ve\/wp-content\/uploads\/2025\/12\/1000426176.jpg 1280w\" sizes=\"(max-width: 1024px) 100vw, 1024px\" \/><\/figure>\n\n\n\n<p>Indic\u00f3 que la publicaci\u00f3n se edita en un momento muy oportuno, &#8220;porque estamos en el pico de las agresiones del imperialismo norteamericano y, por supuesto, de las acciones encubiertas que hace la CIA en Venezuela y muchas cosas m\u00e1s que quiz\u00e1s no vemos, pero ocurren\u201d.<\/p>\n\n\n\n<p>El autor del libro, Jos\u00e9 Luis M\u00e9ndez M\u00e9ndez, nacido en La Habana en 1948, cuenta con una trayectoria destacada como historiador, profesor, investigador y diplom\u00e1tico. Licenciado en Ciencias Jur\u00eddicas por la Universidad de La Habana, posee un doctorado en Ciencias Jur\u00eddicas y una maestr\u00eda en Ciencias Pol\u00edticas.<\/p>\n\n\n\n<p>Ha publicado m\u00e1s de treinta libros en varios pa\u00edses, entre ellos La historia \u00edntima de Luis Posada Carriles en la CIA (2017) y Esc\u00e1ndalo Ir\u00e1n-Contras: conexi\u00f3n Miami (2025), lo que refleja su compromiso con la historia y el derecho internacional, as\u00ed como su lucha por la verdad.<\/p>\n\n\n\n<p>Adem\u00e1s, ha sido galardonado con el Premio Nacional de la Academia de Ciencias y la Distinci\u00f3n Especial por sus investigaciones en Ciencias Sociales.<\/p>\n\n\n\n<p>La obra de M\u00e9ndez es esencial para acad\u00e9micos, estudiantes y cualquier persona interesada en las implicaciones de la intervenci\u00f3n extranjera en la soberan\u00eda de los pa\u00edses latinoamericanos.<\/p>\n\n\n\n<figure class=\"wp-block-image size-large\"><img width=\"1024\" height=\"682\" src=\"https:\/\/cenal.gob.ve\/wp-content\/uploads\/2025\/12\/1000426182-1024x682.jpg\" alt=\"\" class=\"wp-image-26814\" srcset=\"https:\/\/cenal.gob.ve\/wp-content\/uploads\/2025\/12\/1000426182-1024x682.jpg 1024w, https:\/\/cenal.gob.ve\/wp-content\/uploads\/2025\/12\/1000426182-300x200.jpg 300w, https:\/\/cenal.gob.ve\/wp-content\/uploads\/2025\/12\/1000426182-768x512.jpg 768w, https:\/\/cenal.gob.ve\/wp-content\/uploads\/2025\/12\/1000426182-640x427.jpg 640w, https:\/\/cenal.gob.ve\/wp-content\/uploads\/2025\/12\/1000426182.jpg 1280w\" sizes=\"(max-width: 1024px) 100vw, 1024px\" \/><\/figure>\n\n\n\n<figure class=\"wp-block-image size-large\"><img width=\"1024\" height=\"682\" src=\"https:\/\/cenal.gob.ve\/wp-content\/uploads\/2025\/12\/1000426178-1024x682.jpg\" alt=\"\" class=\"wp-image-26815\" srcset=\"https:\/\/cenal.gob.ve\/wp-content\/uploads\/2025\/12\/1000426178-1024x682.jpg 1024w, https:\/\/cenal.gob.ve\/wp-content\/uploads\/2025\/12\/1000426178-300x200.jpg 300w, https:\/\/cenal.gob.ve\/wp-content\/uploads\/2025\/12\/1000426178-768x512.jpg 768w, https:\/\/cenal.gob.ve\/wp-content\/uploads\/2025\/12\/1000426178-640x427.jpg 640w, https:\/\/cenal.gob.ve\/wp-content\/uploads\/2025\/12\/1000426178.jpg 1280w\" sizes=\"(max-width: 1024px) 100vw, 1024px\" \/><\/figure>\n\n\n\n<figure class=\"wp-block-image size-large\"><img width=\"1024\" height=\"682\" src=\"https:\/\/cenal.gob.ve\/wp-content\/uploads\/2025\/12\/1000426188-1024x682.jpg\" alt=\"\" class=\"wp-image-26816\" srcset=\"https:\/\/cenal.gob.ve\/wp-content\/uploads\/2025\/12\/1000426188-1024x682.jpg 1024w, https:\/\/cenal.gob.ve\/wp-content\/uploads\/2025\/12\/1000426188-300x200.jpg 300w, https:\/\/cenal.gob.ve\/wp-content\/uploads\/2025\/12\/1000426188-768x512.jpg 768w, https:\/\/cenal.gob.ve\/wp-content\/uploads\/2025\/12\/1000426188-640x427.jpg 640w, https:\/\/cenal.gob.ve\/wp-content\/uploads\/2025\/12\/1000426188.jpg 1280w\" sizes=\"(max-width: 1024px) 100vw, 1024px\" \/><\/figure>\n","protected":false},"excerpt":{"rendered":"<p>La actualidad hace que las editoriales como El perro y la rana se aboquen a los temas de urgencia. Es por ello la presentaci\u00f3n de &#8220;La injerencia de la CIA [&hellip;]<\/p>\n","protected":false},"author":10,"featured_media":26817,"comment_status":"open","ping_status":"closed","sticky":false,"template":"","format":"standard","meta":{"spay_email":"","jetpack_publicize_message":"","jetpack_is_tweetstorm":false,"jetpack_publicize_feature_enabled":true},"categories":[2],"tags":[],"yoast_head":"<!-- This site is optimized with the Yoast SEO plugin v19.8 - https:\/\/yoast.com\/wordpress\/plugins\/seo\/ -->\n<title>Presentaron libro que revela injerencia de la CIA en Venezuela<\/title>\n<meta name=\"robots\" content=\"index, follow, max-snippet:-1, max-image-preview:large, max-video-preview:-1\" \/>\n<link rel=\"canonical\" href=\"https:\/\/cenal.gob.ve\/?p=26807\" \/>\n<meta property=\"og:locale\" content=\"es_ES\" \/>\n<meta property=\"og:type\" content=\"article\" \/>\n<meta property=\"og:title\" content=\"Presentaron libro que revela injerencia de la CIA en Venezuela\" \/>\n<meta property=\"og:description\" content=\"La actualidad hace que las editoriales como El perro y la rana se aboquen a los temas de urgencia. Es por ello la presentaci\u00f3n de &#8220;La injerencia de la CIA [&hellip;]\" \/>\n<meta property=\"og:url\" content=\"https:\/\/cenal.gob.ve\/?p=26807\" \/>\n<meta property=\"og:site_name\" content=\"Cenal\" \/>\n<meta property=\"article:published_time\" content=\"2025-12-13T16:58:05+00:00\" \/>\n<meta property=\"article:modified_time\" content=\"2025-12-13T17:15:55+00:00\" \/>\n<meta property=\"og:image\" content=\"http:\/\/cenal.gob.ve\/wp-content\/uploads\/2025\/12\/IMG_20251213_125438_143.jpg\" \/>\n\t<meta property=\"og:image:width\" content=\"1280\" \/>\n\t<meta property=\"og:image:height\" content=\"853\" \/>\n\t<meta property=\"og:image:type\" content=\"image\/jpeg\" \/>\n<meta name=\"author\" content=\"Prensa Cenal\" \/>\n<meta name=\"twitter:card\" content=\"summary_large_image\" \/>\n<meta name=\"twitter:label1\" content=\"Written by\" \/>\n\t<meta name=\"twitter:data1\" content=\"Prensa Cenal\" \/>\n\t<meta name=\"twitter:label2\" content=\"Est. reading time\" \/>\n\t<meta name=\"twitter:data2\" content=\"7 minutos\" \/>\n<script type=\"application\/ld+json\" class=\"yoast-schema-graph\">{\"@context\":\"https:\/\/schema.org\",\"@graph\":[{\"@type\":\"Article\",\"@id\":\"https:\/\/cenal.gob.ve\/?p=26807#article\",\"isPartOf\":{\"@id\":\"https:\/\/cenal.gob.ve\/?p=26807\"},\"author\":{\"name\":\"Prensa Cenal\",\"@id\":\"https:\/\/cenal.gob.ve\/#\/schema\/person\/e3ed34623f400ffab8bc7a63b2f5533f\"},\"headline\":\"Presentaron libro que revela injerencia de la CIA en Venezuela\",\"datePublished\":\"2025-12-13T16:58:05+00:00\",\"dateModified\":\"2025-12-13T17:15:55+00:00\",\"mainEntityOfPage\":{\"@id\":\"https:\/\/cenal.gob.ve\/?p=26807\"},\"wordCount\":1113,\"commentCount\":0,\"publisher\":{\"@id\":\"https:\/\/cenal.gob.ve\/#organization\"},\"articleSection\":[\"Cenal\"],\"inLanguage\":\"es\",\"potentialAction\":[{\"@type\":\"CommentAction\",\"name\":\"Comment\",\"target\":[\"https:\/\/cenal.gob.ve\/?p=26807#respond\"]}]},{\"@type\":\"WebPage\",\"@id\":\"https:\/\/cenal.gob.ve\/?p=26807\",\"url\":\"https:\/\/cenal.gob.ve\/?p=26807\",\"name\":\"Presentaron libro que revela injerencia de la CIA en Venezuela\",\"isPartOf\":{\"@id\":\"https:\/\/cenal.gob.ve\/#website\"},\"datePublished\":\"2025-12-13T16:58:05+00:00\",\"dateModified\":\"2025-12-13T17:15:55+00:00\",\"breadcrumb\":{\"@id\":\"https:\/\/cenal.gob.ve\/?p=26807#breadcrumb\"},\"inLanguage\":\"es\",\"potentialAction\":[{\"@type\":\"ReadAction\",\"target\":[\"https:\/\/cenal.gob.ve\/?p=26807\"]}]},{\"@type\":\"BreadcrumbList\",\"@id\":\"https:\/\/cenal.gob.ve\/?p=26807#breadcrumb\",\"itemListElement\":[{\"@type\":\"ListItem\",\"position\":1,\"name\":\"Home\",\"item\":\"https:\/\/cenal.gob.ve\/\"},{\"@type\":\"ListItem\",\"position\":2,\"name\":\"Presentaron libro que revela injerencia de la CIA en Venezuela\"}]},{\"@type\":\"WebSite\",\"@id\":\"https:\/\/cenal.gob.ve\/#website\",\"url\":\"https:\/\/cenal.gob.ve\/\",\"name\":\"Cenal\",\"description\":\"\",\"publisher\":{\"@id\":\"https:\/\/cenal.gob.ve\/#organization\"},\"potentialAction\":[{\"@type\":\"SearchAction\",\"target\":{\"@type\":\"EntryPoint\",\"urlTemplate\":\"https:\/\/cenal.gob.ve\/?s={search_term_string}\"},\"query-input\":\"required name=search_term_string\"}],\"inLanguage\":\"es\"},{\"@type\":\"Organization\",\"@id\":\"https:\/\/cenal.gob.ve\/#organization\",\"name\":\"CENAL\",\"url\":\"https:\/\/cenal.gob.ve\/\",\"sameAs\":[],\"logo\":{\"@type\":\"ImageObject\",\"inLanguage\":\"es\",\"@id\":\"https:\/\/cenal.gob.ve\/#\/schema\/logo\/image\/\",\"url\":\"https:\/\/i0.wp.com\/cenal.gob.ve\/wp-content\/uploads\/2022\/10\/cropped-images.jpg?fit=512%2C512\",\"contentUrl\":\"https:\/\/i0.wp.com\/cenal.gob.ve\/wp-content\/uploads\/2022\/10\/cropped-images.jpg?fit=512%2C512\",\"width\":512,\"height\":512,\"caption\":\"CENAL\"},\"image\":{\"@id\":\"https:\/\/cenal.gob.ve\/#\/schema\/logo\/image\/\"}},{\"@type\":\"Person\",\"@id\":\"https:\/\/cenal.gob.ve\/#\/schema\/person\/e3ed34623f400ffab8bc7a63b2f5533f\",\"name\":\"Prensa Cenal\",\"image\":{\"@type\":\"ImageObject\",\"inLanguage\":\"es\",\"@id\":\"https:\/\/cenal.gob.ve\/#\/schema\/person\/image\/\",\"url\":\"https:\/\/secure.gravatar.com\/avatar\/594b4ed34090910c619ac3679001d491?s=96&d=mm&r=g\",\"contentUrl\":\"https:\/\/secure.gravatar.com\/avatar\/594b4ed34090910c619ac3679001d491?s=96&d=mm&r=g\",\"caption\":\"Prensa Cenal\"},\"url\":\"https:\/\/cenal.gob.ve\/?author=10\"}]}<\/script>\n<!-- \/ Yoast SEO plugin. -->","yoast_head_json":{"title":"Presentaron libro que revela injerencia de la CIA en Venezuela","robots":{"index":"index","follow":"follow","max-snippet":"max-snippet:-1","max-image-preview":"max-image-preview:large","max-video-preview":"max-video-preview:-1"},"canonical":"https:\/\/cenal.gob.ve\/?p=26807","og_locale":"es_ES","og_type":"article","og_title":"Presentaron libro que revela injerencia de la CIA en Venezuela","og_description":"La actualidad hace que las editoriales como El perro y la rana se aboquen a los temas de urgencia. Es por ello la presentaci\u00f3n de &#8220;La injerencia de la CIA [&hellip;]","og_url":"https:\/\/cenal.gob.ve\/?p=26807","og_site_name":"Cenal","article_published_time":"2025-12-13T16:58:05+00:00","article_modified_time":"2025-12-13T17:15:55+00:00","og_image":[{"width":1280,"height":853,"url":"http:\/\/cenal.gob.ve\/wp-content\/uploads\/2025\/12\/IMG_20251213_125438_143.jpg","type":"image\/jpeg"}],"author":"Prensa Cenal","twitter_card":"summary_large_image","twitter_misc":{"Written by":"Prensa Cenal","Est. reading time":"7 minutos"},"schema":{"@context":"https:\/\/schema.org","@graph":[{"@type":"Article","@id":"https:\/\/cenal.gob.ve\/?p=26807#article","isPartOf":{"@id":"https:\/\/cenal.gob.ve\/?p=26807"},"author":{"name":"Prensa Cenal","@id":"https:\/\/cenal.gob.ve\/#\/schema\/person\/e3ed34623f400ffab8bc7a63b2f5533f"},"headline":"Presentaron libro que revela injerencia de la CIA en Venezuela","datePublished":"2025-12-13T16:58:05+00:00","dateModified":"2025-12-13T17:15:55+00:00","mainEntityOfPage":{"@id":"https:\/\/cenal.gob.ve\/?p=26807"},"wordCount":1113,"commentCount":0,"publisher":{"@id":"https:\/\/cenal.gob.ve\/#organization"},"articleSection":["Cenal"],"inLanguage":"es","potentialAction":[{"@type":"CommentAction","name":"Comment","target":["https:\/\/cenal.gob.ve\/?p=26807#respond"]}]},{"@type":"WebPage","@id":"https:\/\/cenal.gob.ve\/?p=26807","url":"https:\/\/cenal.gob.ve\/?p=26807","name":"Presentaron libro que revela injerencia de la CIA en Venezuela","isPartOf":{"@id":"https:\/\/cenal.gob.ve\/#website"},"datePublished":"2025-12-13T16:58:05+00:00","dateModified":"2025-12-13T17:15:55+00:00","breadcrumb":{"@id":"https:\/\/cenal.gob.ve\/?p=26807#breadcrumb"},"inLanguage":"es","potentialAction":[{"@type":"ReadAction","target":["https:\/\/cenal.gob.ve\/?p=26807"]}]},{"@type":"BreadcrumbList","@id":"https:\/\/cenal.gob.ve\/?p=26807#breadcrumb","itemListElement":[{"@type":"ListItem","position":1,"name":"Home","item":"https:\/\/cenal.gob.ve\/"},{"@type":"ListItem","position":2,"name":"Presentaron libro que revela injerencia de la CIA en Venezuela"}]},{"@type":"WebSite","@id":"https:\/\/cenal.gob.ve\/#website","url":"https:\/\/cenal.gob.ve\/","name":"Cenal","description":"","publisher":{"@id":"https:\/\/cenal.gob.ve\/#organization"},"potentialAction":[{"@type":"SearchAction","target":{"@type":"EntryPoint","urlTemplate":"https:\/\/cenal.gob.ve\/?s={search_term_string}"},"query-input":"required name=search_term_string"}],"inLanguage":"es"},{"@type":"Organization","@id":"https:\/\/cenal.gob.ve\/#organization","name":"CENAL","url":"https:\/\/cenal.gob.ve\/","sameAs":[],"logo":{"@type":"ImageObject","inLanguage":"es","@id":"https:\/\/cenal.gob.ve\/#\/schema\/logo\/image\/","url":"https:\/\/i0.wp.com\/cenal.gob.ve\/wp-content\/uploads\/2022\/10\/cropped-images.jpg?fit=512%2C512","contentUrl":"https:\/\/i0.wp.com\/cenal.gob.ve\/wp-content\/uploads\/2022\/10\/cropped-images.jpg?fit=512%2C512","width":512,"height":512,"caption":"CENAL"},"image":{"@id":"https:\/\/cenal.gob.ve\/#\/schema\/logo\/image\/"}},{"@type":"Person","@id":"https:\/\/cenal.gob.ve\/#\/schema\/person\/e3ed34623f400ffab8bc7a63b2f5533f","name":"Prensa Cenal","image":{"@type":"ImageObject","inLanguage":"es","@id":"https:\/\/cenal.gob.ve\/#\/schema\/person\/image\/","url":"https:\/\/secure.gravatar.com\/avatar\/594b4ed34090910c619ac3679001d491?s=96&d=mm&r=g","contentUrl":"https:\/\/secure.gravatar.com\/avatar\/594b4ed34090910c619ac3679001d491?s=96&d=mm&r=g","caption":"Prensa Cenal"},"url":"https:\/\/cenal.gob.ve\/?author=10"}]}},"jetpack_featured_media_url":"https:\/\/cenal.gob.ve\/wp-content\/uploads\/2025\/12\/IMG_20251213_125438_143.jpg","jetpack_publicize_connections":[],"jetpack_shortlink":"https:\/\/wp.me\/p5FMhp-6Yn","_links":{"self":[{"href":"https:\/\/cenal.gob.ve\/index.php?rest_route=\/wp\/v2\/posts\/26807"}],"collection":[{"href":"https:\/\/cenal.gob.ve\/index.php?rest_route=\/wp\/v2\/posts"}],"about":[{"href":"https:\/\/cenal.gob.ve\/index.php?rest_route=\/wp\/v2\/types\/post"}],"author":[{"embeddable":true,"href":"https:\/\/cenal.gob.ve\/index.php?rest_route=\/wp\/v2\/users\/10"}],"replies":[{"embeddable":true,"href":"https:\/\/cenal.gob.ve\/index.php?rest_route=%2Fwp%2Fv2%2Fcomments&post=26807"}],"version-history":[{"count":2,"href":"https:\/\/cenal.gob.ve\/index.php?rest_route=\/wp\/v2\/posts\/26807\/revisions"}],"predecessor-version":[{"id":26819,"href":"https:\/\/cenal.gob.ve\/index.php?rest_route=\/wp\/v2\/posts\/26807\/revisions\/26819"}],"wp:featuredmedia":[{"embeddable":true,"href":"https:\/\/cenal.gob.ve\/index.php?rest_route=\/wp\/v2\/media\/26817"}],"wp:attachment":[{"href":"https:\/\/cenal.gob.ve\/index.php?rest_route=%2Fwp%2Fv2%2Fmedia&parent=26807"}],"wp:term":[{"taxonomy":"category","embeddable":true,"href":"https:\/\/cenal.gob.ve\/index.php?rest_route=%2Fwp%2Fv2%2Fcategories&post=26807"},{"taxonomy":"post_tag","embeddable":true,"href":"https:\/\/cenal.gob.ve\/index.php?rest_route=%2Fwp%2Fv2%2Ftags&post=26807"}],"curies":[{"name":"wp","href":"https:\/\/api.w.org\/{rel}","templated":true}]}}