{"id":26996,"date":"2026-01-23T19:04:22","date_gmt":"2026-01-23T23:04:22","guid":{"rendered":"https:\/\/cenal.gob.ve\/?p=26996"},"modified":"2026-01-23T19:54:26","modified_gmt":"2026-01-23T23:54:26","slug":"jovenes-de-venezuela-se-acercan-a-autores-del-boom-latinoamericano","status":"publish","type":"post","link":"https:\/\/cenal.gob.ve\/?p=26996","title":{"rendered":"J\u00f3venes de Venezuela se acercan a autores del Boom latinoamericano"},"content":{"rendered":"\n<p>Libros de la Colecci\u00f3n &#8220;25 para el 25&#8221; editados por el Fondo de Cultura Econ\u00f3mica (FCE) de M\u00e9xico para j\u00f3venes de entre 15 y 30 a\u00f1os se distribuyen gratuitamente por toda Venezuela, como una iniciativa editorial con autores del Boom latinoamericano que busca acercar a las nuevas generaciones a la memoria colectiva de sus territorios, sus luchas y sus historias.<\/p>\n\n\n\n<p>La distribuci\u00f3n, que comenz\u00f3 en Caracas como parte de un lanzamiento continental en diciembre pasado, producto de un convenio entre el FCE y el Ministerio del Poder Popular para la Cultura (MPPC), representado por el Centro Nacional del Libro (Cenal) y Monte \u00c1vila Editores Latinoamericana, se efect\u00faa desde el 15 de enero en diversas sedes de Librer\u00edas del Sur, los jueves y viernes. Tambi\u00e9n se han programado entregas en espacios culturales, centros educativos y circuitos comunales.<\/p>\n\n\n\n<p>Ya han comenzado a circular libros de la Colecci\u00f3n &#8220;25 para el 25&#8221; en Amazonas, Aragua, Carabobo, Yaracuy y Falc\u00f3n, de acuerdo con reportes de Librer\u00edas del Sur en sus redes sociales.<\/p>\n\n\n\n<figure class=\"wp-block-image size-large is-resized\"><img src=\"https:\/\/cenal.gob.ve\/wp-content\/uploads\/2026\/01\/1000515589-768x1024.jpg\" alt=\"\" class=\"wp-image-27004\" width=\"394\" height=\"526\" srcset=\"https:\/\/cenal.gob.ve\/wp-content\/uploads\/2026\/01\/1000515589-768x1024.jpg 768w, https:\/\/cenal.gob.ve\/wp-content\/uploads\/2026\/01\/1000515589-225x300.jpg 225w, https:\/\/cenal.gob.ve\/wp-content\/uploads\/2026\/01\/1000515589-1152x1536.jpg 1152w, https:\/\/cenal.gob.ve\/wp-content\/uploads\/2026\/01\/1000515589-1536x2048.jpg 1536w, https:\/\/cenal.gob.ve\/wp-content\/uploads\/2026\/01\/1000515589-640x853.jpg 640w, https:\/\/cenal.gob.ve\/wp-content\/uploads\/2026\/01\/1000515589.jpg 1920w\" sizes=\"(max-width: 394px) 100vw, 394px\" \/><\/figure>\n\n\n\n<p>Los j\u00f3venes han sido cautivados por las tem\u00e1ticas y portadas de los libros, como Josmar\u00eda Canio, quien en la sede de Librer\u00edas del Sur Elsa Morales, ubicada en la Galer\u00eda de Arte Nacional de Caracas, eligi\u00f3 el libro Viento de primavera, una antolog\u00eda po\u00e9tica (1945-1979) de Ala\u00edde Foppa que permite ser testigos de las muchas transformaciones de esta autora guatemalteca, quien se interroga sobre la maternidad, el erotismo, la fe, la feminidad, el amor y la naturaleza.<\/p>\n\n\n\n<p>&#8220;La portada est\u00e1 muy hermosa y el contenido est\u00e1 muy interesante&#8221;, dijo Canio, quien pertenece al proyecto Juventud Creadora de la Misi\u00f3n Cultura.<\/p>\n\n\n\n<p>Mois\u00e9s, un joven estudiante de Comunicaci\u00f3n Social en la Universidad Bolivariana de Venezuela (UBV), se decant\u00f3 en la sede de Librer\u00edas del Sur en esta casa de estudios por Space Invaders, de la autora chilena Nona Fern\u00e1ndez, quien en este texto revela la infancia marcada por el r\u00e9gimen opresivo de Pinochet en Chile.<\/p>\n\n\n\n<figure class=\"wp-block-image size-large\"><img width=\"1024\" height=\"462\" src=\"https:\/\/cenal.gob.ve\/wp-content\/uploads\/2026\/01\/1000515572-1024x462.jpg\" alt=\"\" class=\"wp-image-26999\" srcset=\"https:\/\/cenal.gob.ve\/wp-content\/uploads\/2026\/01\/1000515572-1024x462.jpg 1024w, https:\/\/cenal.gob.ve\/wp-content\/uploads\/2026\/01\/1000515572-300x135.jpg 300w, https:\/\/cenal.gob.ve\/wp-content\/uploads\/2026\/01\/1000515572-768x346.jpg 768w, https:\/\/cenal.gob.ve\/wp-content\/uploads\/2026\/01\/1000515572-640x289.jpg 640w, https:\/\/cenal.gob.ve\/wp-content\/uploads\/2026\/01\/1000515572.jpg 1280w\" sizes=\"(max-width: 1024px) 100vw, 1024px\" \/><\/figure>\n\n\n\n<p>Otros j\u00f3venes han escogido Operaci\u00f3n Carlota, Cuba en Angola, del c\u00e9lebre escritor colombiano Gabriel Garc\u00eda M\u00e1rquez, quien narra la mayor y m\u00e1s efectiva operaci\u00f3n de solidaridad internacional de la historia sobre la liberaci\u00f3n de un pa\u00eds por parte de miles de cubanos frente a mercenarios apoyados por EE. UU.<\/p>\n\n\n\n<p>Otros t\u00edtulos disponibles de los primeros ocho que se est\u00e1n distribuyendo en una primera etapa son R\u00e9quiem por Teresa, de Dante Liano (Guatemala);Los privilegios del olvido, de Piedad Bonnett (Colombia);Weekend en Guatemala, de Miguel \u00c1ngel Asturias (Guatemala); C\u00f3mo tirar contra la muerte, de Juan Gelman (Argentina) y M\u00fasica concreta, de Amparo D\u00e1vila (M\u00e9xico).<\/p>\n\n\n\n<figure class=\"wp-block-image size-large\"><img width=\"1024\" height=\"768\" src=\"https:\/\/cenal.gob.ve\/wp-content\/uploads\/2026\/01\/1000515418-1024x768.jpg\" alt=\"\" class=\"wp-image-27016\" srcset=\"https:\/\/cenal.gob.ve\/wp-content\/uploads\/2026\/01\/1000515418-1024x768.jpg 1024w, https:\/\/cenal.gob.ve\/wp-content\/uploads\/2026\/01\/1000515418-300x225.jpg 300w, https:\/\/cenal.gob.ve\/wp-content\/uploads\/2026\/01\/1000515418-768x576.jpg 768w, https:\/\/cenal.gob.ve\/wp-content\/uploads\/2026\/01\/1000515418-640x480.jpg 640w, https:\/\/cenal.gob.ve\/wp-content\/uploads\/2026\/01\/1000515418.jpg 1280w\" sizes=\"(max-width: 1024px) 100vw, 1024px\" \/><\/figure>\n\n\n\n<p>En total son 27 t\u00edtulos los que integran la colecci\u00f3n que se distribuir\u00e1n progresivamente durante 2026, en la que tambi\u00e9n se incluye como referente de la literatura venezolana al escritor e intelectual Luis Britto Garc\u00eda y su obra Habla, Palabra, una antolog\u00eda personal de sus primeros cuentos relacionados con Rajatabla y otros relatos publicados.<\/p>\n\n\n\n<p>Se espera alcanzar la distribuci\u00f3n de 200 mil ejemplares de la colecci\u00f3n en todo el pa\u00eds con esta iniciativa continental para la promoci\u00f3n de la lectura promovida por el FCE de M\u00e9xico, en la que igualmente participan Argentina, Colombia, Chile, Cuba, Ecuador, Guatemala, Honduras, Per\u00fa y Uruguay.<\/p>\n\n\n\n<p>El viceministro de Fomento para la Econom\u00eda Cultural del MPPC y presidente del Centro Nacional del Libro (Cenal), Ra\u00fal Cazal, ha indicado que este proceso de distribuci\u00f3n de libros gratuitos, adem\u00e1s de todas las pol\u00edticas aplicadas para el fomento de la lectura durante la Revoluci\u00f3n Bolivariana junto al Comandante Eterno Hugo Ch\u00e1vez y el presidente Nicol\u00e1s Maduro, hoy secuestrado por el gobierno imperialista de EE. UU., evidencia el profundo inter\u00e9s del Gobierno Bolivariano, actualmente bajo las riendas de la Presidenta Encargada, Delcy Rodr\u00edguez, por la formaci\u00f3n de hombres y mujeres libres.<\/p>\n\n\n\n<figure class=\"wp-block-image size-large is-resized\"><img src=\"https:\/\/cenal.gob.ve\/wp-content\/uploads\/2026\/01\/1000515597-768x1024.jpg\" alt=\"\" class=\"wp-image-27003\" width=\"410\" height=\"545\" srcset=\"https:\/\/cenal.gob.ve\/wp-content\/uploads\/2026\/01\/1000515597-225x300.jpg 225w, https:\/\/cenal.gob.ve\/wp-content\/uploads\/2026\/01\/1000515597-640x853.jpg 640w\" sizes=\"(max-width: 410px) 100vw, 410px\" \/><\/figure>\n\n\n\n<figure class=\"wp-block-image size-large\"><img width=\"768\" height=\"1024\" src=\"https:\/\/cenal.gob.ve\/wp-content\/uploads\/2026\/01\/1000515424-768x1024.jpg\" alt=\"\" class=\"wp-image-27015\" srcset=\"https:\/\/cenal.gob.ve\/wp-content\/uploads\/2026\/01\/1000515424-768x1024.jpg 768w, https:\/\/cenal.gob.ve\/wp-content\/uploads\/2026\/01\/1000515424-225x300.jpg 225w, https:\/\/cenal.gob.ve\/wp-content\/uploads\/2026\/01\/1000515424-640x853.jpg 640w, https:\/\/cenal.gob.ve\/wp-content\/uploads\/2026\/01\/1000515424.jpg 960w\" sizes=\"(max-width: 768px) 100vw, 768px\" \/><\/figure>\n\n\n\n<figure class=\"wp-block-image size-full is-resized\"><img src=\"https:\/\/cenal.gob.ve\/wp-content\/uploads\/2026\/01\/1000515578.jpg\" alt=\"\" class=\"wp-image-27000\" width=\"391\" height=\"293\" srcset=\"https:\/\/cenal.gob.ve\/wp-content\/uploads\/2026\/01\/1000515578.jpg 992w, https:\/\/cenal.gob.ve\/wp-content\/uploads\/2026\/01\/1000515578-300x225.jpg 300w, https:\/\/cenal.gob.ve\/wp-content\/uploads\/2026\/01\/1000515578-768x576.jpg 768w, https:\/\/cenal.gob.ve\/wp-content\/uploads\/2026\/01\/1000515578-640x480.jpg 640w\" sizes=\"(max-width: 391px) 100vw, 391px\" \/><\/figure>\n\n\n\n<figure class=\"wp-block-image size-large\"><img width=\"1024\" height=\"576\" src=\"https:\/\/cenal.gob.ve\/wp-content\/uploads\/2026\/01\/1000515580-1024x576.jpg\" alt=\"\" class=\"wp-image-27006\" srcset=\"https:\/\/cenal.gob.ve\/wp-content\/uploads\/2026\/01\/1000515580-1024x576.jpg 1024w, https:\/\/cenal.gob.ve\/wp-content\/uploads\/2026\/01\/1000515580-300x169.jpg 300w, https:\/\/cenal.gob.ve\/wp-content\/uploads\/2026\/01\/1000515580-768x432.jpg 768w, https:\/\/cenal.gob.ve\/wp-content\/uploads\/2026\/01\/1000515580-640x360.jpg 640w, https:\/\/cenal.gob.ve\/wp-content\/uploads\/2026\/01\/1000515580.jpg 1080w\" sizes=\"(max-width: 1024px) 100vw, 1024px\" \/><\/figure>\n\n\n\n<figure class=\"wp-block-image size-full is-resized\"><img src=\"https:\/\/cenal.gob.ve\/wp-content\/uploads\/2026\/01\/1000515400.jpg\" alt=\"\" class=\"wp-image-26998\" width=\"409\" height=\"321\" srcset=\"https:\/\/cenal.gob.ve\/wp-content\/uploads\/2026\/01\/1000515400-300x234.jpg 300w, https:\/\/cenal.gob.ve\/wp-content\/uploads\/2026\/01\/1000515400-768x600.jpg 768w, https:\/\/cenal.gob.ve\/wp-content\/uploads\/2026\/01\/1000515400-640x500.jpg 640w\" sizes=\"(max-width: 409px) 100vw, 409px\" \/><\/figure>\n\n\n\n<figure class=\"wp-block-image size-full\"><img width=\"1000\" height=\"450\" src=\"https:\/\/cenal.gob.ve\/wp-content\/uploads\/2026\/01\/1000515397.jpg\" alt=\"\" class=\"wp-image-27013\" srcset=\"https:\/\/cenal.gob.ve\/wp-content\/uploads\/2026\/01\/1000515397.jpg 1000w, https:\/\/cenal.gob.ve\/wp-content\/uploads\/2026\/01\/1000515397-300x135.jpg 300w, https:\/\/cenal.gob.ve\/wp-content\/uploads\/2026\/01\/1000515397-768x346.jpg 768w, https:\/\/cenal.gob.ve\/wp-content\/uploads\/2026\/01\/1000515397-640x288.jpg 640w\" sizes=\"(max-width: 1000px) 100vw, 1000px\" \/><\/figure>\n\n\n\n<figure class=\"wp-block-image size-full\"><img width=\"744\" height=\"992\" src=\"https:\/\/cenal.gob.ve\/wp-content\/uploads\/2026\/01\/1000515448.jpg\" alt=\"\" class=\"wp-image-27007\" srcset=\"https:\/\/cenal.gob.ve\/wp-content\/uploads\/2026\/01\/1000515448.jpg 744w, https:\/\/cenal.gob.ve\/wp-content\/uploads\/2026\/01\/1000515448-225x300.jpg 225w, https:\/\/cenal.gob.ve\/wp-content\/uploads\/2026\/01\/1000515448-640x853.jpg 640w\" sizes=\"(max-width: 744px) 100vw, 744px\" \/><\/figure>\n\n\n\n<figure class=\"wp-block-image size-large\"><img width=\"1024\" height=\"462\" src=\"https:\/\/cenal.gob.ve\/wp-content\/uploads\/2026\/01\/1000515442-1024x462.jpg\" alt=\"\" class=\"wp-image-27001\" srcset=\"https:\/\/cenal.gob.ve\/wp-content\/uploads\/2026\/01\/1000515442-1024x462.jpg 1024w, https:\/\/cenal.gob.ve\/wp-content\/uploads\/2026\/01\/1000515442-300x135.jpg 300w, https:\/\/cenal.gob.ve\/wp-content\/uploads\/2026\/01\/1000515442-768x346.jpg 768w, https:\/\/cenal.gob.ve\/wp-content\/uploads\/2026\/01\/1000515442-640x289.jpg 640w, https:\/\/cenal.gob.ve\/wp-content\/uploads\/2026\/01\/1000515442.jpg 1280w\" sizes=\"(max-width: 1024px) 100vw, 1024px\" \/><\/figure>\n\n\n\n<figure class=\"wp-block-image size-full\"><img width=\"744\" height=\"992\" src=\"https:\/\/cenal.gob.ve\/wp-content\/uploads\/2026\/01\/1000515451.jpg\" alt=\"\" class=\"wp-image-27008\" srcset=\"https:\/\/cenal.gob.ve\/wp-content\/uploads\/2026\/01\/1000515451.jpg 744w, https:\/\/cenal.gob.ve\/wp-content\/uploads\/2026\/01\/1000515451-225x300.jpg 225w, https:\/\/cenal.gob.ve\/wp-content\/uploads\/2026\/01\/1000515451-640x853.jpg 640w\" sizes=\"(max-width: 744px) 100vw, 744px\" \/><\/figure>\n\n\n\n<figure class=\"wp-block-image size-full\"><img width=\"744\" height=\"992\" src=\"https:\/\/cenal.gob.ve\/wp-content\/uploads\/2026\/01\/1000515463.jpg\" alt=\"\" class=\"wp-image-27009\" srcset=\"https:\/\/cenal.gob.ve\/wp-content\/uploads\/2026\/01\/1000515463.jpg 744w, https:\/\/cenal.gob.ve\/wp-content\/uploads\/2026\/01\/1000515463-225x300.jpg 225w, https:\/\/cenal.gob.ve\/wp-content\/uploads\/2026\/01\/1000515463-640x853.jpg 640w\" sizes=\"(max-width: 744px) 100vw, 744px\" \/><\/figure>\n\n\n\n<figure class=\"wp-block-image size-full\"><img width=\"744\" height=\"992\" src=\"https:\/\/cenal.gob.ve\/wp-content\/uploads\/2026\/01\/1000515454.jpg\" alt=\"\" class=\"wp-image-27010\" srcset=\"https:\/\/cenal.gob.ve\/wp-content\/uploads\/2026\/01\/1000515454.jpg 744w, https:\/\/cenal.gob.ve\/wp-content\/uploads\/2026\/01\/1000515454-225x300.jpg 225w, https:\/\/cenal.gob.ve\/wp-content\/uploads\/2026\/01\/1000515454-640x853.jpg 640w\" sizes=\"(max-width: 744px) 100vw, 744px\" \/><\/figure>\n\n\n\n<figure class=\"wp-block-image size-full\"><img width=\"744\" height=\"992\" src=\"https:\/\/cenal.gob.ve\/wp-content\/uploads\/2026\/01\/1000515469.jpg\" alt=\"\" class=\"wp-image-27011\" srcset=\"https:\/\/cenal.gob.ve\/wp-content\/uploads\/2026\/01\/1000515469.jpg 744w, https:\/\/cenal.gob.ve\/wp-content\/uploads\/2026\/01\/1000515469-225x300.jpg 225w, https:\/\/cenal.gob.ve\/wp-content\/uploads\/2026\/01\/1000515469-640x853.jpg 640w\" sizes=\"(max-width: 744px) 100vw, 744px\" \/><\/figure>\n\n\n\n<figure class=\"wp-block-image size-large\"><img width=\"576\" height=\"1024\" src=\"https:\/\/cenal.gob.ve\/wp-content\/uploads\/2026\/01\/1000515481-576x1024.jpg\" alt=\"\" class=\"wp-image-27012\" srcset=\"https:\/\/cenal.gob.ve\/wp-content\/uploads\/2026\/01\/1000515481-576x1024.jpg 576w, https:\/\/cenal.gob.ve\/wp-content\/uploads\/2026\/01\/1000515481-169x300.jpg 169w, https:\/\/cenal.gob.ve\/wp-content\/uploads\/2026\/01\/1000515481-640x1138.jpg 640w, https:\/\/cenal.gob.ve\/wp-content\/uploads\/2026\/01\/1000515481.jpg 720w\" sizes=\"(max-width: 576px) 100vw, 576px\" \/><\/figure>\n\n\n\n<figure class=\"wp-block-image size-large\"><img width=\"768\" height=\"1024\" src=\"https:\/\/cenal.gob.ve\/wp-content\/uploads\/2026\/01\/1000515421-768x1024.jpg\" alt=\"\" class=\"wp-image-27014\" srcset=\"https:\/\/cenal.gob.ve\/wp-content\/uploads\/2026\/01\/1000515421-768x1024.jpg 768w, https:\/\/cenal.gob.ve\/wp-content\/uploads\/2026\/01\/1000515421-225x300.jpg 225w, https:\/\/cenal.gob.ve\/wp-content\/uploads\/2026\/01\/1000515421-640x853.jpg 640w, https:\/\/cenal.gob.ve\/wp-content\/uploads\/2026\/01\/1000515421.jpg 960w\" sizes=\"(max-width: 768px) 100vw, 768px\" \/><\/figure>\n\n\n\n<figure class=\"wp-block-image size-large is-resized\"><img src=\"https:\/\/cenal.gob.ve\/wp-content\/uploads\/2026\/01\/1000515579-462x1024.jpg\" alt=\"\" class=\"wp-image-27002\" width=\"391\" height=\"866\" srcset=\"https:\/\/cenal.gob.ve\/wp-content\/uploads\/2026\/01\/1000515579-462x1024.jpg 462w, https:\/\/cenal.gob.ve\/wp-content\/uploads\/2026\/01\/1000515579-135x300.jpg 135w, https:\/\/cenal.gob.ve\/wp-content\/uploads\/2026\/01\/1000515579.jpg 577w\" sizes=\"(max-width: 391px) 100vw, 391px\" \/><\/figure>\n\n\n\n<figure class=\"wp-block-image size-large is-resized\"><img src=\"https:\/\/cenal.gob.ve\/wp-content\/uploads\/2026\/01\/1000515433-1024x461.jpg\" alt=\"\" class=\"wp-image-27005\" width=\"391\" height=\"176\" srcset=\"https:\/\/cenal.gob.ve\/wp-content\/uploads\/2026\/01\/1000515433-1024x461.jpg 1024w, https:\/\/cenal.gob.ve\/wp-content\/uploads\/2026\/01\/1000515433-300x135.jpg 300w, https:\/\/cenal.gob.ve\/wp-content\/uploads\/2026\/01\/1000515433-768x346.jpg 768w, https:\/\/cenal.gob.ve\/wp-content\/uploads\/2026\/01\/1000515433-640x288.jpg 640w, https:\/\/cenal.gob.ve\/wp-content\/uploads\/2026\/01\/1000515433.jpg 1080w\" sizes=\"(max-width: 391px) 100vw, 391px\" \/><\/figure>\n","protected":false},"excerpt":{"rendered":"<p>Libros de la Colecci\u00f3n &#8220;25 para el 25&#8221; editados por el Fondo de Cultura Econ\u00f3mica (FCE) de M\u00e9xico para j\u00f3venes de entre 15 y 30 a\u00f1os se distribuyen gratuitamente por [&hellip;]<\/p>\n","protected":false},"author":10,"featured_media":26997,"comment_status":"open","ping_status":"closed","sticky":false,"template":"","format":"standard","meta":{"spay_email":"","jetpack_publicize_message":"","jetpack_is_tweetstorm":false,"jetpack_publicize_feature_enabled":true},"categories":[2],"tags":[],"yoast_head":"<!-- This site is optimized with the Yoast SEO plugin v19.8 - https:\/\/yoast.com\/wordpress\/plugins\/seo\/ -->\n<title>J\u00f3venes de Venezuela se acercan a autores del Boom latinoamericano<\/title>\n<meta name=\"robots\" content=\"index, follow, max-snippet:-1, max-image-preview:large, max-video-preview:-1\" \/>\n<link rel=\"canonical\" href=\"https:\/\/cenal.gob.ve\/?p=26996\" \/>\n<meta property=\"og:locale\" content=\"es_ES\" \/>\n<meta property=\"og:type\" content=\"article\" \/>\n<meta property=\"og:title\" content=\"J\u00f3venes de Venezuela se acercan a autores del Boom latinoamericano\" \/>\n<meta property=\"og:description\" content=\"Libros de la Colecci\u00f3n &#8220;25 para el 25&#8221; editados por el Fondo de Cultura Econ\u00f3mica (FCE) de M\u00e9xico para j\u00f3venes de entre 15 y 30 a\u00f1os se distribuyen gratuitamente por [&hellip;]\" \/>\n<meta property=\"og:url\" content=\"https:\/\/cenal.gob.ve\/?p=26996\" \/>\n<meta property=\"og:site_name\" content=\"Cenal\" \/>\n<meta property=\"article:published_time\" content=\"2026-01-23T23:04:22+00:00\" \/>\n<meta property=\"article:modified_time\" content=\"2026-01-23T23:54:26+00:00\" \/>\n<meta property=\"og:image\" content=\"http:\/\/cenal.gob.ve\/wp-content\/uploads\/2026\/01\/IMG-20260123-WA0139.jpg\" \/>\n\t<meta property=\"og:image:width\" content=\"2560\" \/>\n\t<meta property=\"og:image:height\" content=\"1920\" \/>\n\t<meta property=\"og:image:type\" content=\"image\/jpeg\" \/>\n<meta name=\"author\" content=\"Prensa Cenal\" \/>\n<meta name=\"twitter:card\" content=\"summary_large_image\" \/>\n<meta name=\"twitter:label1\" content=\"Written by\" \/>\n\t<meta name=\"twitter:data1\" content=\"Prensa Cenal\" \/>\n\t<meta name=\"twitter:label2\" content=\"Est. reading time\" \/>\n\t<meta name=\"twitter:data2\" content=\"7 minutos\" \/>\n<script type=\"application\/ld+json\" class=\"yoast-schema-graph\">{\"@context\":\"https:\/\/schema.org\",\"@graph\":[{\"@type\":\"Article\",\"@id\":\"https:\/\/cenal.gob.ve\/?p=26996#article\",\"isPartOf\":{\"@id\":\"https:\/\/cenal.gob.ve\/?p=26996\"},\"author\":{\"name\":\"Prensa Cenal\",\"@id\":\"https:\/\/cenal.gob.ve\/#\/schema\/person\/e3ed34623f400ffab8bc7a63b2f5533f\"},\"headline\":\"J\u00f3venes de Venezuela se acercan a autores del Boom latinoamericano\",\"datePublished\":\"2026-01-23T23:04:22+00:00\",\"dateModified\":\"2026-01-23T23:54:26+00:00\",\"mainEntityOfPage\":{\"@id\":\"https:\/\/cenal.gob.ve\/?p=26996\"},\"wordCount\":682,\"commentCount\":0,\"publisher\":{\"@id\":\"https:\/\/cenal.gob.ve\/#organization\"},\"articleSection\":[\"Cenal\"],\"inLanguage\":\"es\",\"potentialAction\":[{\"@type\":\"CommentAction\",\"name\":\"Comment\",\"target\":[\"https:\/\/cenal.gob.ve\/?p=26996#respond\"]}]},{\"@type\":\"WebPage\",\"@id\":\"https:\/\/cenal.gob.ve\/?p=26996\",\"url\":\"https:\/\/cenal.gob.ve\/?p=26996\",\"name\":\"J\u00f3venes de Venezuela se acercan a autores del Boom latinoamericano\",\"isPartOf\":{\"@id\":\"https:\/\/cenal.gob.ve\/#website\"},\"datePublished\":\"2026-01-23T23:04:22+00:00\",\"dateModified\":\"2026-01-23T23:54:26+00:00\",\"breadcrumb\":{\"@id\":\"https:\/\/cenal.gob.ve\/?p=26996#breadcrumb\"},\"inLanguage\":\"es\",\"potentialAction\":[{\"@type\":\"ReadAction\",\"target\":[\"https:\/\/cenal.gob.ve\/?p=26996\"]}]},{\"@type\":\"BreadcrumbList\",\"@id\":\"https:\/\/cenal.gob.ve\/?p=26996#breadcrumb\",\"itemListElement\":[{\"@type\":\"ListItem\",\"position\":1,\"name\":\"Home\",\"item\":\"https:\/\/cenal.gob.ve\/\"},{\"@type\":\"ListItem\",\"position\":2,\"name\":\"J\u00f3venes de Venezuela se acercan a autores del Boom latinoamericano\"}]},{\"@type\":\"WebSite\",\"@id\":\"https:\/\/cenal.gob.ve\/#website\",\"url\":\"https:\/\/cenal.gob.ve\/\",\"name\":\"Cenal\",\"description\":\"\",\"publisher\":{\"@id\":\"https:\/\/cenal.gob.ve\/#organization\"},\"potentialAction\":[{\"@type\":\"SearchAction\",\"target\":{\"@type\":\"EntryPoint\",\"urlTemplate\":\"https:\/\/cenal.gob.ve\/?s={search_term_string}\"},\"query-input\":\"required name=search_term_string\"}],\"inLanguage\":\"es\"},{\"@type\":\"Organization\",\"@id\":\"https:\/\/cenal.gob.ve\/#organization\",\"name\":\"CENAL\",\"url\":\"https:\/\/cenal.gob.ve\/\",\"sameAs\":[],\"logo\":{\"@type\":\"ImageObject\",\"inLanguage\":\"es\",\"@id\":\"https:\/\/cenal.gob.ve\/#\/schema\/logo\/image\/\",\"url\":\"https:\/\/i0.wp.com\/cenal.gob.ve\/wp-content\/uploads\/2022\/10\/cropped-images.jpg?fit=512%2C512\",\"contentUrl\":\"https:\/\/i0.wp.com\/cenal.gob.ve\/wp-content\/uploads\/2022\/10\/cropped-images.jpg?fit=512%2C512\",\"width\":512,\"height\":512,\"caption\":\"CENAL\"},\"image\":{\"@id\":\"https:\/\/cenal.gob.ve\/#\/schema\/logo\/image\/\"}},{\"@type\":\"Person\",\"@id\":\"https:\/\/cenal.gob.ve\/#\/schema\/person\/e3ed34623f400ffab8bc7a63b2f5533f\",\"name\":\"Prensa Cenal\",\"image\":{\"@type\":\"ImageObject\",\"inLanguage\":\"es\",\"@id\":\"https:\/\/cenal.gob.ve\/#\/schema\/person\/image\/\",\"url\":\"https:\/\/secure.gravatar.com\/avatar\/594b4ed34090910c619ac3679001d491?s=96&d=mm&r=g\",\"contentUrl\":\"https:\/\/secure.gravatar.com\/avatar\/594b4ed34090910c619ac3679001d491?s=96&d=mm&r=g\",\"caption\":\"Prensa Cenal\"},\"url\":\"https:\/\/cenal.gob.ve\/?author=10\"}]}<\/script>\n<!-- \/ Yoast SEO plugin. -->","yoast_head_json":{"title":"J\u00f3venes de Venezuela se acercan a autores del Boom latinoamericano","robots":{"index":"index","follow":"follow","max-snippet":"max-snippet:-1","max-image-preview":"max-image-preview:large","max-video-preview":"max-video-preview:-1"},"canonical":"https:\/\/cenal.gob.ve\/?p=26996","og_locale":"es_ES","og_type":"article","og_title":"J\u00f3venes de Venezuela se acercan a autores del Boom latinoamericano","og_description":"Libros de la Colecci\u00f3n &#8220;25 para el 25&#8221; editados por el Fondo de Cultura Econ\u00f3mica (FCE) de M\u00e9xico para j\u00f3venes de entre 15 y 30 a\u00f1os se distribuyen gratuitamente por [&hellip;]","og_url":"https:\/\/cenal.gob.ve\/?p=26996","og_site_name":"Cenal","article_published_time":"2026-01-23T23:04:22+00:00","article_modified_time":"2026-01-23T23:54:26+00:00","og_image":[{"width":2560,"height":1920,"url":"http:\/\/cenal.gob.ve\/wp-content\/uploads\/2026\/01\/IMG-20260123-WA0139.jpg","type":"image\/jpeg"}],"author":"Prensa Cenal","twitter_card":"summary_large_image","twitter_misc":{"Written by":"Prensa Cenal","Est. reading time":"7 minutos"},"schema":{"@context":"https:\/\/schema.org","@graph":[{"@type":"Article","@id":"https:\/\/cenal.gob.ve\/?p=26996#article","isPartOf":{"@id":"https:\/\/cenal.gob.ve\/?p=26996"},"author":{"name":"Prensa Cenal","@id":"https:\/\/cenal.gob.ve\/#\/schema\/person\/e3ed34623f400ffab8bc7a63b2f5533f"},"headline":"J\u00f3venes de Venezuela se acercan a autores del Boom latinoamericano","datePublished":"2026-01-23T23:04:22+00:00","dateModified":"2026-01-23T23:54:26+00:00","mainEntityOfPage":{"@id":"https:\/\/cenal.gob.ve\/?p=26996"},"wordCount":682,"commentCount":0,"publisher":{"@id":"https:\/\/cenal.gob.ve\/#organization"},"articleSection":["Cenal"],"inLanguage":"es","potentialAction":[{"@type":"CommentAction","name":"Comment","target":["https:\/\/cenal.gob.ve\/?p=26996#respond"]}]},{"@type":"WebPage","@id":"https:\/\/cenal.gob.ve\/?p=26996","url":"https:\/\/cenal.gob.ve\/?p=26996","name":"J\u00f3venes de Venezuela se acercan a autores del Boom latinoamericano","isPartOf":{"@id":"https:\/\/cenal.gob.ve\/#website"},"datePublished":"2026-01-23T23:04:22+00:00","dateModified":"2026-01-23T23:54:26+00:00","breadcrumb":{"@id":"https:\/\/cenal.gob.ve\/?p=26996#breadcrumb"},"inLanguage":"es","potentialAction":[{"@type":"ReadAction","target":["https:\/\/cenal.gob.ve\/?p=26996"]}]},{"@type":"BreadcrumbList","@id":"https:\/\/cenal.gob.ve\/?p=26996#breadcrumb","itemListElement":[{"@type":"ListItem","position":1,"name":"Home","item":"https:\/\/cenal.gob.ve\/"},{"@type":"ListItem","position":2,"name":"J\u00f3venes de Venezuela se acercan a autores del Boom latinoamericano"}]},{"@type":"WebSite","@id":"https:\/\/cenal.gob.ve\/#website","url":"https:\/\/cenal.gob.ve\/","name":"Cenal","description":"","publisher":{"@id":"https:\/\/cenal.gob.ve\/#organization"},"potentialAction":[{"@type":"SearchAction","target":{"@type":"EntryPoint","urlTemplate":"https:\/\/cenal.gob.ve\/?s={search_term_string}"},"query-input":"required name=search_term_string"}],"inLanguage":"es"},{"@type":"Organization","@id":"https:\/\/cenal.gob.ve\/#organization","name":"CENAL","url":"https:\/\/cenal.gob.ve\/","sameAs":[],"logo":{"@type":"ImageObject","inLanguage":"es","@id":"https:\/\/cenal.gob.ve\/#\/schema\/logo\/image\/","url":"https:\/\/i0.wp.com\/cenal.gob.ve\/wp-content\/uploads\/2022\/10\/cropped-images.jpg?fit=512%2C512","contentUrl":"https:\/\/i0.wp.com\/cenal.gob.ve\/wp-content\/uploads\/2022\/10\/cropped-images.jpg?fit=512%2C512","width":512,"height":512,"caption":"CENAL"},"image":{"@id":"https:\/\/cenal.gob.ve\/#\/schema\/logo\/image\/"}},{"@type":"Person","@id":"https:\/\/cenal.gob.ve\/#\/schema\/person\/e3ed34623f400ffab8bc7a63b2f5533f","name":"Prensa Cenal","image":{"@type":"ImageObject","inLanguage":"es","@id":"https:\/\/cenal.gob.ve\/#\/schema\/person\/image\/","url":"https:\/\/secure.gravatar.com\/avatar\/594b4ed34090910c619ac3679001d491?s=96&d=mm&r=g","contentUrl":"https:\/\/secure.gravatar.com\/avatar\/594b4ed34090910c619ac3679001d491?s=96&d=mm&r=g","caption":"Prensa Cenal"},"url":"https:\/\/cenal.gob.ve\/?author=10"}]}},"jetpack_featured_media_url":"https:\/\/cenal.gob.ve\/wp-content\/uploads\/2026\/01\/IMG-20260123-WA0139.jpg","jetpack_publicize_connections":[],"jetpack_shortlink":"https:\/\/wp.me\/p5FMhp-71q","_links":{"self":[{"href":"https:\/\/cenal.gob.ve\/index.php?rest_route=\/wp\/v2\/posts\/26996"}],"collection":[{"href":"https:\/\/cenal.gob.ve\/index.php?rest_route=\/wp\/v2\/posts"}],"about":[{"href":"https:\/\/cenal.gob.ve\/index.php?rest_route=\/wp\/v2\/types\/post"}],"author":[{"embeddable":true,"href":"https:\/\/cenal.gob.ve\/index.php?rest_route=\/wp\/v2\/users\/10"}],"replies":[{"embeddable":true,"href":"https:\/\/cenal.gob.ve\/index.php?rest_route=%2Fwp%2Fv2%2Fcomments&post=26996"}],"version-history":[{"count":5,"href":"https:\/\/cenal.gob.ve\/index.php?rest_route=\/wp\/v2\/posts\/26996\/revisions"}],"predecessor-version":[{"id":27045,"href":"https:\/\/cenal.gob.ve\/index.php?rest_route=\/wp\/v2\/posts\/26996\/revisions\/27045"}],"wp:featuredmedia":[{"embeddable":true,"href":"https:\/\/cenal.gob.ve\/index.php?rest_route=\/wp\/v2\/media\/26997"}],"wp:attachment":[{"href":"https:\/\/cenal.gob.ve\/index.php?rest_route=%2Fwp%2Fv2%2Fmedia&parent=26996"}],"wp:term":[{"taxonomy":"category","embeddable":true,"href":"https:\/\/cenal.gob.ve\/index.php?rest_route=%2Fwp%2Fv2%2Fcategories&post=26996"},{"taxonomy":"post_tag","embeddable":true,"href":"https:\/\/cenal.gob.ve\/index.php?rest_route=%2Fwp%2Fv2%2Ftags&post=26996"}],"curies":[{"name":"wp","href":"https:\/\/api.w.org\/{rel}","templated":true}]}}