{"id":27021,"date":"2026-01-23T19:18:28","date_gmt":"2026-01-23T23:18:28","guid":{"rendered":"https:\/\/cenal.gob.ve\/?p=27021"},"modified":"2026-01-23T19:52:02","modified_gmt":"2026-01-23T23:52:02","slug":"liceistas-venezolanos-conectados-a-la-lectura-con-coleccion-25-para-el-25","status":"publish","type":"post","link":"https:\/\/cenal.gob.ve\/?p=27021","title":{"rendered":"Lice\u00edstas venezolanos conectados a la lectura con Colecci\u00f3n &#8220;25 para el 25&#8221;"},"content":{"rendered":"\n<p>J\u00f3venes estudiantes del Liceo Andr\u00e9s Bello en Caracas recibieron por parte del Centro Nacional del Libro (Cenal) ejemplares de la colecci\u00f3n de libros &#8220;25 para el 25&#8221; del Fondo de Cultura Econ\u00f3mica (FCE) de M\u00e9xico, con los que pueden acercarse a voces fundamentales de la literatura latinoamericana que dan muestra de las historias y luchas propias de la regi\u00f3n.<\/p>\n\n\n\n<p>La jornada form\u00f3 parte del plan de distribuci\u00f3n gratuita de estos textos en el pa\u00eds que lleva a cabo el Ministerio del Poder Popular para la Cultura (MPPC), a trav\u00e9s del Cenal, en diferentes centros educativos, espacios culturales, circuitos comunales y sedes de Librer\u00edas del Sur.<\/p>\n\n\n\n<figure class=\"wp-block-image size-large\"><img width=\"1024\" height=\"683\" src=\"https:\/\/cenal.gob.ve\/wp-content\/uploads\/2026\/01\/1000515066-1024x683.jpg\" alt=\"\" class=\"wp-image-27038\" srcset=\"https:\/\/cenal.gob.ve\/wp-content\/uploads\/2026\/01\/1000515066-1024x683.jpg 1024w, https:\/\/cenal.gob.ve\/wp-content\/uploads\/2026\/01\/1000515066-300x200.jpg 300w, https:\/\/cenal.gob.ve\/wp-content\/uploads\/2026\/01\/1000515066-768x512.jpg 768w, https:\/\/cenal.gob.ve\/wp-content\/uploads\/2026\/01\/1000515066-1536x1024.jpg 1536w, https:\/\/cenal.gob.ve\/wp-content\/uploads\/2026\/01\/1000515066-2048x1366.jpg 2048w, https:\/\/cenal.gob.ve\/wp-content\/uploads\/2026\/01\/1000515066-640x427.jpg 640w\" sizes=\"(max-width: 1024px) 100vw, 1024px\" \/><\/figure>\n\n\n\n<figure class=\"wp-block-image size-large\"><img width=\"1024\" height=\"683\" src=\"https:\/\/cenal.gob.ve\/wp-content\/uploads\/2026\/01\/1000515770-1024x683.jpg\" alt=\"\" class=\"wp-image-27025\" srcset=\"https:\/\/cenal.gob.ve\/wp-content\/uploads\/2026\/01\/1000515770-1024x683.jpg 1024w, https:\/\/cenal.gob.ve\/wp-content\/uploads\/2026\/01\/1000515770-300x200.jpg 300w, https:\/\/cenal.gob.ve\/wp-content\/uploads\/2026\/01\/1000515770-768x512.jpg 768w, https:\/\/cenal.gob.ve\/wp-content\/uploads\/2026\/01\/1000515770-1536x1024.jpg 1536w, https:\/\/cenal.gob.ve\/wp-content\/uploads\/2026\/01\/1000515770-2048x1366.jpg 2048w, https:\/\/cenal.gob.ve\/wp-content\/uploads\/2026\/01\/1000515770-640x427.jpg 640w\" sizes=\"(max-width: 1024px) 100vw, 1024px\" \/><\/figure>\n\n\n\n<p>En el auditorio del complejo educativo se desarroll\u00f3 la jornada para la promoci\u00f3n de la lectura con una atm\u00f3sfera din\u00e1mica y participativa donde estuvieron presentes el viceministro de Fomento para la Econom\u00eda Cultural del MPPC y presidente del Centro Nacional del Libro (Cenal), Ra\u00fal Cazal; el escritor colombo-venezolano Luis Dar\u00edo Bernal y la promotora de lectura Francis Jim\u00e9nez, en compa\u00f1\u00eda del director de Liceo Andr\u00e9s Bello, Joel Acosta.<\/p>\n\n\n\n<p><strong>Grandes autores<\/strong><\/p>\n\n\n\n<p>El viceministro Cazal ilustr\u00f3 que los j\u00f3venes pueden encontrarse con grandes autores del Boom de la literatura latinoamericana, como Gabriel Garc\u00eda M\u00e1rquez con su obra Operaci\u00f3n Carlota, &#8220;que demuestra c\u00f3mo se puede hacer tambi\u00e9n de forma narrativa un reportaje&#8221;.<\/p>\n\n\n\n<figure class=\"wp-block-image size-large\"><img width=\"1024\" height=\"682\" src=\"https:\/\/cenal.gob.ve\/wp-content\/uploads\/2026\/01\/1000515782-1024x682.jpg\" alt=\"\" class=\"wp-image-27029\" srcset=\"https:\/\/cenal.gob.ve\/wp-content\/uploads\/2026\/01\/1000515782-1024x682.jpg 1024w, https:\/\/cenal.gob.ve\/wp-content\/uploads\/2026\/01\/1000515782-300x200.jpg 300w, https:\/\/cenal.gob.ve\/wp-content\/uploads\/2026\/01\/1000515782-768x512.jpg 768w, https:\/\/cenal.gob.ve\/wp-content\/uploads\/2026\/01\/1000515782-1536x1024.jpg 1536w, https:\/\/cenal.gob.ve\/wp-content\/uploads\/2026\/01\/1000515782-2048x1365.jpg 2048w, https:\/\/cenal.gob.ve\/wp-content\/uploads\/2026\/01\/1000515782-640x427.jpg 640w\" sizes=\"(max-width: 1024px) 100vw, 1024px\" \/><\/figure>\n\n\n\n<p>Entre los t\u00edtulos que se distribuyen por el pa\u00eds en una primera etapa se encuentran Juan Gelman, con \u201cC\u00f3mo tirar de la muerte\u201d (Poes\u00eda, Argentina); Amparo D\u00e1vila, con \u201cM\u00fasica Concreta\u201d; Miguel \u00c1ngel Asturias, con \u201cWeek-end en Guatemala\u201d (Narrativa, Guatemala); Nona Fern\u00e1ndez, con \u201cSpace invaders\u201d (Narrativa, Chile); Ala\u00edde Foppa, con \u201cViento de primavera. Antolog\u00eda po\u00e9tica (1945-1979)\u201d (Poes\u00eda, Guatemala); Dante Liano, con \u201cR\u00e9quiem por Teresa\u201d y m\u00fasica concreta; Piedad Bonnett, con \u201cLos privilegios del olvido. Antolog\u00eda personal\u201d (Poes\u00eda, Colombia).<\/p>\n\n\n\n<figure class=\"wp-block-image size-large\"><img width=\"1024\" height=\"683\" src=\"https:\/\/cenal.gob.ve\/wp-content\/uploads\/2026\/01\/1000515776-1024x683.jpg\" alt=\"\" class=\"wp-image-27026\" srcset=\"https:\/\/cenal.gob.ve\/wp-content\/uploads\/2026\/01\/1000515776-1024x683.jpg 1024w, https:\/\/cenal.gob.ve\/wp-content\/uploads\/2026\/01\/1000515776-300x200.jpg 300w, https:\/\/cenal.gob.ve\/wp-content\/uploads\/2026\/01\/1000515776-768x512.jpg 768w, https:\/\/cenal.gob.ve\/wp-content\/uploads\/2026\/01\/1000515776-1536x1024.jpg 1536w, https:\/\/cenal.gob.ve\/wp-content\/uploads\/2026\/01\/1000515776-2048x1366.jpg 2048w, https:\/\/cenal.gob.ve\/wp-content\/uploads\/2026\/01\/1000515776-640x427.jpg 640w\" sizes=\"(max-width: 1024px) 100vw, 1024px\" \/><\/figure>\n\n\n\n<p>El viceministro Cazal enfatiz\u00f3 que la lectura es un catalizador para transformar el pensamiento y la percepci\u00f3n del mundo. &#8220;Todos estos libros son para que se transforme su forma de pensar; la lectura va a contribuir con todo nuestro pensamiento y la forma de ver la vida; todos leemos, solo que ahora tenemos que ver por qu\u00e9 y para qu\u00e9 leemos&#8221;, sostuvo Cazal, quien record\u00f3 que tanto el Comandante Hugo Ch\u00e1vez como el presidente Nicol\u00e1s Maduro han sido grandes promotores de la lectura para la generaci\u00f3n de hombres y mujeres libres.<\/p>\n\n\n\n<p>Luis Dar\u00edo Bernal defendi\u00f3 apasionadamente la lectura e invit\u00f3 a los j\u00f3venes a incorporarla en sus rutinas destacando que esta &#8220;hace seres cr\u00edticos, universales, tolerantes y libres&#8221;.<\/p>\n\n\n\n<figure class=\"wp-block-image size-large\"><img width=\"1024\" height=\"683\" src=\"https:\/\/cenal.gob.ve\/wp-content\/uploads\/2026\/01\/1000515780-1024x683.jpg\" alt=\"\" class=\"wp-image-27027\" srcset=\"https:\/\/cenal.gob.ve\/wp-content\/uploads\/2026\/01\/1000515780-1024x683.jpg 1024w, https:\/\/cenal.gob.ve\/wp-content\/uploads\/2026\/01\/1000515780-300x200.jpg 300w, https:\/\/cenal.gob.ve\/wp-content\/uploads\/2026\/01\/1000515780-768x512.jpg 768w, https:\/\/cenal.gob.ve\/wp-content\/uploads\/2026\/01\/1000515780-1536x1024.jpg 1536w, https:\/\/cenal.gob.ve\/wp-content\/uploads\/2026\/01\/1000515780-2048x1366.jpg 2048w, https:\/\/cenal.gob.ve\/wp-content\/uploads\/2026\/01\/1000515780-640x427.jpg 640w\" sizes=\"(max-width: 1024px) 100vw, 1024px\" \/><\/figure>\n\n\n\n<p>Bernal cautiv\u00f3 al p\u00fablico con trabalenguas y adivinanzas, y comparti\u00f3 la lectura del texto &#8220;La espinaca y el perejil&#8221;, con lo que propici\u00f3 un espacio donde los alumnos pudieron hacer preguntas y participar activamente.<\/p>\n\n\n\n<p>Por su parte, Francis Jim\u00e9nez, promotora de lectura y educadora, resalt\u00f3 el esfuerzo del Estado venezolano para impulsar la lectura y se\u00f1al\u00f3 que ahora los j\u00f3venes deben buscar su propio inter\u00e9s para leer.<\/p>\n\n\n\n<p><strong>Libros 25 para el 25 en toda Venezuela<\/strong><\/p>\n\n\n\n<p>La distribuci\u00f3n gratuita de ejemplares de la colecci\u00f3n 25 para el 25 se extiende m\u00e1s all\u00e1 de Caracas, replic\u00e1ndose en los estados del pa\u00eds con operativos de entrega en sedes de Librer\u00edas del Sur, espacios culturales, centros educativos y comunas.<\/p>\n\n\n\n<p>La distribuci\u00f3n gratuita de la colecci\u00f3n en Venezuela es producto de un convenio suscrito en octubre de 2025 entre el FCE y el MPPC, representado por el Cenal y Monte \u00c1vila Editores Latinoamericana.<\/p>\n\n\n\n<p>Se espera alcanzar la distribuci\u00f3n en todo el pa\u00eds de 200 mil ejemplares de libros de la colecci\u00f3n, incluyendo entregas en las 34 sedes de Librer\u00edas del Sur, los jueves y viernes.<\/p>\n\n\n\n<p>\u201c25 para el 25\u201d est\u00e1 conformada en total por 27 obras de autores del boom de la literatura latinoamericana, considerados voces esenciales: Gabriel Garc\u00eda M\u00e1rquez (Colombia), Juan Gelman (Argentina), Amparo D\u00e1vila (M\u00e9xico), Miguel \u00c1ngel Asturias (Guatemala), Nona Fern\u00e1ndez (Chile), Ala\u00edde Foppa (Guatemala), Dante Liano (Guatemala), Piedad Bonnett (Colombia), Luis Britto Garc\u00eda (Venezuela), Manuel Rojas (Chile), Ra\u00fal Zurita (Chile), Roberto Fern\u00e1ndez Retamar (Cuba), Miguel Donoso Pareja (Ecuador), Roque Dalton (El Salvador), Carlos Montemayor (M\u00e9xico), Fabrizio Mej\u00eda Madrid (M\u00e9xico), Adela Fern\u00e1ndez (M\u00e9xico), Guadalupe Due\u00f1as (M\u00e9xico), Sergio Ram\u00edrez (Nicaragua), Jos\u00e9 Mar\u00eda Arguedas (Per\u00fa), Blanca Varela (Per\u00fa), Eduardo Galeano (Uruguay), Mario Benedetti (Uruguay), Osvaldo Bayer (Argentina), Juan Carlos Onetti (Uruguay), Andr\u00e9s Caicedo (Colombia) y Eduardo Rosenzvaig (Argentina).<\/p>\n\n\n\n<figure class=\"wp-block-image size-large\"><img width=\"1024\" height=\"683\" src=\"https:\/\/cenal.gob.ve\/wp-content\/uploads\/2026\/01\/1000515772-1024x683.jpg\" alt=\"\" class=\"wp-image-27028\" srcset=\"https:\/\/cenal.gob.ve\/wp-content\/uploads\/2026\/01\/1000515772-1024x683.jpg 1024w, https:\/\/cenal.gob.ve\/wp-content\/uploads\/2026\/01\/1000515772-300x200.jpg 300w, https:\/\/cenal.gob.ve\/wp-content\/uploads\/2026\/01\/1000515772-768x512.jpg 768w, https:\/\/cenal.gob.ve\/wp-content\/uploads\/2026\/01\/1000515772-1536x1024.jpg 1536w, https:\/\/cenal.gob.ve\/wp-content\/uploads\/2026\/01\/1000515772-2048x1366.jpg 2048w, https:\/\/cenal.gob.ve\/wp-content\/uploads\/2026\/01\/1000515772-640x427.jpg 640w\" sizes=\"(max-width: 1024px) 100vw, 1024px\" \/><\/figure>\n\n\n\n<figure class=\"wp-block-image size-large\"><img width=\"1024\" height=\"683\" src=\"https:\/\/cenal.gob.ve\/wp-content\/uploads\/2026\/01\/1000515771-1024x683.jpg\" alt=\"\" class=\"wp-image-27030\" srcset=\"https:\/\/cenal.gob.ve\/wp-content\/uploads\/2026\/01\/1000515771-1024x683.jpg 1024w, https:\/\/cenal.gob.ve\/wp-content\/uploads\/2026\/01\/1000515771-300x200.jpg 300w, https:\/\/cenal.gob.ve\/wp-content\/uploads\/2026\/01\/1000515771-768x512.jpg 768w, https:\/\/cenal.gob.ve\/wp-content\/uploads\/2026\/01\/1000515771-1536x1024.jpg 1536w, https:\/\/cenal.gob.ve\/wp-content\/uploads\/2026\/01\/1000515771-2048x1366.jpg 2048w, https:\/\/cenal.gob.ve\/wp-content\/uploads\/2026\/01\/1000515771-640x427.jpg 640w\" sizes=\"(max-width: 1024px) 100vw, 1024px\" \/><\/figure>\n\n\n\n<figure class=\"wp-block-image size-large\"><img width=\"1024\" height=\"683\" src=\"https:\/\/cenal.gob.ve\/wp-content\/uploads\/2026\/01\/1000515778-1024x683.jpg\" alt=\"\" class=\"wp-image-27031\" srcset=\"https:\/\/cenal.gob.ve\/wp-content\/uploads\/2026\/01\/1000515778-1024x683.jpg 1024w, https:\/\/cenal.gob.ve\/wp-content\/uploads\/2026\/01\/1000515778-300x200.jpg 300w, https:\/\/cenal.gob.ve\/wp-content\/uploads\/2026\/01\/1000515778-768x512.jpg 768w, https:\/\/cenal.gob.ve\/wp-content\/uploads\/2026\/01\/1000515778-1536x1024.jpg 1536w, https:\/\/cenal.gob.ve\/wp-content\/uploads\/2026\/01\/1000515778-2048x1366.jpg 2048w, https:\/\/cenal.gob.ve\/wp-content\/uploads\/2026\/01\/1000515778-640x427.jpg 640w\" sizes=\"(max-width: 1024px) 100vw, 1024px\" \/><\/figure>\n\n\n\n<figure class=\"wp-block-image size-large\"><img width=\"1024\" height=\"683\" src=\"https:\/\/cenal.gob.ve\/wp-content\/uploads\/2026\/01\/1000515777-1024x683.jpg\" alt=\"\" class=\"wp-image-27032\" srcset=\"https:\/\/cenal.gob.ve\/wp-content\/uploads\/2026\/01\/1000515777-1024x683.jpg 1024w, https:\/\/cenal.gob.ve\/wp-content\/uploads\/2026\/01\/1000515777-300x200.jpg 300w, https:\/\/cenal.gob.ve\/wp-content\/uploads\/2026\/01\/1000515777-768x512.jpg 768w, https:\/\/cenal.gob.ve\/wp-content\/uploads\/2026\/01\/1000515777-1536x1024.jpg 1536w, https:\/\/cenal.gob.ve\/wp-content\/uploads\/2026\/01\/1000515777-2048x1366.jpg 2048w, https:\/\/cenal.gob.ve\/wp-content\/uploads\/2026\/01\/1000515777-640x427.jpg 640w\" sizes=\"(max-width: 1024px) 100vw, 1024px\" \/><\/figure>\n\n\n\n<figure class=\"wp-block-image size-large\"><img width=\"1024\" height=\"683\" src=\"https:\/\/cenal.gob.ve\/wp-content\/uploads\/2026\/01\/1000515781-1024x683.jpg\" alt=\"\" class=\"wp-image-27033\" srcset=\"https:\/\/cenal.gob.ve\/wp-content\/uploads\/2026\/01\/1000515781-1024x683.jpg 1024w, https:\/\/cenal.gob.ve\/wp-content\/uploads\/2026\/01\/1000515781-300x200.jpg 300w, https:\/\/cenal.gob.ve\/wp-content\/uploads\/2026\/01\/1000515781-768x512.jpg 768w, https:\/\/cenal.gob.ve\/wp-content\/uploads\/2026\/01\/1000515781-1536x1024.jpg 1536w, https:\/\/cenal.gob.ve\/wp-content\/uploads\/2026\/01\/1000515781-2048x1366.jpg 2048w, https:\/\/cenal.gob.ve\/wp-content\/uploads\/2026\/01\/1000515781-640x427.jpg 640w\" sizes=\"(max-width: 1024px) 100vw, 1024px\" \/><\/figure>\n\n\n\n<figure class=\"wp-block-image size-large\"><img width=\"1024\" height=\"683\" src=\"https:\/\/cenal.gob.ve\/wp-content\/uploads\/2026\/01\/1000515773-1024x683.jpg\" alt=\"\" class=\"wp-image-27034\" srcset=\"https:\/\/cenal.gob.ve\/wp-content\/uploads\/2026\/01\/1000515773-1024x683.jpg 1024w, https:\/\/cenal.gob.ve\/wp-content\/uploads\/2026\/01\/1000515773-300x200.jpg 300w, https:\/\/cenal.gob.ve\/wp-content\/uploads\/2026\/01\/1000515773-768x512.jpg 768w, https:\/\/cenal.gob.ve\/wp-content\/uploads\/2026\/01\/1000515773-1536x1024.jpg 1536w, https:\/\/cenal.gob.ve\/wp-content\/uploads\/2026\/01\/1000515773-2048x1366.jpg 2048w, https:\/\/cenal.gob.ve\/wp-content\/uploads\/2026\/01\/1000515773-640x427.jpg 640w\" sizes=\"(max-width: 1024px) 100vw, 1024px\" \/><\/figure>\n\n\n\n<figure class=\"wp-block-image size-large\"><img width=\"1024\" height=\"683\" src=\"https:\/\/cenal.gob.ve\/wp-content\/uploads\/2026\/01\/1000515774-1024x683.jpg\" alt=\"\" class=\"wp-image-27035\" srcset=\"https:\/\/cenal.gob.ve\/wp-content\/uploads\/2026\/01\/1000515774-1024x683.jpg 1024w, https:\/\/cenal.gob.ve\/wp-content\/uploads\/2026\/01\/1000515774-300x200.jpg 300w, https:\/\/cenal.gob.ve\/wp-content\/uploads\/2026\/01\/1000515774-768x512.jpg 768w, https:\/\/cenal.gob.ve\/wp-content\/uploads\/2026\/01\/1000515774-1536x1024.jpg 1536w, https:\/\/cenal.gob.ve\/wp-content\/uploads\/2026\/01\/1000515774-2048x1366.jpg 2048w, https:\/\/cenal.gob.ve\/wp-content\/uploads\/2026\/01\/1000515774-640x427.jpg 640w\" sizes=\"(max-width: 1024px) 100vw, 1024px\" \/><\/figure>\n","protected":false},"excerpt":{"rendered":"<p>J\u00f3venes estudiantes del Liceo Andr\u00e9s Bello en Caracas recibieron por parte del Centro Nacional del Libro (Cenal) ejemplares de la colecci\u00f3n de libros &#8220;25 para el 25&#8221; del Fondo de [&hellip;]<\/p>\n","protected":false},"author":10,"featured_media":27022,"comment_status":"open","ping_status":"closed","sticky":false,"template":"","format":"standard","meta":{"spay_email":"","jetpack_publicize_message":"","jetpack_is_tweetstorm":false,"jetpack_publicize_feature_enabled":true},"categories":[2],"tags":[],"yoast_head":"<!-- This site is optimized with the Yoast SEO plugin v19.8 - https:\/\/yoast.com\/wordpress\/plugins\/seo\/ -->\n<title>Lice\u00edstas venezolanos conectados a la lectura con Colecci\u00f3n &quot;25 para el 25&quot;<\/title>\n<meta name=\"robots\" content=\"index, follow, max-snippet:-1, max-image-preview:large, max-video-preview:-1\" \/>\n<link rel=\"canonical\" href=\"https:\/\/cenal.gob.ve\/?p=27021\" \/>\n<meta property=\"og:locale\" content=\"es_ES\" \/>\n<meta property=\"og:type\" content=\"article\" \/>\n<meta property=\"og:title\" content=\"Lice\u00edstas venezolanos conectados a la lectura con Colecci\u00f3n &quot;25 para el 25&quot;\" \/>\n<meta property=\"og:description\" content=\"J\u00f3venes estudiantes del Liceo Andr\u00e9s Bello en Caracas recibieron por parte del Centro Nacional del Libro (Cenal) ejemplares de la colecci\u00f3n de libros &#8220;25 para el 25&#8221; del Fondo de [&hellip;]\" \/>\n<meta property=\"og:url\" content=\"https:\/\/cenal.gob.ve\/?p=27021\" \/>\n<meta property=\"og:site_name\" content=\"Cenal\" \/>\n<meta property=\"article:published_time\" content=\"2026-01-23T23:18:28+00:00\" \/>\n<meta property=\"article:modified_time\" content=\"2026-01-23T23:52:02+00:00\" \/>\n<meta property=\"og:image\" content=\"http:\/\/cenal.gob.ve\/wp-content\/uploads\/2026\/01\/IMG-20260123-WA0196.jpg\" \/>\n\t<meta property=\"og:image:width\" content=\"991\" \/>\n\t<meta property=\"og:image:height\" content=\"699\" \/>\n\t<meta property=\"og:image:type\" content=\"image\/jpeg\" \/>\n<meta name=\"author\" content=\"Prensa Cenal\" \/>\n<meta name=\"twitter:card\" content=\"summary_large_image\" \/>\n<meta name=\"twitter:label1\" content=\"Written by\" \/>\n\t<meta name=\"twitter:data1\" content=\"Prensa Cenal\" \/>\n\t<meta name=\"twitter:label2\" content=\"Est. reading time\" \/>\n\t<meta name=\"twitter:data2\" content=\"6 minutos\" \/>\n<script type=\"application\/ld+json\" class=\"yoast-schema-graph\">{\"@context\":\"https:\/\/schema.org\",\"@graph\":[{\"@type\":\"Article\",\"@id\":\"https:\/\/cenal.gob.ve\/?p=27021#article\",\"isPartOf\":{\"@id\":\"https:\/\/cenal.gob.ve\/?p=27021\"},\"author\":{\"name\":\"Prensa Cenal\",\"@id\":\"https:\/\/cenal.gob.ve\/#\/schema\/person\/e3ed34623f400ffab8bc7a63b2f5533f\"},\"headline\":\"Lice\u00edstas venezolanos conectados a la lectura con Colecci\u00f3n &#8220;25 para el 25&#8221;\",\"datePublished\":\"2026-01-23T23:18:28+00:00\",\"dateModified\":\"2026-01-23T23:52:02+00:00\",\"mainEntityOfPage\":{\"@id\":\"https:\/\/cenal.gob.ve\/?p=27021\"},\"wordCount\":785,\"commentCount\":1,\"publisher\":{\"@id\":\"https:\/\/cenal.gob.ve\/#organization\"},\"articleSection\":[\"Cenal\"],\"inLanguage\":\"es\",\"potentialAction\":[{\"@type\":\"CommentAction\",\"name\":\"Comment\",\"target\":[\"https:\/\/cenal.gob.ve\/?p=27021#respond\"]}]},{\"@type\":\"WebPage\",\"@id\":\"https:\/\/cenal.gob.ve\/?p=27021\",\"url\":\"https:\/\/cenal.gob.ve\/?p=27021\",\"name\":\"Lice\u00edstas venezolanos conectados a la lectura con Colecci\u00f3n \\\"25 para el 25\\\"\",\"isPartOf\":{\"@id\":\"https:\/\/cenal.gob.ve\/#website\"},\"datePublished\":\"2026-01-23T23:18:28+00:00\",\"dateModified\":\"2026-01-23T23:52:02+00:00\",\"breadcrumb\":{\"@id\":\"https:\/\/cenal.gob.ve\/?p=27021#breadcrumb\"},\"inLanguage\":\"es\",\"potentialAction\":[{\"@type\":\"ReadAction\",\"target\":[\"https:\/\/cenal.gob.ve\/?p=27021\"]}]},{\"@type\":\"BreadcrumbList\",\"@id\":\"https:\/\/cenal.gob.ve\/?p=27021#breadcrumb\",\"itemListElement\":[{\"@type\":\"ListItem\",\"position\":1,\"name\":\"Home\",\"item\":\"https:\/\/cenal.gob.ve\/\"},{\"@type\":\"ListItem\",\"position\":2,\"name\":\"Lice\u00edstas venezolanos conectados a la lectura con Colecci\u00f3n &#8220;25 para el 25&#8221;\"}]},{\"@type\":\"WebSite\",\"@id\":\"https:\/\/cenal.gob.ve\/#website\",\"url\":\"https:\/\/cenal.gob.ve\/\",\"name\":\"Cenal\",\"description\":\"\",\"publisher\":{\"@id\":\"https:\/\/cenal.gob.ve\/#organization\"},\"potentialAction\":[{\"@type\":\"SearchAction\",\"target\":{\"@type\":\"EntryPoint\",\"urlTemplate\":\"https:\/\/cenal.gob.ve\/?s={search_term_string}\"},\"query-input\":\"required name=search_term_string\"}],\"inLanguage\":\"es\"},{\"@type\":\"Organization\",\"@id\":\"https:\/\/cenal.gob.ve\/#organization\",\"name\":\"CENAL\",\"url\":\"https:\/\/cenal.gob.ve\/\",\"sameAs\":[],\"logo\":{\"@type\":\"ImageObject\",\"inLanguage\":\"es\",\"@id\":\"https:\/\/cenal.gob.ve\/#\/schema\/logo\/image\/\",\"url\":\"https:\/\/i0.wp.com\/cenal.gob.ve\/wp-content\/uploads\/2022\/10\/cropped-images.jpg?fit=512%2C512\",\"contentUrl\":\"https:\/\/i0.wp.com\/cenal.gob.ve\/wp-content\/uploads\/2022\/10\/cropped-images.jpg?fit=512%2C512\",\"width\":512,\"height\":512,\"caption\":\"CENAL\"},\"image\":{\"@id\":\"https:\/\/cenal.gob.ve\/#\/schema\/logo\/image\/\"}},{\"@type\":\"Person\",\"@id\":\"https:\/\/cenal.gob.ve\/#\/schema\/person\/e3ed34623f400ffab8bc7a63b2f5533f\",\"name\":\"Prensa Cenal\",\"image\":{\"@type\":\"ImageObject\",\"inLanguage\":\"es\",\"@id\":\"https:\/\/cenal.gob.ve\/#\/schema\/person\/image\/\",\"url\":\"https:\/\/secure.gravatar.com\/avatar\/594b4ed34090910c619ac3679001d491?s=96&d=mm&r=g\",\"contentUrl\":\"https:\/\/secure.gravatar.com\/avatar\/594b4ed34090910c619ac3679001d491?s=96&d=mm&r=g\",\"caption\":\"Prensa Cenal\"},\"url\":\"https:\/\/cenal.gob.ve\/?author=10\"}]}<\/script>\n<!-- \/ Yoast SEO plugin. -->","yoast_head_json":{"title":"Lice\u00edstas venezolanos conectados a la lectura con Colecci\u00f3n \"25 para el 25\"","robots":{"index":"index","follow":"follow","max-snippet":"max-snippet:-1","max-image-preview":"max-image-preview:large","max-video-preview":"max-video-preview:-1"},"canonical":"https:\/\/cenal.gob.ve\/?p=27021","og_locale":"es_ES","og_type":"article","og_title":"Lice\u00edstas venezolanos conectados a la lectura con Colecci\u00f3n \"25 para el 25\"","og_description":"J\u00f3venes estudiantes del Liceo Andr\u00e9s Bello en Caracas recibieron por parte del Centro Nacional del Libro (Cenal) ejemplares de la colecci\u00f3n de libros &#8220;25 para el 25&#8221; del Fondo de [&hellip;]","og_url":"https:\/\/cenal.gob.ve\/?p=27021","og_site_name":"Cenal","article_published_time":"2026-01-23T23:18:28+00:00","article_modified_time":"2026-01-23T23:52:02+00:00","og_image":[{"width":991,"height":699,"url":"http:\/\/cenal.gob.ve\/wp-content\/uploads\/2026\/01\/IMG-20260123-WA0196.jpg","type":"image\/jpeg"}],"author":"Prensa Cenal","twitter_card":"summary_large_image","twitter_misc":{"Written by":"Prensa Cenal","Est. reading time":"6 minutos"},"schema":{"@context":"https:\/\/schema.org","@graph":[{"@type":"Article","@id":"https:\/\/cenal.gob.ve\/?p=27021#article","isPartOf":{"@id":"https:\/\/cenal.gob.ve\/?p=27021"},"author":{"name":"Prensa Cenal","@id":"https:\/\/cenal.gob.ve\/#\/schema\/person\/e3ed34623f400ffab8bc7a63b2f5533f"},"headline":"Lice\u00edstas venezolanos conectados a la lectura con Colecci\u00f3n &#8220;25 para el 25&#8221;","datePublished":"2026-01-23T23:18:28+00:00","dateModified":"2026-01-23T23:52:02+00:00","mainEntityOfPage":{"@id":"https:\/\/cenal.gob.ve\/?p=27021"},"wordCount":785,"commentCount":1,"publisher":{"@id":"https:\/\/cenal.gob.ve\/#organization"},"articleSection":["Cenal"],"inLanguage":"es","potentialAction":[{"@type":"CommentAction","name":"Comment","target":["https:\/\/cenal.gob.ve\/?p=27021#respond"]}]},{"@type":"WebPage","@id":"https:\/\/cenal.gob.ve\/?p=27021","url":"https:\/\/cenal.gob.ve\/?p=27021","name":"Lice\u00edstas venezolanos conectados a la lectura con Colecci\u00f3n \"25 para el 25\"","isPartOf":{"@id":"https:\/\/cenal.gob.ve\/#website"},"datePublished":"2026-01-23T23:18:28+00:00","dateModified":"2026-01-23T23:52:02+00:00","breadcrumb":{"@id":"https:\/\/cenal.gob.ve\/?p=27021#breadcrumb"},"inLanguage":"es","potentialAction":[{"@type":"ReadAction","target":["https:\/\/cenal.gob.ve\/?p=27021"]}]},{"@type":"BreadcrumbList","@id":"https:\/\/cenal.gob.ve\/?p=27021#breadcrumb","itemListElement":[{"@type":"ListItem","position":1,"name":"Home","item":"https:\/\/cenal.gob.ve\/"},{"@type":"ListItem","position":2,"name":"Lice\u00edstas venezolanos conectados a la lectura con Colecci\u00f3n &#8220;25 para el 25&#8221;"}]},{"@type":"WebSite","@id":"https:\/\/cenal.gob.ve\/#website","url":"https:\/\/cenal.gob.ve\/","name":"Cenal","description":"","publisher":{"@id":"https:\/\/cenal.gob.ve\/#organization"},"potentialAction":[{"@type":"SearchAction","target":{"@type":"EntryPoint","urlTemplate":"https:\/\/cenal.gob.ve\/?s={search_term_string}"},"query-input":"required name=search_term_string"}],"inLanguage":"es"},{"@type":"Organization","@id":"https:\/\/cenal.gob.ve\/#organization","name":"CENAL","url":"https:\/\/cenal.gob.ve\/","sameAs":[],"logo":{"@type":"ImageObject","inLanguage":"es","@id":"https:\/\/cenal.gob.ve\/#\/schema\/logo\/image\/","url":"https:\/\/i0.wp.com\/cenal.gob.ve\/wp-content\/uploads\/2022\/10\/cropped-images.jpg?fit=512%2C512","contentUrl":"https:\/\/i0.wp.com\/cenal.gob.ve\/wp-content\/uploads\/2022\/10\/cropped-images.jpg?fit=512%2C512","width":512,"height":512,"caption":"CENAL"},"image":{"@id":"https:\/\/cenal.gob.ve\/#\/schema\/logo\/image\/"}},{"@type":"Person","@id":"https:\/\/cenal.gob.ve\/#\/schema\/person\/e3ed34623f400ffab8bc7a63b2f5533f","name":"Prensa Cenal","image":{"@type":"ImageObject","inLanguage":"es","@id":"https:\/\/cenal.gob.ve\/#\/schema\/person\/image\/","url":"https:\/\/secure.gravatar.com\/avatar\/594b4ed34090910c619ac3679001d491?s=96&d=mm&r=g","contentUrl":"https:\/\/secure.gravatar.com\/avatar\/594b4ed34090910c619ac3679001d491?s=96&d=mm&r=g","caption":"Prensa Cenal"},"url":"https:\/\/cenal.gob.ve\/?author=10"}]}},"jetpack_featured_media_url":"https:\/\/cenal.gob.ve\/wp-content\/uploads\/2026\/01\/IMG-20260123-WA0196.jpg","jetpack_publicize_connections":[],"jetpack_shortlink":"https:\/\/wp.me\/p5FMhp-71P","_links":{"self":[{"href":"https:\/\/cenal.gob.ve\/index.php?rest_route=\/wp\/v2\/posts\/27021"}],"collection":[{"href":"https:\/\/cenal.gob.ve\/index.php?rest_route=\/wp\/v2\/posts"}],"about":[{"href":"https:\/\/cenal.gob.ve\/index.php?rest_route=\/wp\/v2\/types\/post"}],"author":[{"embeddable":true,"href":"https:\/\/cenal.gob.ve\/index.php?rest_route=\/wp\/v2\/users\/10"}],"replies":[{"embeddable":true,"href":"https:\/\/cenal.gob.ve\/index.php?rest_route=%2Fwp%2Fv2%2Fcomments&post=27021"}],"version-history":[{"count":6,"href":"https:\/\/cenal.gob.ve\/index.php?rest_route=\/wp\/v2\/posts\/27021\/revisions"}],"predecessor-version":[{"id":27044,"href":"https:\/\/cenal.gob.ve\/index.php?rest_route=\/wp\/v2\/posts\/27021\/revisions\/27044"}],"wp:featuredmedia":[{"embeddable":true,"href":"https:\/\/cenal.gob.ve\/index.php?rest_route=\/wp\/v2\/media\/27022"}],"wp:attachment":[{"href":"https:\/\/cenal.gob.ve\/index.php?rest_route=%2Fwp%2Fv2%2Fmedia&parent=27021"}],"wp:term":[{"taxonomy":"category","embeddable":true,"href":"https:\/\/cenal.gob.ve\/index.php?rest_route=%2Fwp%2Fv2%2Fcategories&post=27021"},{"taxonomy":"post_tag","embeddable":true,"href":"https:\/\/cenal.gob.ve\/index.php?rest_route=%2Fwp%2Fv2%2Ftags&post=27021"}],"curies":[{"name":"wp","href":"https:\/\/api.w.org\/{rel}","templated":true}]}}