{"id":27047,"date":"2026-01-25T09:09:51","date_gmt":"2026-01-25T13:09:51","guid":{"rendered":"https:\/\/cenal.gob.ve\/?p=27047"},"modified":"2026-01-25T09:09:53","modified_gmt":"2026-01-25T13:09:53","slug":"para-laura-restrepo-no-hay-festival","status":"publish","type":"post","link":"https:\/\/cenal.gob.ve\/?p=27047","title":{"rendered":"Para Laura Restrepo no Hay Festival"},"content":{"rendered":"\n<p class=\"has-drop-cap\">Laura Restrepo, la conocida novelista colombiana, y al menos otros dos escritores se han negado a asistir al Hay Festival para no coincidir all\u00ed con Mar\u00eda Corina Machado. No han querido, dicho en pocas palabras, compartir con el fascismo.<\/p>\n\n\n\n<p>Ya sabemos que eso de ser apol\u00edtico es una falacia, pero en el caso de los escritores declararse neutral es doblemente falso.<\/p>\n\n\n\n<p>Cuentan que alguien le pregunt\u00f3 a Jorge Luis Borges qu\u00e9 pensaba de la literatura comprometida.<\/p>\n\n\n\n<p>\u2014Pues que se case \u2014-dicen que respondi\u00f3.<\/p>\n\n\n\n<p>Sea cierta o falsa la an\u00e9cdota, lo cierto es que no se habla mucho en estos d\u00edas de ese asunto de la literatura y su compromiso social. Lo que en otros tiempos fue una discusi\u00f3n que involucr\u00f3 a escritores de la talla de Charles Dickens, Jean Paul Sartre y Bertolt Brecht, por solo nombrar a tres, se subsume en nuestro tiempo en la apuesta individual de cada escritor, sin que se genere con ello directriz o teor\u00eda alguna.<\/p>\n\n\n\n<p>Puede afirmarse, sin embargo, que el compromiso social del escritor sigue siendo una fuerza activa en la literatura, aunque ya no se considere&nbsp; un hecho ineludible en la obra literaria. En esencia, se refleja con ese postulado la convicci\u00f3n de que la palabra escrita puede ser un espacio de resistencia y transformaci\u00f3n, al vincular lo art\u00edstico con la responsabilidad hacia todo el g\u00e9nero humano.<\/p>\n\n\n\n<p>Pero, si todo lo anterior se refiere a la obra escrita, \u00bfqu\u00e9 sucede con el escritor como ente social?<\/p>\n\n\n\n<p>Ese es otro asunto.<\/p>\n\n\n\n<p>Y aqu\u00ed entra el tema central de esta nota, la negativa de Laura Restrepo a asistir al Hay Festival, en Cartagena de Indias, en rechazo a la presencia&nbsp; de Mar\u00eda Corina Machado.<\/p>\n\n\n\n<p>Con un poco de buena voluntad uno puede creerles a los organizadores del Festival el prop\u00f3sito de ser una especie de terreno neutral para la discusi\u00f3n de ideas y posturas ideol\u00f3gicas.<\/p>\n\n\n\n<p>Con buena voluntad, digo, porque, como respuesta a una consulta, dos sitios diferentes de inteligencia artificial se vieron en riesgo de quemar chips y fusibles para identificar, de entre los casi doscientos invitados a la edici\u00f3n de este a\u00f1o, un grupo de no m\u00e1s de seis participantes quienes, por sus declaraciones y actuaciones p\u00fablicas, pudieron ser identificados como de izquierda.<\/p>\n\n\n\n<p>Pero dado que quien esto escribe est\u00e1 convencido de que la Inteligencia artificial es bastante ignorante y tiene una manifiesta inclinaci\u00f3n a errar y a mentir, vale la pena intentar valorar la neutral postura pol\u00edtica de los organizadores del Hay Festival de otro modo.<\/p>\n\n\n\n<p>Seg\u00fan&nbsp; el programa del evento, que ya se puede consultar en internet, la se\u00f1ora Machado, de quien inocentemente se&nbsp; dice que est\u00e1 \u201cliderando el movimiento democr\u00e1tico\u201d en Venezuela,<\/p>\n\n\n\n<p>\u00a0participar\u00e1 \u201cen forma digital\u201d en una conversaci\u00f3n con ese ep\u00edtome del equilibrio period\u00edstico y hombre sin posiciones tomadas que se llama Mois\u00e9s Na\u00edm. A esa conversaci\u00f3n seguir\u00e1 \u2014copio textualmente\u2014 \u201cun debate de 40 minutos sobre la situaci\u00f3n actual de Venezuela y en la regi\u00f3n y sus posibles escenarios futuros, con la participaci\u00f3n de: Luz Mely Reyes, Javier Lafuente y otros periodistas claves conocedores de la realidad del pa\u00eds. El debate ser\u00e1 moderado por Mois\u00e9s Na\u00edm.\u201d<\/p>\n\n\n\n<p>Reyes es la directora de <em>Efecto Cocuyo<\/em>, un informativo digital abiertamente opositor, y Lafuente trabaja en ese ejemplo de periodismo imparcial que es <em>El Pa\u00eds<\/em> de Espa\u00f1a.<\/p>\n\n\n\n<p>La propia escritora colombiana, cuestionando la supuesta neutralidad del festival, inform\u00f3 que&nbsp; la intervenci\u00f3n de la se\u00f1ora Machado se titular\u00eda \u201cLa voz de la esperanza\u201d.<\/p>\n\n\n\n<p>Y uno se pregunta: \u00bfdebate? \u00bfEsa cosa que\u00a0 el diccionario dice que es igual a controversia, pol\u00e9mica, discusi\u00f3n y disputa? \u00bfCon quien debatir\u00e1 esa gente, que en el mejor de los casos se esforzar\u00e1 por usar diferentes palabras para expresar lo mismo en contra de Venezuela? \u00bfQuien encarna en ese panel la\u00a0voz discordante capaz de aportar otra perspectiva?<\/p>\n\n\n\n<p>Francamente, no creo que Laura Restrepo necesitara comprobar hasta d\u00f3nde es falsa la supuesta neutralidad del Hay Festival para tomar la decisi\u00f3n de no asistir.<\/p>\n\n\n\n<p>Para una escritora cuyo compromiso pol\u00edtico se manifiesta con igual fuerza en su obra literaria y su trayectoria personal, era suficiente con sopesar, en su justa dimensi\u00f3n, los recurrentes llamados de la se\u00f1ora Machado a la intervenci\u00f3n militar extranjera en su propio pa\u00eds que, dolorosamente, se concret\u00f3 a escasas dos semanas de su decisi\u00f3n de no asistir a Cartagena.<\/p>\n","protected":false},"excerpt":{"rendered":"<p>Laura Restrepo, la conocida novelista colombiana, y al menos otros dos escritores se han negado a asistir al Hay Festival para no coincidir all\u00ed con Mar\u00eda Corina Machado. No han querido, dicho en pocas palabras, compartir con el fascismo.<\/p>\n","protected":false},"author":28,"featured_media":27049,"comment_status":"open","ping_status":"open","sticky":false,"template":"","format":"standard","meta":{"spay_email":"","jetpack_publicize_message":"","jetpack_is_tweetstorm":false,"jetpack_publicize_feature_enabled":true},"categories":[215,53],"tags":[211],"yoast_head":"<!-- This site is optimized with the Yoast SEO plugin v19.8 - https:\/\/yoast.com\/wordpress\/plugins\/seo\/ -->\n<title>Para Laura Restrepo no Hay Festival<\/title>\n<meta name=\"description\" content=\"Laura Restrepo, la conocida novelista colombiana, y al menos otros dos escritores se han negado a asistir al Hay Festival para no coincidir all\u00ed con Mar\u00eda Corina Machado\" \/>\n<meta name=\"robots\" content=\"index, follow, max-snippet:-1, max-image-preview:large, max-video-preview:-1\" \/>\n<link rel=\"canonical\" href=\"https:\/\/cenal.gob.ve\/?p=27047\" \/>\n<meta property=\"og:locale\" content=\"es_ES\" \/>\n<meta property=\"og:type\" content=\"article\" \/>\n<meta property=\"og:title\" content=\"Para Laura Restrepo no Hay Festival\" \/>\n<meta property=\"og:description\" content=\"Laura Restrepo, la conocida novelista colombiana, y al menos otros dos escritores se han negado a asistir al Hay Festival para no coincidir all\u00ed con Mar\u00eda Corina Machado\" \/>\n<meta property=\"og:url\" content=\"https:\/\/cenal.gob.ve\/?p=27047\" \/>\n<meta property=\"og:site_name\" content=\"Cenal\" \/>\n<meta property=\"article:published_time\" content=\"2026-01-25T13:09:51+00:00\" \/>\n<meta property=\"article:modified_time\" content=\"2026-01-25T13:09:53+00:00\" \/>\n<meta property=\"og:image\" content=\"http:\/\/cenal.gob.ve\/wp-content\/uploads\/2026\/01\/Laura-Restrepo.png\" \/>\n\t<meta property=\"og:image:width\" content=\"1280\" \/>\n\t<meta property=\"og:image:height\" content=\"720\" \/>\n\t<meta property=\"og:image:type\" content=\"image\/png\" \/>\n<meta name=\"author\" content=\"C\u00f3simo Mandrillo\" \/>\n<meta name=\"twitter:card\" content=\"summary_large_image\" \/>\n<meta name=\"twitter:label1\" content=\"Written by\" \/>\n\t<meta name=\"twitter:data1\" content=\"C\u00f3simo Mandrillo\" \/>\n\t<meta name=\"twitter:label2\" content=\"Est. reading time\" \/>\n\t<meta name=\"twitter:data2\" content=\"4 minutos\" \/>\n<script type=\"application\/ld+json\" class=\"yoast-schema-graph\">{\"@context\":\"https:\/\/schema.org\",\"@graph\":[{\"@type\":\"Article\",\"@id\":\"https:\/\/cenal.gob.ve\/?p=27047#article\",\"isPartOf\":{\"@id\":\"https:\/\/cenal.gob.ve\/?p=27047\"},\"author\":{\"name\":\"C\u00f3simo Mandrillo\",\"@id\":\"https:\/\/cenal.gob.ve\/#\/schema\/person\/03f2ed4aa0ac06c17c6f979c5d7db558\"},\"headline\":\"Para Laura Restrepo no Hay Festival\",\"datePublished\":\"2026-01-25T13:09:51+00:00\",\"dateModified\":\"2026-01-25T13:09:53+00:00\",\"mainEntityOfPage\":{\"@id\":\"https:\/\/cenal.gob.ve\/?p=27047\"},\"wordCount\":773,\"commentCount\":0,\"publisher\":{\"@id\":\"https:\/\/cenal.gob.ve\/#organization\"},\"keywords\":[\"Literatura\"],\"articleSection\":[\"Lectura m\u00ednima\",\"Lecturas\"],\"inLanguage\":\"es\",\"potentialAction\":[{\"@type\":\"CommentAction\",\"name\":\"Comment\",\"target\":[\"https:\/\/cenal.gob.ve\/?p=27047#respond\"]}]},{\"@type\":\"WebPage\",\"@id\":\"https:\/\/cenal.gob.ve\/?p=27047\",\"url\":\"https:\/\/cenal.gob.ve\/?p=27047\",\"name\":\"Para Laura Restrepo no Hay Festival\",\"isPartOf\":{\"@id\":\"https:\/\/cenal.gob.ve\/#website\"},\"datePublished\":\"2026-01-25T13:09:51+00:00\",\"dateModified\":\"2026-01-25T13:09:53+00:00\",\"description\":\"Laura Restrepo, la conocida novelista colombiana, y al menos otros dos escritores se han negado a asistir al Hay Festival para no coincidir all\u00ed con Mar\u00eda Corina Machado\",\"breadcrumb\":{\"@id\":\"https:\/\/cenal.gob.ve\/?p=27047#breadcrumb\"},\"inLanguage\":\"es\",\"potentialAction\":[{\"@type\":\"ReadAction\",\"target\":[\"https:\/\/cenal.gob.ve\/?p=27047\"]}]},{\"@type\":\"BreadcrumbList\",\"@id\":\"https:\/\/cenal.gob.ve\/?p=27047#breadcrumb\",\"itemListElement\":[{\"@type\":\"ListItem\",\"position\":1,\"name\":\"Home\",\"item\":\"https:\/\/cenal.gob.ve\/\"},{\"@type\":\"ListItem\",\"position\":2,\"name\":\"Para Laura Restrepo no Hay Festival\"}]},{\"@type\":\"WebSite\",\"@id\":\"https:\/\/cenal.gob.ve\/#website\",\"url\":\"https:\/\/cenal.gob.ve\/\",\"name\":\"Cenal\",\"description\":\"\",\"publisher\":{\"@id\":\"https:\/\/cenal.gob.ve\/#organization\"},\"potentialAction\":[{\"@type\":\"SearchAction\",\"target\":{\"@type\":\"EntryPoint\",\"urlTemplate\":\"https:\/\/cenal.gob.ve\/?s={search_term_string}\"},\"query-input\":\"required name=search_term_string\"}],\"inLanguage\":\"es\"},{\"@type\":\"Organization\",\"@id\":\"https:\/\/cenal.gob.ve\/#organization\",\"name\":\"CENAL\",\"url\":\"https:\/\/cenal.gob.ve\/\",\"sameAs\":[],\"logo\":{\"@type\":\"ImageObject\",\"inLanguage\":\"es\",\"@id\":\"https:\/\/cenal.gob.ve\/#\/schema\/logo\/image\/\",\"url\":\"https:\/\/i0.wp.com\/cenal.gob.ve\/wp-content\/uploads\/2022\/10\/cropped-images.jpg?fit=512%2C512\",\"contentUrl\":\"https:\/\/i0.wp.com\/cenal.gob.ve\/wp-content\/uploads\/2022\/10\/cropped-images.jpg?fit=512%2C512\",\"width\":512,\"height\":512,\"caption\":\"CENAL\"},\"image\":{\"@id\":\"https:\/\/cenal.gob.ve\/#\/schema\/logo\/image\/\"}},{\"@type\":\"Person\",\"@id\":\"https:\/\/cenal.gob.ve\/#\/schema\/person\/03f2ed4aa0ac06c17c6f979c5d7db558\",\"name\":\"C\u00f3simo Mandrillo\",\"image\":{\"@type\":\"ImageObject\",\"inLanguage\":\"es\",\"@id\":\"https:\/\/cenal.gob.ve\/#\/schema\/person\/image\/\",\"url\":\"https:\/\/secure.gravatar.com\/avatar\/4bf48f2ee4391517938cc9a456a58c4f?s=96&d=mm&r=g\",\"contentUrl\":\"https:\/\/secure.gravatar.com\/avatar\/4bf48f2ee4391517938cc9a456a58c4f?s=96&d=mm&r=g\",\"caption\":\"C\u00f3simo Mandrillo\"},\"description\":\"Escritor, doctor en Literatura Hispanoamericana por la Universidad de Iowa, mag\u00edster en Literatura Latinoamericana y profesor jubilado de la Universidad del Zulia. Fue galardonado con el Premio Regional de Literatura Jes\u00fas Enrique Losada (2000). Asimismo, se hizo acreedor del segundo lugar del concurso Los ni\u00f1os del Mercosur, de la editorial Comunicarte (Argentina, 2007).\",\"url\":\"https:\/\/cenal.gob.ve\/?author=28\"}]}<\/script>\n<!-- \/ Yoast SEO plugin. -->","yoast_head_json":{"title":"Para Laura Restrepo no Hay Festival","description":"Laura Restrepo, la conocida novelista colombiana, y al menos otros dos escritores se han negado a asistir al Hay Festival para no coincidir all\u00ed con Mar\u00eda Corina Machado","robots":{"index":"index","follow":"follow","max-snippet":"max-snippet:-1","max-image-preview":"max-image-preview:large","max-video-preview":"max-video-preview:-1"},"canonical":"https:\/\/cenal.gob.ve\/?p=27047","og_locale":"es_ES","og_type":"article","og_title":"Para Laura Restrepo no Hay Festival","og_description":"Laura Restrepo, la conocida novelista colombiana, y al menos otros dos escritores se han negado a asistir al Hay Festival para no coincidir all\u00ed con Mar\u00eda Corina Machado","og_url":"https:\/\/cenal.gob.ve\/?p=27047","og_site_name":"Cenal","article_published_time":"2026-01-25T13:09:51+00:00","article_modified_time":"2026-01-25T13:09:53+00:00","og_image":[{"width":1280,"height":720,"url":"http:\/\/cenal.gob.ve\/wp-content\/uploads\/2026\/01\/Laura-Restrepo.png","type":"image\/png"}],"author":"C\u00f3simo Mandrillo","twitter_card":"summary_large_image","twitter_misc":{"Written by":"C\u00f3simo Mandrillo","Est. reading time":"4 minutos"},"schema":{"@context":"https:\/\/schema.org","@graph":[{"@type":"Article","@id":"https:\/\/cenal.gob.ve\/?p=27047#article","isPartOf":{"@id":"https:\/\/cenal.gob.ve\/?p=27047"},"author":{"name":"C\u00f3simo Mandrillo","@id":"https:\/\/cenal.gob.ve\/#\/schema\/person\/03f2ed4aa0ac06c17c6f979c5d7db558"},"headline":"Para Laura Restrepo no Hay Festival","datePublished":"2026-01-25T13:09:51+00:00","dateModified":"2026-01-25T13:09:53+00:00","mainEntityOfPage":{"@id":"https:\/\/cenal.gob.ve\/?p=27047"},"wordCount":773,"commentCount":0,"publisher":{"@id":"https:\/\/cenal.gob.ve\/#organization"},"keywords":["Literatura"],"articleSection":["Lectura m\u00ednima","Lecturas"],"inLanguage":"es","potentialAction":[{"@type":"CommentAction","name":"Comment","target":["https:\/\/cenal.gob.ve\/?p=27047#respond"]}]},{"@type":"WebPage","@id":"https:\/\/cenal.gob.ve\/?p=27047","url":"https:\/\/cenal.gob.ve\/?p=27047","name":"Para Laura Restrepo no Hay Festival","isPartOf":{"@id":"https:\/\/cenal.gob.ve\/#website"},"datePublished":"2026-01-25T13:09:51+00:00","dateModified":"2026-01-25T13:09:53+00:00","description":"Laura Restrepo, la conocida novelista colombiana, y al menos otros dos escritores se han negado a asistir al Hay Festival para no coincidir all\u00ed con Mar\u00eda Corina Machado","breadcrumb":{"@id":"https:\/\/cenal.gob.ve\/?p=27047#breadcrumb"},"inLanguage":"es","potentialAction":[{"@type":"ReadAction","target":["https:\/\/cenal.gob.ve\/?p=27047"]}]},{"@type":"BreadcrumbList","@id":"https:\/\/cenal.gob.ve\/?p=27047#breadcrumb","itemListElement":[{"@type":"ListItem","position":1,"name":"Home","item":"https:\/\/cenal.gob.ve\/"},{"@type":"ListItem","position":2,"name":"Para Laura Restrepo no Hay Festival"}]},{"@type":"WebSite","@id":"https:\/\/cenal.gob.ve\/#website","url":"https:\/\/cenal.gob.ve\/","name":"Cenal","description":"","publisher":{"@id":"https:\/\/cenal.gob.ve\/#organization"},"potentialAction":[{"@type":"SearchAction","target":{"@type":"EntryPoint","urlTemplate":"https:\/\/cenal.gob.ve\/?s={search_term_string}"},"query-input":"required name=search_term_string"}],"inLanguage":"es"},{"@type":"Organization","@id":"https:\/\/cenal.gob.ve\/#organization","name":"CENAL","url":"https:\/\/cenal.gob.ve\/","sameAs":[],"logo":{"@type":"ImageObject","inLanguage":"es","@id":"https:\/\/cenal.gob.ve\/#\/schema\/logo\/image\/","url":"https:\/\/i0.wp.com\/cenal.gob.ve\/wp-content\/uploads\/2022\/10\/cropped-images.jpg?fit=512%2C512","contentUrl":"https:\/\/i0.wp.com\/cenal.gob.ve\/wp-content\/uploads\/2022\/10\/cropped-images.jpg?fit=512%2C512","width":512,"height":512,"caption":"CENAL"},"image":{"@id":"https:\/\/cenal.gob.ve\/#\/schema\/logo\/image\/"}},{"@type":"Person","@id":"https:\/\/cenal.gob.ve\/#\/schema\/person\/03f2ed4aa0ac06c17c6f979c5d7db558","name":"C\u00f3simo Mandrillo","image":{"@type":"ImageObject","inLanguage":"es","@id":"https:\/\/cenal.gob.ve\/#\/schema\/person\/image\/","url":"https:\/\/secure.gravatar.com\/avatar\/4bf48f2ee4391517938cc9a456a58c4f?s=96&d=mm&r=g","contentUrl":"https:\/\/secure.gravatar.com\/avatar\/4bf48f2ee4391517938cc9a456a58c4f?s=96&d=mm&r=g","caption":"C\u00f3simo Mandrillo"},"description":"Escritor, doctor en Literatura Hispanoamericana por la Universidad de Iowa, mag\u00edster en Literatura Latinoamericana y profesor jubilado de la Universidad del Zulia. Fue galardonado con el Premio Regional de Literatura Jes\u00fas Enrique Losada (2000). Asimismo, se hizo acreedor del segundo lugar del concurso Los ni\u00f1os del Mercosur, de la editorial Comunicarte (Argentina, 2007).","url":"https:\/\/cenal.gob.ve\/?author=28"}]}},"jetpack_featured_media_url":"https:\/\/cenal.gob.ve\/wp-content\/uploads\/2026\/01\/Laura-Restrepo.png","jetpack_publicize_connections":[],"jetpack_shortlink":"https:\/\/wp.me\/p5FMhp-72f","_links":{"self":[{"href":"https:\/\/cenal.gob.ve\/index.php?rest_route=\/wp\/v2\/posts\/27047"}],"collection":[{"href":"https:\/\/cenal.gob.ve\/index.php?rest_route=\/wp\/v2\/posts"}],"about":[{"href":"https:\/\/cenal.gob.ve\/index.php?rest_route=\/wp\/v2\/types\/post"}],"author":[{"embeddable":true,"href":"https:\/\/cenal.gob.ve\/index.php?rest_route=\/wp\/v2\/users\/28"}],"replies":[{"embeddable":true,"href":"https:\/\/cenal.gob.ve\/index.php?rest_route=%2Fwp%2Fv2%2Fcomments&post=27047"}],"version-history":[{"count":1,"href":"https:\/\/cenal.gob.ve\/index.php?rest_route=\/wp\/v2\/posts\/27047\/revisions"}],"predecessor-version":[{"id":27052,"href":"https:\/\/cenal.gob.ve\/index.php?rest_route=\/wp\/v2\/posts\/27047\/revisions\/27052"}],"wp:featuredmedia":[{"embeddable":true,"href":"https:\/\/cenal.gob.ve\/index.php?rest_route=\/wp\/v2\/media\/27049"}],"wp:attachment":[{"href":"https:\/\/cenal.gob.ve\/index.php?rest_route=%2Fwp%2Fv2%2Fmedia&parent=27047"}],"wp:term":[{"taxonomy":"category","embeddable":true,"href":"https:\/\/cenal.gob.ve\/index.php?rest_route=%2Fwp%2Fv2%2Fcategories&post=27047"},{"taxonomy":"post_tag","embeddable":true,"href":"https:\/\/cenal.gob.ve\/index.php?rest_route=%2Fwp%2Fv2%2Ftags&post=27047"}],"curies":[{"name":"wp","href":"https:\/\/api.w.org\/{rel}","templated":true}]}}