{"id":27404,"date":"2026-03-06T00:53:00","date_gmt":"2026-03-06T04:53:00","guid":{"rendered":"https:\/\/cenal.gob.ve\/?p=27404"},"modified":"2026-03-08T00:55:37","modified_gmt":"2026-03-08T04:55:37","slug":"21-a-filven-cojedes-la-alegria-de-leer-como-acto-de-resistencia","status":"publish","type":"post","link":"https:\/\/cenal.gob.ve\/?p=27404","title":{"rendered":"21.\u00aa Filven Cojedes, la alegr\u00eda de leer como acto de resistencia"},"content":{"rendered":"\n<p>El Complejo Cultural \u201cMauricio P\u00e9rez Lazo\u201d, en San Carlos, se convirti\u00f3 en espacio para el encuentro con el pensamiento cr\u00edtico y la palabra en la 21.\u00aa Filven Cojedes. Durante dos d\u00edas, se impulsaron debates y encuentros que renovaron el compromiso con el libro y la lectura.<\/p>\n\n\n\n<p>En la jornada de clausura de la feria, que se celebr\u00f3 el 5 y 6 de marzo, se reconoci\u00f3 la trayectoria de quienes sostienen el acervo cultural venezolano, especialmente, aquellos que estimulan la producci\u00f3n literaria en los distintos rincones de Venezuela. Entre ellos se encuentra el escritor regional homenajeado, Juan D\u00edaz, quien resalt\u00f3 la importancia de escribir para reivindicar la narrativa propia del llano.<\/p>\n\n\n\n<figure class=\"wp-block-image\"><img src=\"https:\/\/filven.com\/wp-content\/uploads\/2026\/03\/1000612477-1024x682.jpg\" alt=\"\" class=\"wp-image-29760\"\/><\/figure>\n\n\n\n<p>A este tributo se sumaron los nombres de los homenajeados nacionales: Judith Valencia, Esteban Emilio Mosonyi, Marc de Civrieux, Gonzalo Fragui y Juan Calzadilla, cuyas obras fueron el eje transversal de las discusiones durante ambos d\u00edas.<\/p>\n\n\n\n<p>La directora general del Gabinete Estadal de Cultura, Karina Rojas, cerr\u00f3 la edici\u00f3n con la entrega de reconocimientos a artistas, artesanos y escritores que participaron en la fiesta del libro. En la actividad se comprometi\u00f3 a seguir fortaleciendo la feria como espacio para la creaci\u00f3n y el debate cr\u00edtico.<\/p>\n\n\n\n<figure class=\"wp-block-image\"><img src=\"https:\/\/filven.com\/wp-content\/uploads\/2026\/03\/1000612518-1024x682.jpg\" alt=\"\" class=\"wp-image-29768\"\/><\/figure>\n\n\n\n<figure class=\"wp-block-image\"><img src=\"https:\/\/filven.com\/wp-content\/uploads\/2026\/03\/1000612516-1024x683.jpg\" alt=\"\" class=\"wp-image-29767\"\/><\/figure>\n\n\n\n<figure class=\"wp-block-image\"><img src=\"https:\/\/filven.com\/wp-content\/uploads\/2026\/03\/1000612515-1024x682.jpg\" alt=\"\" class=\"wp-image-29766\"\/><\/figure>\n\n\n\n<figure class=\"wp-block-image\"><img src=\"https:\/\/filven.com\/wp-content\/uploads\/2026\/03\/1000612514-1024x682.jpg\" alt=\"\" class=\"wp-image-29765\"\/><\/figure>\n\n\n\n<p>El Sistema Nacional de Orquestas y Coros Juveniles e Infantiles de Venezuela, n\u00facleo Amado Lovera, cerr\u00f3 la feria al ritmo del arpa, cuatro y maracas. Debajo de los samanes del Complejo Cultural \u201cMauricio P\u00e9rez Lazo\u201d, ni\u00f1os, ni\u00f1as, j\u00f3venes y adultos despidieron con un \u201chasta pronto\u201d a la fiesta del libro.<\/p>\n\n\n\n<p><strong>Rompiendo con los estigmas<\/strong><\/p>\n\n\n\n<p>En la jornada final de la fiesta literaria tambi\u00e9n se efectu\u00f3 el conversatorio titulado \u201cA m\u00ed tampoco me gusta leer\u201d, dirigido por el profesor de literatura y escritor William Ram\u00edrez. El encuentro se convirti\u00f3 en un debate sobre los estigmas generados en torno a la lectura. Esta actividad muchas veces es utilizada \u201ccomo castigo, tanto en el hogar como en la escuela, lo que ha generado un impacto negativo en la formaci\u00f3n del h\u00e1bito\u201d, explic\u00f3 el docente.<\/p>\n\n\n\n<figure class=\"wp-block-image\"><img src=\"https:\/\/filven.com\/wp-content\/uploads\/2026\/03\/1000610593-1-1024x682.jpg\" alt=\"\" class=\"wp-image-29761\"\/><\/figure>\n\n\n\n<p>Ram\u00edrez analiz\u00f3 c\u00f3mo la obligaci\u00f3n pedag\u00f3gica ha distanciado a los j\u00f3venes del placer de leer. Por ello, invit\u00f3 a redescubrir los beneficios de la lectura, no como una tarea, sino como una herramienta de liberaci\u00f3n, creatividad y expansi\u00f3n del pensamiento.<\/p>\n\n\n\n<p><strong>Historia y estrategia<\/strong><\/p>\n\n\n\n<p>La programaci\u00f3n de la Filven brind\u00f3 un espacio para la historiograf\u00eda con la presentaci\u00f3n del libro \u201cLa campa\u00f1a en Maracaibo y su incidencia en la liberaci\u00f3n del Sur\u201d, del cronista William Garc\u00eda. La obra ofrece una mirada sobre los movimientos militares y pol\u00edticos en el occidente venezolano que fueron claves para consolidar la independencia.<\/p>\n\n\n\n<figure class=\"wp-block-image\"><img src=\"https:\/\/filven.com\/wp-content\/uploads\/2026\/03\/1000612506-1024x682.jpg\" alt=\"\" class=\"wp-image-29762\"\/><\/figure>\n\n\n\n<figure class=\"wp-block-image\"><img src=\"https:\/\/filven.com\/wp-content\/uploads\/2026\/03\/1000612507-1024x682.jpg\" alt=\"\" class=\"wp-image-29763\"\/><\/figure>\n\n\n\n<figure class=\"wp-block-image\"><img src=\"https:\/\/filven.com\/wp-content\/uploads\/2026\/03\/1000612508-1024x682.jpg\" alt=\"\" class=\"wp-image-29764\"\/><\/figure>\n\n\n\n<p>En torno a la obra se propici\u00f3 el intercambio de saberes y experiencias, al colocar valores como la amistad en el eje central de la conversaci\u00f3n. Lo que se inici\u00f3 como la presentaci\u00f3n de un libro se transform\u00f3 en un encuentro con la oralidad y las an\u00e9cdotas que enriquecieron el conocimiento de los oyentes, como las historias contadas por Garc\u00eda sobre el paso del Libertador Sim\u00f3n Bol\u00edvar por Cojedes.<\/p>\n\n\n\n<p><strong>Geopol\u00edtica y emancipaci\u00f3n<\/strong><\/p>\n\n\n\n<p>En la Filven Cojedes se foment\u00f3 el an\u00e1lisis del contexto mundial en el foro \u201cVenezuela en la geopol\u00edtica mundial\u201d, liderado por el profesor Jos\u00e9 Miguel Aular, coordinador de la Universidad Bolivariana de Venezuela (UBV) en la entidad. El especialista analiz\u00f3 la posici\u00f3n que ocupa nuestro pa\u00eds en el ajedrez pol\u00edtico global. En un mapa, describi\u00f3 los movimientos estrat\u00e9gicos de los principales actores del comercio, el mercado petrolero y militar, adem\u00e1s de la incidencia que tienen en la pol\u00edtica interna y externa de nuestro pa\u00eds.<\/p>\n\n\n\n<p><strong>El cierre de una fiesta necesaria<\/strong><\/p>\n\n\n\n<p>Con d\u00e9cimas y versos sueltos tambi\u00e9n cerr\u00f3 el ciclo de recitales de la Filven, que recibi\u00f3 durante dos d\u00edas a ni\u00f1os, j\u00f3venes y adultos. All\u00ed participaron en debates y encuentros que pusieron de relieve la emancipaci\u00f3n del pueblo venezolano como un bien sagrado que debe preservarse a trav\u00e9s del fortalecimiento de su identidad y el fomento de la alegr\u00eda como acto de resistencia.<\/p>\n\n\n\n<figure class=\"wp-block-image\"><img src=\"https:\/\/filven.com\/wp-content\/uploads\/2026\/03\/1000612501-1024x682.jpg\" alt=\"\" class=\"wp-image-29771\"\/><\/figure>\n\n\n\n<figure class=\"wp-block-image\"><img src=\"https:\/\/filven.com\/wp-content\/uploads\/2026\/03\/1000612500-1024x682.jpg\" alt=\"\" class=\"wp-image-29770\"\/><\/figure>\n\n\n\n<p>Adem\u00e1s, la entrega de la colecci\u00f3n \u201c25 para el 25\u201d a m\u00e1s de 200 j\u00f3venes y una variada oferta editorial en la feria demostraron que el libro sigue siendo un punto de encuentro.<\/p>\n\n\n\n<figure class=\"wp-block-image\"><img src=\"https:\/\/filven.com\/wp-content\/uploads\/2026\/03\/1000610200-1024x682.jpg\" alt=\"\" class=\"wp-image-29769\"\/><\/figure>\n\n\n\n<p>Con el lema \u201cLeer humaniza\u201d, la Filven sigue su recorrido por Venezuela para continuar estimulando, a trav\u00e9s de actividades literarias, debates y an\u00e1lisis, el amor por el libro y la lectura.<\/p>\n\n\n\n<figure class=\"wp-block-image\"><img src=\"https:\/\/filven.com\/wp-content\/uploads\/2026\/03\/1000612479-1024x714.jpg\" alt=\"\" class=\"wp-image-29772\"\/><\/figure>\n\n\n\n<figure class=\"wp-block-image\"><img src=\"https:\/\/filven.com\/wp-content\/uploads\/2026\/03\/1000612474-1024x682.jpg\" alt=\"\" class=\"wp-image-29773\"\/><\/figure>\n\n\n\n<figure class=\"wp-block-image\"><img src=\"https:\/\/filven.com\/wp-content\/uploads\/2026\/03\/1000612475-1024x682.jpg\" alt=\"\" class=\"wp-image-29774\"\/><\/figure>\n\n\n\n<figure class=\"wp-block-image\"><img src=\"https:\/\/filven.com\/wp-content\/uploads\/2026\/03\/1000612471-1024x682.jpg\" alt=\"\" class=\"wp-image-29775\"\/><\/figure>\n\n\n\n<figure class=\"wp-block-image\"><img src=\"https:\/\/filven.com\/wp-content\/uploads\/2026\/03\/1000612479-1-1024x714.jpg\" alt=\"\" class=\"wp-image-29776\"\/><\/figure>\n\n\n\n<figure class=\"wp-block-image\"><img src=\"https:\/\/filven.com\/wp-content\/uploads\/2026\/03\/1000612473-1024x682.jpg\" alt=\"\" class=\"wp-image-29777\"\/><\/figure>\n","protected":false},"excerpt":{"rendered":"<p>El Complejo Cultural \u201cMauricio P\u00e9rez Lazo\u201d, en San Carlos, se convirti\u00f3 en espacio para el encuentro con el pensamiento cr\u00edtico y la palabra en la 21.\u00aa Filven Cojedes. Durante dos [&hellip;]<\/p>\n","protected":false},"author":10,"featured_media":27405,"comment_status":"open","ping_status":"closed","sticky":false,"template":"","format":"standard","meta":{"spay_email":"","jetpack_publicize_message":"","jetpack_is_tweetstorm":false,"jetpack_publicize_feature_enabled":true},"categories":[12],"tags":[],"yoast_head":"<!-- This site is optimized with the Yoast SEO plugin v19.8 - https:\/\/yoast.com\/wordpress\/plugins\/seo\/ -->\n<title>21.\u00aa Filven Cojedes, la alegr\u00eda de leer como acto de resistencia<\/title>\n<meta name=\"robots\" content=\"index, follow, max-snippet:-1, max-image-preview:large, max-video-preview:-1\" \/>\n<link rel=\"canonical\" href=\"https:\/\/cenal.gob.ve\/?p=27404\" \/>\n<meta property=\"og:locale\" content=\"es_ES\" \/>\n<meta property=\"og:type\" content=\"article\" \/>\n<meta property=\"og:title\" content=\"21.\u00aa Filven Cojedes, la alegr\u00eda de leer como acto de resistencia\" \/>\n<meta property=\"og:description\" content=\"El Complejo Cultural \u201cMauricio P\u00e9rez Lazo\u201d, en San Carlos, se convirti\u00f3 en espacio para el encuentro con el pensamiento cr\u00edtico y la palabra en la 21.\u00aa Filven Cojedes. Durante dos [&hellip;]\" \/>\n<meta property=\"og:url\" content=\"https:\/\/cenal.gob.ve\/?p=27404\" \/>\n<meta property=\"og:site_name\" content=\"Cenal\" \/>\n<meta property=\"article:published_time\" content=\"2026-03-06T04:53:00+00:00\" \/>\n<meta property=\"article:modified_time\" content=\"2026-03-08T04:55:37+00:00\" \/>\n<meta property=\"og:image\" content=\"http:\/\/cenal.gob.ve\/wp-content\/uploads\/2026\/03\/IMG_20260307_135634_792-1024x682-1.jpg\" \/>\n\t<meta property=\"og:image:width\" content=\"1024\" \/>\n\t<meta property=\"og:image:height\" content=\"682\" \/>\n\t<meta property=\"og:image:type\" content=\"image\/jpeg\" \/>\n<meta name=\"author\" content=\"Prensa Cenal\" \/>\n<meta name=\"twitter:card\" content=\"summary_large_image\" \/>\n<meta name=\"twitter:label1\" content=\"Written by\" \/>\n\t<meta name=\"twitter:data1\" content=\"Prensa Cenal\" \/>\n\t<meta name=\"twitter:label2\" content=\"Est. reading time\" \/>\n\t<meta name=\"twitter:data2\" content=\"7 minutos\" \/>\n<script type=\"application\/ld+json\" class=\"yoast-schema-graph\">{\"@context\":\"https:\/\/schema.org\",\"@graph\":[{\"@type\":\"Article\",\"@id\":\"https:\/\/cenal.gob.ve\/?p=27404#article\",\"isPartOf\":{\"@id\":\"https:\/\/cenal.gob.ve\/?p=27404\"},\"author\":{\"name\":\"Prensa Cenal\",\"@id\":\"https:\/\/cenal.gob.ve\/#\/schema\/person\/e3ed34623f400ffab8bc7a63b2f5533f\"},\"headline\":\"21.\u00aa Filven Cojedes, la alegr\u00eda de leer como acto de resistencia\",\"datePublished\":\"2026-03-06T04:53:00+00:00\",\"dateModified\":\"2026-03-08T04:55:37+00:00\",\"mainEntityOfPage\":{\"@id\":\"https:\/\/cenal.gob.ve\/?p=27404\"},\"wordCount\":780,\"commentCount\":0,\"publisher\":{\"@id\":\"https:\/\/cenal.gob.ve\/#organization\"},\"articleSection\":[\"Filven\"],\"inLanguage\":\"es\",\"potentialAction\":[{\"@type\":\"CommentAction\",\"name\":\"Comment\",\"target\":[\"https:\/\/cenal.gob.ve\/?p=27404#respond\"]}]},{\"@type\":\"WebPage\",\"@id\":\"https:\/\/cenal.gob.ve\/?p=27404\",\"url\":\"https:\/\/cenal.gob.ve\/?p=27404\",\"name\":\"21.\u00aa Filven Cojedes, la alegr\u00eda de leer como acto de resistencia\",\"isPartOf\":{\"@id\":\"https:\/\/cenal.gob.ve\/#website\"},\"datePublished\":\"2026-03-06T04:53:00+00:00\",\"dateModified\":\"2026-03-08T04:55:37+00:00\",\"breadcrumb\":{\"@id\":\"https:\/\/cenal.gob.ve\/?p=27404#breadcrumb\"},\"inLanguage\":\"es\",\"potentialAction\":[{\"@type\":\"ReadAction\",\"target\":[\"https:\/\/cenal.gob.ve\/?p=27404\"]}]},{\"@type\":\"BreadcrumbList\",\"@id\":\"https:\/\/cenal.gob.ve\/?p=27404#breadcrumb\",\"itemListElement\":[{\"@type\":\"ListItem\",\"position\":1,\"name\":\"Home\",\"item\":\"https:\/\/cenal.gob.ve\/\"},{\"@type\":\"ListItem\",\"position\":2,\"name\":\"21.\u00aa Filven Cojedes, la alegr\u00eda de leer como acto de resistencia\"}]},{\"@type\":\"WebSite\",\"@id\":\"https:\/\/cenal.gob.ve\/#website\",\"url\":\"https:\/\/cenal.gob.ve\/\",\"name\":\"Cenal\",\"description\":\"\",\"publisher\":{\"@id\":\"https:\/\/cenal.gob.ve\/#organization\"},\"potentialAction\":[{\"@type\":\"SearchAction\",\"target\":{\"@type\":\"EntryPoint\",\"urlTemplate\":\"https:\/\/cenal.gob.ve\/?s={search_term_string}\"},\"query-input\":\"required name=search_term_string\"}],\"inLanguage\":\"es\"},{\"@type\":\"Organization\",\"@id\":\"https:\/\/cenal.gob.ve\/#organization\",\"name\":\"CENAL\",\"url\":\"https:\/\/cenal.gob.ve\/\",\"sameAs\":[],\"logo\":{\"@type\":\"ImageObject\",\"inLanguage\":\"es\",\"@id\":\"https:\/\/cenal.gob.ve\/#\/schema\/logo\/image\/\",\"url\":\"https:\/\/i0.wp.com\/cenal.gob.ve\/wp-content\/uploads\/2022\/10\/cropped-images.jpg?fit=512%2C512\",\"contentUrl\":\"https:\/\/i0.wp.com\/cenal.gob.ve\/wp-content\/uploads\/2022\/10\/cropped-images.jpg?fit=512%2C512\",\"width\":512,\"height\":512,\"caption\":\"CENAL\"},\"image\":{\"@id\":\"https:\/\/cenal.gob.ve\/#\/schema\/logo\/image\/\"}},{\"@type\":\"Person\",\"@id\":\"https:\/\/cenal.gob.ve\/#\/schema\/person\/e3ed34623f400ffab8bc7a63b2f5533f\",\"name\":\"Prensa Cenal\",\"image\":{\"@type\":\"ImageObject\",\"inLanguage\":\"es\",\"@id\":\"https:\/\/cenal.gob.ve\/#\/schema\/person\/image\/\",\"url\":\"https:\/\/secure.gravatar.com\/avatar\/594b4ed34090910c619ac3679001d491?s=96&d=mm&r=g\",\"contentUrl\":\"https:\/\/secure.gravatar.com\/avatar\/594b4ed34090910c619ac3679001d491?s=96&d=mm&r=g\",\"caption\":\"Prensa Cenal\"},\"url\":\"https:\/\/cenal.gob.ve\/?author=10\"}]}<\/script>\n<!-- \/ Yoast SEO plugin. -->","yoast_head_json":{"title":"21.\u00aa Filven Cojedes, la alegr\u00eda de leer como acto de resistencia","robots":{"index":"index","follow":"follow","max-snippet":"max-snippet:-1","max-image-preview":"max-image-preview:large","max-video-preview":"max-video-preview:-1"},"canonical":"https:\/\/cenal.gob.ve\/?p=27404","og_locale":"es_ES","og_type":"article","og_title":"21.\u00aa Filven Cojedes, la alegr\u00eda de leer como acto de resistencia","og_description":"El Complejo Cultural \u201cMauricio P\u00e9rez Lazo\u201d, en San Carlos, se convirti\u00f3 en espacio para el encuentro con el pensamiento cr\u00edtico y la palabra en la 21.\u00aa Filven Cojedes. Durante dos [&hellip;]","og_url":"https:\/\/cenal.gob.ve\/?p=27404","og_site_name":"Cenal","article_published_time":"2026-03-06T04:53:00+00:00","article_modified_time":"2026-03-08T04:55:37+00:00","og_image":[{"width":1024,"height":682,"url":"http:\/\/cenal.gob.ve\/wp-content\/uploads\/2026\/03\/IMG_20260307_135634_792-1024x682-1.jpg","type":"image\/jpeg"}],"author":"Prensa Cenal","twitter_card":"summary_large_image","twitter_misc":{"Written by":"Prensa Cenal","Est. reading time":"7 minutos"},"schema":{"@context":"https:\/\/schema.org","@graph":[{"@type":"Article","@id":"https:\/\/cenal.gob.ve\/?p=27404#article","isPartOf":{"@id":"https:\/\/cenal.gob.ve\/?p=27404"},"author":{"name":"Prensa Cenal","@id":"https:\/\/cenal.gob.ve\/#\/schema\/person\/e3ed34623f400ffab8bc7a63b2f5533f"},"headline":"21.\u00aa Filven Cojedes, la alegr\u00eda de leer como acto de resistencia","datePublished":"2026-03-06T04:53:00+00:00","dateModified":"2026-03-08T04:55:37+00:00","mainEntityOfPage":{"@id":"https:\/\/cenal.gob.ve\/?p=27404"},"wordCount":780,"commentCount":0,"publisher":{"@id":"https:\/\/cenal.gob.ve\/#organization"},"articleSection":["Filven"],"inLanguage":"es","potentialAction":[{"@type":"CommentAction","name":"Comment","target":["https:\/\/cenal.gob.ve\/?p=27404#respond"]}]},{"@type":"WebPage","@id":"https:\/\/cenal.gob.ve\/?p=27404","url":"https:\/\/cenal.gob.ve\/?p=27404","name":"21.\u00aa Filven Cojedes, la alegr\u00eda de leer como acto de resistencia","isPartOf":{"@id":"https:\/\/cenal.gob.ve\/#website"},"datePublished":"2026-03-06T04:53:00+00:00","dateModified":"2026-03-08T04:55:37+00:00","breadcrumb":{"@id":"https:\/\/cenal.gob.ve\/?p=27404#breadcrumb"},"inLanguage":"es","potentialAction":[{"@type":"ReadAction","target":["https:\/\/cenal.gob.ve\/?p=27404"]}]},{"@type":"BreadcrumbList","@id":"https:\/\/cenal.gob.ve\/?p=27404#breadcrumb","itemListElement":[{"@type":"ListItem","position":1,"name":"Home","item":"https:\/\/cenal.gob.ve\/"},{"@type":"ListItem","position":2,"name":"21.\u00aa Filven Cojedes, la alegr\u00eda de leer como acto de resistencia"}]},{"@type":"WebSite","@id":"https:\/\/cenal.gob.ve\/#website","url":"https:\/\/cenal.gob.ve\/","name":"Cenal","description":"","publisher":{"@id":"https:\/\/cenal.gob.ve\/#organization"},"potentialAction":[{"@type":"SearchAction","target":{"@type":"EntryPoint","urlTemplate":"https:\/\/cenal.gob.ve\/?s={search_term_string}"},"query-input":"required name=search_term_string"}],"inLanguage":"es"},{"@type":"Organization","@id":"https:\/\/cenal.gob.ve\/#organization","name":"CENAL","url":"https:\/\/cenal.gob.ve\/","sameAs":[],"logo":{"@type":"ImageObject","inLanguage":"es","@id":"https:\/\/cenal.gob.ve\/#\/schema\/logo\/image\/","url":"https:\/\/i0.wp.com\/cenal.gob.ve\/wp-content\/uploads\/2022\/10\/cropped-images.jpg?fit=512%2C512","contentUrl":"https:\/\/i0.wp.com\/cenal.gob.ve\/wp-content\/uploads\/2022\/10\/cropped-images.jpg?fit=512%2C512","width":512,"height":512,"caption":"CENAL"},"image":{"@id":"https:\/\/cenal.gob.ve\/#\/schema\/logo\/image\/"}},{"@type":"Person","@id":"https:\/\/cenal.gob.ve\/#\/schema\/person\/e3ed34623f400ffab8bc7a63b2f5533f","name":"Prensa Cenal","image":{"@type":"ImageObject","inLanguage":"es","@id":"https:\/\/cenal.gob.ve\/#\/schema\/person\/image\/","url":"https:\/\/secure.gravatar.com\/avatar\/594b4ed34090910c619ac3679001d491?s=96&d=mm&r=g","contentUrl":"https:\/\/secure.gravatar.com\/avatar\/594b4ed34090910c619ac3679001d491?s=96&d=mm&r=g","caption":"Prensa Cenal"},"url":"https:\/\/cenal.gob.ve\/?author=10"}]}},"jetpack_featured_media_url":"https:\/\/cenal.gob.ve\/wp-content\/uploads\/2026\/03\/IMG_20260307_135634_792-1024x682-1.jpg","jetpack_publicize_connections":[],"jetpack_shortlink":"https:\/\/wp.me\/p5FMhp-780","_links":{"self":[{"href":"https:\/\/cenal.gob.ve\/index.php?rest_route=\/wp\/v2\/posts\/27404"}],"collection":[{"href":"https:\/\/cenal.gob.ve\/index.php?rest_route=\/wp\/v2\/posts"}],"about":[{"href":"https:\/\/cenal.gob.ve\/index.php?rest_route=\/wp\/v2\/types\/post"}],"author":[{"embeddable":true,"href":"https:\/\/cenal.gob.ve\/index.php?rest_route=\/wp\/v2\/users\/10"}],"replies":[{"embeddable":true,"href":"https:\/\/cenal.gob.ve\/index.php?rest_route=%2Fwp%2Fv2%2Fcomments&post=27404"}],"version-history":[{"count":1,"href":"https:\/\/cenal.gob.ve\/index.php?rest_route=\/wp\/v2\/posts\/27404\/revisions"}],"predecessor-version":[{"id":27406,"href":"https:\/\/cenal.gob.ve\/index.php?rest_route=\/wp\/v2\/posts\/27404\/revisions\/27406"}],"wp:featuredmedia":[{"embeddable":true,"href":"https:\/\/cenal.gob.ve\/index.php?rest_route=\/wp\/v2\/media\/27405"}],"wp:attachment":[{"href":"https:\/\/cenal.gob.ve\/index.php?rest_route=%2Fwp%2Fv2%2Fmedia&parent=27404"}],"wp:term":[{"taxonomy":"category","embeddable":true,"href":"https:\/\/cenal.gob.ve\/index.php?rest_route=%2Fwp%2Fv2%2Fcategories&post=27404"},{"taxonomy":"post_tag","embeddable":true,"href":"https:\/\/cenal.gob.ve\/index.php?rest_route=%2Fwp%2Fv2%2Ftags&post=27404"}],"curies":[{"name":"wp","href":"https:\/\/api.w.org\/{rel}","templated":true}]}}