{"id":27407,"date":"2026-03-06T00:56:00","date_gmt":"2026-03-06T04:56:00","guid":{"rendered":"https:\/\/cenal.gob.ve\/?p=27407"},"modified":"2026-03-08T00:58:01","modified_gmt":"2026-03-08T04:58:01","slug":"coleccion-25-para-el-25-llega-a-la-juventud-de-cojedes","status":"publish","type":"post","link":"https:\/\/cenal.gob.ve\/?p=27407","title":{"rendered":"Colecci\u00f3n \u201c25 para el 25\u201d llega a la juventud de Cojedes"},"content":{"rendered":"\n<p>J\u00f3venes del estado Cojedes reafirmaron el valor del libro como motor de formaci\u00f3n y crecimiento, al recibir en la 21a Filven la colecci\u00f3n \u201c25 para el 25\u201d, concebida para acercar a personas de 15 a 30 a\u00f1os a obras de grandes escritores del Boom Latinoamericano.<\/p>\n\n\n\n<figure class=\"wp-block-image\"><img src=\"https:\/\/filven.com\/wp-content\/uploads\/2026\/03\/1000610199-1024x682.jpg\" alt=\"\" class=\"wp-image-29673\"\/><\/figure>\n\n\n\n<p>Un centenar de estudiantes provenientes del Liceo B\u00e1sico Batalla de Carabobo, el Complejo Educativo Eloy Guillermo Gonz\u00e1lez y la Escuela T\u00e9cnica Eleazar Almarat se reunieron en el Complejo Cultural \u201cMauricio P\u00e9rez Lazo\u201d de San Carlos, donde se celebra la feria. All\u00ed recibieron la colecci\u00f3n de manos de Karina Rojas, directora general del Gabinete Estadal de Cultura, quien celebr\u00f3 la iniciativa del Fondo de Cultura Econ\u00f3mica de M\u00e9xico y del Ministerio del Poder Popular para la Cultura, al destacar este intercambio como una v\u00eda para \u201ctransformar el h\u00e1bito de la lectura en una herramienta de vida\u201d.<\/p>\n\n\n\n<p><strong>Herramienta para el futuro<\/strong><\/p>\n\n\n\n<p>Para j\u00f3venes como Emergelis Manzanero, de la ETAI Eleazar Almarat, la FILVEN permite acceder a la lectura como una herramienta para pensar y construir el porvenir. \u201cMe encant\u00f3 demasiado la sala de lectura; estar en un lugar con tantos libros te dan ganas de llev\u00e1rtelos todos a casa\u201d, expres\u00f3.<\/p>\n\n\n\n<p>Respecto a la colecci\u00f3n \u201c25 para el 25\u201d, que recibi\u00f3 durante esa jornada, refiri\u00f3 que \u201cleer no es solo pasar la vista, es observar y pensar qu\u00e9 nos quieren decir. Tenemos que leer para tener proyectos y m\u00e1s informaci\u00f3n sobre lo que queramos saber\u201d.<\/p>\n\n\n\n<figure class=\"wp-block-image\"><img src=\"https:\/\/filven.com\/wp-content\/uploads\/2026\/03\/1000610201-1024x682.jpg\" alt=\"\" class=\"wp-image-29674\"\/><\/figure>\n\n\n\n<p>La entrega de la colecci\u00f3n tambi\u00e9n fue celebrada por el personal docente de la entidad. Beatriz S\u00e1nchez, representante de la ETAI Eleazar Almarat, llam\u00f3 a padres, madres y representantes a comprender la necesidad de promover la lectura desde el hogar.<\/p>\n\n\n\n<p>En ese sentido, calific\u00f3 la colecci\u00f3n \u201c25 para el 25\u2033 como una herramienta \u201cpara abrir nuevos senderos de conocimiento\u201d, pues la lectura \u201cnutre nuestro cerebro\u201d y permite alejarse de las pantallas.<\/p>\n\n\n\n<p><strong>Promoci\u00f3n continua<\/strong><\/p>\n\n\n\n<p><br>Irene Aranzazu, coordinadora de Cultura del Centro de Desarrollo de la Calidad Educativa del estado Cojedes, celebr\u00f3 el proyecto \u201c25 para el 25\u201d que re\u00fane a autores latinoamericanos, porque acerca a los j\u00f3venes al libro f\u00edsico \u201cpara que sientan el olor, las p\u00e1ginas al tacto\u201d.<\/p>\n\n\n\n<p>La distribuci\u00f3n de la colecci\u00f3n se suma al trabajo de fomento de la lectura que se desarrolla en la entidad. Al respecto, Aranzazu detall\u00f3 que entre los proyectos que se ejecutan en las instituciones educativas del estado resaltan \u201cLee tu pel\u00edcula\u201d, que integra cine y libros; \u201cMinutos de Historia\u201d, un podcast educativo de ni\u00f1os para ni\u00f1os; \u201cMitos, Cuentos y Leyendas\u201d, donde la historia local es contada desde la perspectiva juvenil; el fortalecimiento del uso del lenguaje de se\u00f1as y la creaci\u00f3n de libros en Braille.<\/p>\n\n\n\n<figure class=\"wp-block-image\"><img src=\"https:\/\/filven.com\/wp-content\/uploads\/2026\/03\/1000610202-1024x682.jpg\" alt=\"\" class=\"wp-image-29675\"\/><\/figure>\n\n\n\n<p>En esta edici\u00f3n de la Filven Cojedes, m\u00e1s de 200 j\u00f3venes y 150 ni\u00f1os han compartido en el Pabell\u00f3n Infantil. \u201cHemos tenido talleres de origami, puestas en escena y oralidad y cuentacuentos\u201d, cont\u00f3 Aranzazu, quien ha captado a estudiantes para que incentiven en sus liceos el gusto por la lectoescritura, actividades que se prev\u00e9 consolidar en todas las instituciones educativas de la entidad llanera.<\/p>\n\n\n\n<p>En el recinto literario, ni\u00f1os, ni\u00f1as y j\u00f3venes disfrutaron de obras de teatro, talleres de oralidad, cuentacuentos y se llevaron la colecci\u00f3n \u201c25 para el 25\u201d, que ahora disfrutar\u00e1n y debatir\u00e1n en casa y en sus colegios.<\/p>\n\n\n\n<p>La feria contin\u00faa su recorrido por el pa\u00eds con su lema \u201cLeer humaniza\u201d, fomentando el acercamiento al libro y la lectura como herramientas para la paz y el pensamiento cr\u00edtico.<\/p>\n\n\n\n<figure class=\"wp-block-image\"><img src=\"https:\/\/filven.com\/wp-content\/uploads\/2026\/03\/1000610196-1024x682.jpg\" alt=\"\" class=\"wp-image-29676\"\/><\/figure>\n\n\n\n<figure class=\"wp-block-image\"><img src=\"https:\/\/filven.com\/wp-content\/uploads\/2026\/03\/1000610197-1024x682.jpg\" alt=\"\" class=\"wp-image-29677\"\/><\/figure>\n\n\n\n<figure class=\"wp-block-image\"><img src=\"https:\/\/filven.com\/wp-content\/uploads\/2026\/03\/1000610198-1024x682.jpg\" alt=\"\" class=\"wp-image-29678\"\/><\/figure>\n","protected":false},"excerpt":{"rendered":"<p>J\u00f3venes del estado Cojedes reafirmaron el valor del libro como motor de formaci\u00f3n y crecimiento, al recibir en la 21a Filven la colecci\u00f3n \u201c25 para el 25\u201d, concebida para acercar [&hellip;]<\/p>\n","protected":false},"author":10,"featured_media":27408,"comment_status":"open","ping_status":"closed","sticky":false,"template":"","format":"standard","meta":{"spay_email":"","jetpack_publicize_message":"","jetpack_is_tweetstorm":false,"jetpack_publicize_feature_enabled":true},"categories":[2],"tags":[],"yoast_head":"<!-- This site is optimized with the Yoast SEO plugin v19.8 - https:\/\/yoast.com\/wordpress\/plugins\/seo\/ -->\n<title>Colecci\u00f3n \u201c25 para el 25\u201d llega a la juventud de Cojedes<\/title>\n<meta name=\"robots\" content=\"index, follow, max-snippet:-1, max-image-preview:large, max-video-preview:-1\" \/>\n<link rel=\"canonical\" href=\"https:\/\/cenal.gob.ve\/?p=27407\" \/>\n<meta property=\"og:locale\" content=\"es_ES\" \/>\n<meta property=\"og:type\" content=\"article\" \/>\n<meta property=\"og:title\" content=\"Colecci\u00f3n \u201c25 para el 25\u201d llega a la juventud de Cojedes\" \/>\n<meta property=\"og:description\" content=\"J\u00f3venes del estado Cojedes reafirmaron el valor del libro como motor de formaci\u00f3n y crecimiento, al recibir en la 21a Filven la colecci\u00f3n \u201c25 para el 25\u201d, concebida para acercar [&hellip;]\" \/>\n<meta property=\"og:url\" content=\"https:\/\/cenal.gob.ve\/?p=27407\" \/>\n<meta property=\"og:site_name\" content=\"Cenal\" \/>\n<meta property=\"article:published_time\" content=\"2026-03-06T04:56:00+00:00\" \/>\n<meta property=\"article:modified_time\" content=\"2026-03-08T04:58:01+00:00\" \/>\n<meta property=\"og:image\" content=\"http:\/\/cenal.gob.ve\/wp-content\/uploads\/2026\/03\/IMG_20260306_143759_453-1024x682-1.jpg\" \/>\n\t<meta property=\"og:image:width\" content=\"1024\" \/>\n\t<meta property=\"og:image:height\" content=\"682\" \/>\n\t<meta property=\"og:image:type\" content=\"image\/jpeg\" \/>\n<meta name=\"author\" content=\"Prensa Cenal\" \/>\n<meta name=\"twitter:card\" content=\"summary_large_image\" \/>\n<meta name=\"twitter:label1\" content=\"Written by\" \/>\n\t<meta name=\"twitter:data1\" content=\"Prensa Cenal\" \/>\n\t<meta name=\"twitter:label2\" content=\"Est. reading time\" \/>\n\t<meta name=\"twitter:data2\" content=\"4 minutos\" \/>\n<script type=\"application\/ld+json\" class=\"yoast-schema-graph\">{\"@context\":\"https:\/\/schema.org\",\"@graph\":[{\"@type\":\"Article\",\"@id\":\"https:\/\/cenal.gob.ve\/?p=27407#article\",\"isPartOf\":{\"@id\":\"https:\/\/cenal.gob.ve\/?p=27407\"},\"author\":{\"name\":\"Prensa Cenal\",\"@id\":\"https:\/\/cenal.gob.ve\/#\/schema\/person\/e3ed34623f400ffab8bc7a63b2f5533f\"},\"headline\":\"Colecci\u00f3n \u201c25 para el 25\u201d llega a la juventud de Cojedes\",\"datePublished\":\"2026-03-06T04:56:00+00:00\",\"dateModified\":\"2026-03-08T04:58:01+00:00\",\"mainEntityOfPage\":{\"@id\":\"https:\/\/cenal.gob.ve\/?p=27407\"},\"wordCount\":615,\"commentCount\":0,\"publisher\":{\"@id\":\"https:\/\/cenal.gob.ve\/#organization\"},\"articleSection\":[\"Cenal\"],\"inLanguage\":\"es\",\"potentialAction\":[{\"@type\":\"CommentAction\",\"name\":\"Comment\",\"target\":[\"https:\/\/cenal.gob.ve\/?p=27407#respond\"]}]},{\"@type\":\"WebPage\",\"@id\":\"https:\/\/cenal.gob.ve\/?p=27407\",\"url\":\"https:\/\/cenal.gob.ve\/?p=27407\",\"name\":\"Colecci\u00f3n \u201c25 para el 25\u201d llega a la juventud de Cojedes\",\"isPartOf\":{\"@id\":\"https:\/\/cenal.gob.ve\/#website\"},\"datePublished\":\"2026-03-06T04:56:00+00:00\",\"dateModified\":\"2026-03-08T04:58:01+00:00\",\"breadcrumb\":{\"@id\":\"https:\/\/cenal.gob.ve\/?p=27407#breadcrumb\"},\"inLanguage\":\"es\",\"potentialAction\":[{\"@type\":\"ReadAction\",\"target\":[\"https:\/\/cenal.gob.ve\/?p=27407\"]}]},{\"@type\":\"BreadcrumbList\",\"@id\":\"https:\/\/cenal.gob.ve\/?p=27407#breadcrumb\",\"itemListElement\":[{\"@type\":\"ListItem\",\"position\":1,\"name\":\"Home\",\"item\":\"https:\/\/cenal.gob.ve\/\"},{\"@type\":\"ListItem\",\"position\":2,\"name\":\"Colecci\u00f3n \u201c25 para el 25\u201d llega a la juventud de Cojedes\"}]},{\"@type\":\"WebSite\",\"@id\":\"https:\/\/cenal.gob.ve\/#website\",\"url\":\"https:\/\/cenal.gob.ve\/\",\"name\":\"Cenal\",\"description\":\"\",\"publisher\":{\"@id\":\"https:\/\/cenal.gob.ve\/#organization\"},\"potentialAction\":[{\"@type\":\"SearchAction\",\"target\":{\"@type\":\"EntryPoint\",\"urlTemplate\":\"https:\/\/cenal.gob.ve\/?s={search_term_string}\"},\"query-input\":\"required name=search_term_string\"}],\"inLanguage\":\"es\"},{\"@type\":\"Organization\",\"@id\":\"https:\/\/cenal.gob.ve\/#organization\",\"name\":\"CENAL\",\"url\":\"https:\/\/cenal.gob.ve\/\",\"sameAs\":[],\"logo\":{\"@type\":\"ImageObject\",\"inLanguage\":\"es\",\"@id\":\"https:\/\/cenal.gob.ve\/#\/schema\/logo\/image\/\",\"url\":\"https:\/\/i0.wp.com\/cenal.gob.ve\/wp-content\/uploads\/2022\/10\/cropped-images.jpg?fit=512%2C512\",\"contentUrl\":\"https:\/\/i0.wp.com\/cenal.gob.ve\/wp-content\/uploads\/2022\/10\/cropped-images.jpg?fit=512%2C512\",\"width\":512,\"height\":512,\"caption\":\"CENAL\"},\"image\":{\"@id\":\"https:\/\/cenal.gob.ve\/#\/schema\/logo\/image\/\"}},{\"@type\":\"Person\",\"@id\":\"https:\/\/cenal.gob.ve\/#\/schema\/person\/e3ed34623f400ffab8bc7a63b2f5533f\",\"name\":\"Prensa Cenal\",\"image\":{\"@type\":\"ImageObject\",\"inLanguage\":\"es\",\"@id\":\"https:\/\/cenal.gob.ve\/#\/schema\/person\/image\/\",\"url\":\"https:\/\/secure.gravatar.com\/avatar\/594b4ed34090910c619ac3679001d491?s=96&d=mm&r=g\",\"contentUrl\":\"https:\/\/secure.gravatar.com\/avatar\/594b4ed34090910c619ac3679001d491?s=96&d=mm&r=g\",\"caption\":\"Prensa Cenal\"},\"url\":\"https:\/\/cenal.gob.ve\/?author=10\"}]}<\/script>\n<!-- \/ Yoast SEO plugin. -->","yoast_head_json":{"title":"Colecci\u00f3n \u201c25 para el 25\u201d llega a la juventud de Cojedes","robots":{"index":"index","follow":"follow","max-snippet":"max-snippet:-1","max-image-preview":"max-image-preview:large","max-video-preview":"max-video-preview:-1"},"canonical":"https:\/\/cenal.gob.ve\/?p=27407","og_locale":"es_ES","og_type":"article","og_title":"Colecci\u00f3n \u201c25 para el 25\u201d llega a la juventud de Cojedes","og_description":"J\u00f3venes del estado Cojedes reafirmaron el valor del libro como motor de formaci\u00f3n y crecimiento, al recibir en la 21a Filven la colecci\u00f3n \u201c25 para el 25\u201d, concebida para acercar [&hellip;]","og_url":"https:\/\/cenal.gob.ve\/?p=27407","og_site_name":"Cenal","article_published_time":"2026-03-06T04:56:00+00:00","article_modified_time":"2026-03-08T04:58:01+00:00","og_image":[{"width":1024,"height":682,"url":"http:\/\/cenal.gob.ve\/wp-content\/uploads\/2026\/03\/IMG_20260306_143759_453-1024x682-1.jpg","type":"image\/jpeg"}],"author":"Prensa Cenal","twitter_card":"summary_large_image","twitter_misc":{"Written by":"Prensa Cenal","Est. reading time":"4 minutos"},"schema":{"@context":"https:\/\/schema.org","@graph":[{"@type":"Article","@id":"https:\/\/cenal.gob.ve\/?p=27407#article","isPartOf":{"@id":"https:\/\/cenal.gob.ve\/?p=27407"},"author":{"name":"Prensa Cenal","@id":"https:\/\/cenal.gob.ve\/#\/schema\/person\/e3ed34623f400ffab8bc7a63b2f5533f"},"headline":"Colecci\u00f3n \u201c25 para el 25\u201d llega a la juventud de Cojedes","datePublished":"2026-03-06T04:56:00+00:00","dateModified":"2026-03-08T04:58:01+00:00","mainEntityOfPage":{"@id":"https:\/\/cenal.gob.ve\/?p=27407"},"wordCount":615,"commentCount":0,"publisher":{"@id":"https:\/\/cenal.gob.ve\/#organization"},"articleSection":["Cenal"],"inLanguage":"es","potentialAction":[{"@type":"CommentAction","name":"Comment","target":["https:\/\/cenal.gob.ve\/?p=27407#respond"]}]},{"@type":"WebPage","@id":"https:\/\/cenal.gob.ve\/?p=27407","url":"https:\/\/cenal.gob.ve\/?p=27407","name":"Colecci\u00f3n \u201c25 para el 25\u201d llega a la juventud de Cojedes","isPartOf":{"@id":"https:\/\/cenal.gob.ve\/#website"},"datePublished":"2026-03-06T04:56:00+00:00","dateModified":"2026-03-08T04:58:01+00:00","breadcrumb":{"@id":"https:\/\/cenal.gob.ve\/?p=27407#breadcrumb"},"inLanguage":"es","potentialAction":[{"@type":"ReadAction","target":["https:\/\/cenal.gob.ve\/?p=27407"]}]},{"@type":"BreadcrumbList","@id":"https:\/\/cenal.gob.ve\/?p=27407#breadcrumb","itemListElement":[{"@type":"ListItem","position":1,"name":"Home","item":"https:\/\/cenal.gob.ve\/"},{"@type":"ListItem","position":2,"name":"Colecci\u00f3n \u201c25 para el 25\u201d llega a la juventud de Cojedes"}]},{"@type":"WebSite","@id":"https:\/\/cenal.gob.ve\/#website","url":"https:\/\/cenal.gob.ve\/","name":"Cenal","description":"","publisher":{"@id":"https:\/\/cenal.gob.ve\/#organization"},"potentialAction":[{"@type":"SearchAction","target":{"@type":"EntryPoint","urlTemplate":"https:\/\/cenal.gob.ve\/?s={search_term_string}"},"query-input":"required name=search_term_string"}],"inLanguage":"es"},{"@type":"Organization","@id":"https:\/\/cenal.gob.ve\/#organization","name":"CENAL","url":"https:\/\/cenal.gob.ve\/","sameAs":[],"logo":{"@type":"ImageObject","inLanguage":"es","@id":"https:\/\/cenal.gob.ve\/#\/schema\/logo\/image\/","url":"https:\/\/i0.wp.com\/cenal.gob.ve\/wp-content\/uploads\/2022\/10\/cropped-images.jpg?fit=512%2C512","contentUrl":"https:\/\/i0.wp.com\/cenal.gob.ve\/wp-content\/uploads\/2022\/10\/cropped-images.jpg?fit=512%2C512","width":512,"height":512,"caption":"CENAL"},"image":{"@id":"https:\/\/cenal.gob.ve\/#\/schema\/logo\/image\/"}},{"@type":"Person","@id":"https:\/\/cenal.gob.ve\/#\/schema\/person\/e3ed34623f400ffab8bc7a63b2f5533f","name":"Prensa Cenal","image":{"@type":"ImageObject","inLanguage":"es","@id":"https:\/\/cenal.gob.ve\/#\/schema\/person\/image\/","url":"https:\/\/secure.gravatar.com\/avatar\/594b4ed34090910c619ac3679001d491?s=96&d=mm&r=g","contentUrl":"https:\/\/secure.gravatar.com\/avatar\/594b4ed34090910c619ac3679001d491?s=96&d=mm&r=g","caption":"Prensa Cenal"},"url":"https:\/\/cenal.gob.ve\/?author=10"}]}},"jetpack_featured_media_url":"https:\/\/cenal.gob.ve\/wp-content\/uploads\/2026\/03\/IMG_20260306_143759_453-1024x682-1.jpg","jetpack_publicize_connections":[],"jetpack_shortlink":"https:\/\/wp.me\/p5FMhp-783","_links":{"self":[{"href":"https:\/\/cenal.gob.ve\/index.php?rest_route=\/wp\/v2\/posts\/27407"}],"collection":[{"href":"https:\/\/cenal.gob.ve\/index.php?rest_route=\/wp\/v2\/posts"}],"about":[{"href":"https:\/\/cenal.gob.ve\/index.php?rest_route=\/wp\/v2\/types\/post"}],"author":[{"embeddable":true,"href":"https:\/\/cenal.gob.ve\/index.php?rest_route=\/wp\/v2\/users\/10"}],"replies":[{"embeddable":true,"href":"https:\/\/cenal.gob.ve\/index.php?rest_route=%2Fwp%2Fv2%2Fcomments&post=27407"}],"version-history":[{"count":1,"href":"https:\/\/cenal.gob.ve\/index.php?rest_route=\/wp\/v2\/posts\/27407\/revisions"}],"predecessor-version":[{"id":27409,"href":"https:\/\/cenal.gob.ve\/index.php?rest_route=\/wp\/v2\/posts\/27407\/revisions\/27409"}],"wp:featuredmedia":[{"embeddable":true,"href":"https:\/\/cenal.gob.ve\/index.php?rest_route=\/wp\/v2\/media\/27408"}],"wp:attachment":[{"href":"https:\/\/cenal.gob.ve\/index.php?rest_route=%2Fwp%2Fv2%2Fmedia&parent=27407"}],"wp:term":[{"taxonomy":"category","embeddable":true,"href":"https:\/\/cenal.gob.ve\/index.php?rest_route=%2Fwp%2Fv2%2Fcategories&post=27407"},{"taxonomy":"post_tag","embeddable":true,"href":"https:\/\/cenal.gob.ve\/index.php?rest_route=%2Fwp%2Fv2%2Ftags&post=27407"}],"curies":[{"name":"wp","href":"https:\/\/api.w.org\/{rel}","templated":true}]}}