{"id":27705,"date":"2026-04-23T17:22:45","date_gmt":"2026-04-23T21:22:45","guid":{"rendered":"https:\/\/cenal.gob.ve\/?p=27705"},"modified":"2026-04-24T11:44:38","modified_gmt":"2026-04-24T15:44:38","slug":"abiertas-convocatorias-para-bienales-nacionales-de-literatura-2026","status":"publish","type":"post","link":"https:\/\/cenal.gob.ve\/?p=27705","title":{"rendered":"Abiertas convocatorias para Bienales Nacionales de Literatura 2026"},"content":{"rendered":"\n<figure class=\"wp-block-image size-large\"><img width=\"819\" height=\"1024\" src=\"https:\/\/cenal.gob.ve\/wp-content\/uploads\/2026\/04\/photo_5140909329299999928_y-819x1024.jpg\" alt=\"\" class=\"wp-image-27717\" srcset=\"https:\/\/cenal.gob.ve\/wp-content\/uploads\/2026\/04\/photo_5140909329299999928_y-819x1024.jpg 819w, https:\/\/cenal.gob.ve\/wp-content\/uploads\/2026\/04\/photo_5140909329299999928_y-240x300.jpg 240w, https:\/\/cenal.gob.ve\/wp-content\/uploads\/2026\/04\/photo_5140909329299999928_y-768x960.jpg 768w, https:\/\/cenal.gob.ve\/wp-content\/uploads\/2026\/04\/photo_5140909329299999928_y-640x800.jpg 640w, https:\/\/cenal.gob.ve\/wp-content\/uploads\/2026\/04\/photo_5140909329299999928_y.jpg 1024w\" sizes=\"(max-width: 819px) 100vw, 819px\" \/><\/figure>\n\n\n\n<p>Escritoras y escritores venezolanos y extranjeros residenciados en el pa\u00eds pueden participar con sus obras in\u00e9ditas en las Bienales Nacionales de Literatura 2026 que convoca el Ministerio del Poder Popular para la Cultura (MPPC), a trav\u00e9s del Centro Nacional del Libro (Cenal) y la Compa\u00f1\u00eda Nacional de Teatro (CNT).<\/p>\n\n\n\n<p>El anuncio fue realizado por el ministro del Poder Popular para la Cultura, Ra\u00fal Cazal, en el marco de las actividades literarias programadas para la celebraci\u00f3n del D\u00eda Internacional del Libro, este 23 de abril.<\/p>\n\n\n\n<p>Se premiar\u00e1n obras en las categor\u00edas Novela Hist\u00f3rica, Narrativa Breve, Literatura Infantil (Poes\u00eda), Ensayo, Poes\u00eda, Ensayo Teatral y Dramaturgia.<\/p>\n\n\n\n<p>Se trata de la IX Bienal Nacional de Literatura Jos\u00e9 Vicente Abreu, menci\u00f3n Novela Hist\u00f3rica, abierta hasta el 30 de mayo; la XII Bienal Nacional de Literatura Orlando Araujo, menci\u00f3n Narrativa Breve, hasta el 15 de junio; la VI Bienal Nacional de Literatura Manuel Felipe Rugeles, menci\u00f3n Literatura Infantil (Poes\u00eda), hasta el 30 de junio; la VIII Bienal Nacional de Literatura Argimiro Gabald\u00f3n, menci\u00f3n Ensayo, hasta el 15 de julio; la V Bienal Nacional de Literatura Lydda Franco Far\u00edas, menci\u00f3n Poes\u00eda (dirigida a escritoras), hasta el 31 de julio; la III Bienal Nacional de Literatura C\u00e9sar Rengifo, menci\u00f3n Ensayo Teatral, hasta el 30 de junio, y la III Bienal Nacional de Literatura Apacuana, menci\u00f3n dramaturgia, hasta el 30 de junio.<\/p>\n\n\n\n<p>Los ganadores ser\u00e1n publicados por Monte \u00c1vila Editores Latinoamericana, editorial adscrita al MPPC, y recibir\u00e1n por el Cenal un premio en bol\u00edvares (Bs1.000.000,00).<\/p>\n\n\n\n<p>Quienes deseen postularse deber\u00e1n cumplir con lo establecido en las bases, disponibles en el sitio web del Cenal www.cenal.gob.ve.<\/p>\n\n\n\n<p>Estas Bienales Nacionales de Literatura se realizan como parte de las pol\u00edticas culturales del Gobierno Bolivariano orientadas a promover la producci\u00f3n literaria e incentivar el desarrollo de nuevos autores.<\/p>\n\n\n\n<p>Las bases completas de cada bienal, con los requisitos de participaci\u00f3n y otras especificaciones, est\u00e1n disponibles en el sitio del Cenal www.cenal.gob.ve en los siguientes enlaces:<\/p>\n\n\n\n<p><a href=\"https:\/\/cenal.gob.ve\/?page_id=27260\">IX Bienal Nacional de Literatura Jos\u00e9 Vicente Abreu<\/a><\/p>\n\n\n\n<p><a href=\"https:\/\/cenal.gob.ve\/?page_id=27266\">VIII Bienal Nacional de Literatura Argimiro Gabald\u00f3n<\/a><\/p>\n\n\n\n<p><a href=\"https:\/\/cenal.gob.ve\/?page_id=27268\">V Bienal Lydda Franco Far\u00edas<\/a><\/p>\n\n\n\n<p><a href=\"https:\/\/cenal.gob.ve\/?page_id=27264\">VI Bienal Nacional de Literatura Manuel Felipe Rugeles<\/a><\/p>\n\n\n\n<p><a href=\"https:\/\/cenal.gob.ve\/?page_id=27262\">XII Bienal Nacional de Literatura Orlando Araujo<\/a><\/p>\n\n\n\n<p><a href=\"https:\/\/cenal.gob.ve\/?page_id=27272\">III Bienal Nacional de Literatura Apacuan<\/a><\/p>\n\n\n\n<p><a href=\"https:\/\/cenal.gob.ve\/?page_id=27270\">III Bienal Nacional de Literatura C\u00e9sar Rengifo<\/a><\/p>\n","protected":false},"excerpt":{"rendered":"<p>Escritoras y escritores venezolanos y extranjeros residenciados en el pa\u00eds pueden participar con sus obras in\u00e9ditas en las Bienales Nacionales de Literatura 2026 que convoca el Ministerio del Poder Popular [&hellip;]<\/p>\n","protected":false},"author":10,"featured_media":27719,"comment_status":"open","ping_status":"closed","sticky":false,"template":"","format":"standard","meta":{"spay_email":"","jetpack_publicize_message":"","jetpack_is_tweetstorm":false,"jetpack_publicize_feature_enabled":true},"categories":[19,2],"tags":[],"yoast_head":"<!-- This site is optimized with the Yoast SEO plugin v19.8 - https:\/\/yoast.com\/wordpress\/plugins\/seo\/ -->\n<title>Abiertas convocatorias para Bienales Nacionales de Literatura 2026<\/title>\n<meta name=\"robots\" content=\"index, follow, max-snippet:-1, max-image-preview:large, max-video-preview:-1\" \/>\n<link rel=\"canonical\" href=\"https:\/\/cenal.gob.ve\/?p=27705\" \/>\n<meta property=\"og:locale\" content=\"es_ES\" \/>\n<meta property=\"og:type\" content=\"article\" \/>\n<meta property=\"og:title\" content=\"Abiertas convocatorias para Bienales Nacionales de Literatura 2026\" \/>\n<meta property=\"og:description\" content=\"Escritoras y escritores venezolanos y extranjeros residenciados en el pa\u00eds pueden participar con sus obras in\u00e9ditas en las Bienales Nacionales de Literatura 2026 que convoca el Ministerio del Poder Popular [&hellip;]\" \/>\n<meta property=\"og:url\" content=\"https:\/\/cenal.gob.ve\/?p=27705\" \/>\n<meta property=\"og:site_name\" content=\"Cenal\" \/>\n<meta property=\"article:published_time\" content=\"2026-04-23T21:22:45+00:00\" \/>\n<meta property=\"article:modified_time\" content=\"2026-04-24T15:44:38+00:00\" \/>\n<meta property=\"og:image\" content=\"https:\/\/cenal.gob.ve\/wp-content\/uploads\/2026\/04\/photo_5140909329299999925_y-1.jpg\" \/>\n\t<meta property=\"og:image:width\" content=\"1105\" \/>\n\t<meta property=\"og:image:height\" content=\"1280\" \/>\n\t<meta property=\"og:image:type\" content=\"image\/jpeg\" \/>\n<meta name=\"author\" content=\"Prensa Cenal\" \/>\n<meta name=\"twitter:card\" content=\"summary_large_image\" \/>\n<meta name=\"twitter:label1\" content=\"Written by\" \/>\n\t<meta name=\"twitter:data1\" content=\"Prensa Cenal\" \/>\n\t<meta name=\"twitter:label2\" content=\"Est. reading time\" \/>\n\t<meta name=\"twitter:data2\" content=\"2 minutos\" \/>\n<script type=\"application\/ld+json\" class=\"yoast-schema-graph\">{\"@context\":\"https:\/\/schema.org\",\"@graph\":[{\"@type\":\"Article\",\"@id\":\"https:\/\/cenal.gob.ve\/?p=27705#article\",\"isPartOf\":{\"@id\":\"https:\/\/cenal.gob.ve\/?p=27705\"},\"author\":{\"name\":\"Prensa Cenal\",\"@id\":\"https:\/\/cenal.gob.ve\/#\/schema\/person\/e3ed34623f400ffab8bc7a63b2f5533f\"},\"headline\":\"Abiertas convocatorias para Bienales Nacionales de Literatura 2026\",\"datePublished\":\"2026-04-23T21:22:45+00:00\",\"dateModified\":\"2026-04-24T15:44:38+00:00\",\"mainEntityOfPage\":{\"@id\":\"https:\/\/cenal.gob.ve\/?p=27705\"},\"wordCount\":408,\"commentCount\":0,\"publisher\":{\"@id\":\"https:\/\/cenal.gob.ve\/#organization\"},\"articleSection\":[\"Bienales\",\"Cenal\"],\"inLanguage\":\"es\",\"potentialAction\":[{\"@type\":\"CommentAction\",\"name\":\"Comment\",\"target\":[\"https:\/\/cenal.gob.ve\/?p=27705#respond\"]}]},{\"@type\":\"WebPage\",\"@id\":\"https:\/\/cenal.gob.ve\/?p=27705\",\"url\":\"https:\/\/cenal.gob.ve\/?p=27705\",\"name\":\"Abiertas convocatorias para Bienales Nacionales de Literatura 2026\",\"isPartOf\":{\"@id\":\"https:\/\/cenal.gob.ve\/#website\"},\"datePublished\":\"2026-04-23T21:22:45+00:00\",\"dateModified\":\"2026-04-24T15:44:38+00:00\",\"breadcrumb\":{\"@id\":\"https:\/\/cenal.gob.ve\/?p=27705#breadcrumb\"},\"inLanguage\":\"es\",\"potentialAction\":[{\"@type\":\"ReadAction\",\"target\":[\"https:\/\/cenal.gob.ve\/?p=27705\"]}]},{\"@type\":\"BreadcrumbList\",\"@id\":\"https:\/\/cenal.gob.ve\/?p=27705#breadcrumb\",\"itemListElement\":[{\"@type\":\"ListItem\",\"position\":1,\"name\":\"Home\",\"item\":\"https:\/\/cenal.gob.ve\/\"},{\"@type\":\"ListItem\",\"position\":2,\"name\":\"Abiertas convocatorias para Bienales Nacionales de Literatura 2026\"}]},{\"@type\":\"WebSite\",\"@id\":\"https:\/\/cenal.gob.ve\/#website\",\"url\":\"https:\/\/cenal.gob.ve\/\",\"name\":\"Cenal\",\"description\":\"\",\"publisher\":{\"@id\":\"https:\/\/cenal.gob.ve\/#organization\"},\"potentialAction\":[{\"@type\":\"SearchAction\",\"target\":{\"@type\":\"EntryPoint\",\"urlTemplate\":\"https:\/\/cenal.gob.ve\/?s={search_term_string}\"},\"query-input\":\"required name=search_term_string\"}],\"inLanguage\":\"es\"},{\"@type\":\"Organization\",\"@id\":\"https:\/\/cenal.gob.ve\/#organization\",\"name\":\"CENAL\",\"url\":\"https:\/\/cenal.gob.ve\/\",\"sameAs\":[],\"logo\":{\"@type\":\"ImageObject\",\"inLanguage\":\"es\",\"@id\":\"https:\/\/cenal.gob.ve\/#\/schema\/logo\/image\/\",\"url\":\"https:\/\/i0.wp.com\/cenal.gob.ve\/wp-content\/uploads\/2022\/10\/cropped-images.jpg?fit=512%2C512\",\"contentUrl\":\"https:\/\/i0.wp.com\/cenal.gob.ve\/wp-content\/uploads\/2022\/10\/cropped-images.jpg?fit=512%2C512\",\"width\":512,\"height\":512,\"caption\":\"CENAL\"},\"image\":{\"@id\":\"https:\/\/cenal.gob.ve\/#\/schema\/logo\/image\/\"}},{\"@type\":\"Person\",\"@id\":\"https:\/\/cenal.gob.ve\/#\/schema\/person\/e3ed34623f400ffab8bc7a63b2f5533f\",\"name\":\"Prensa Cenal\",\"image\":{\"@type\":\"ImageObject\",\"inLanguage\":\"es\",\"@id\":\"https:\/\/cenal.gob.ve\/#\/schema\/person\/image\/\",\"url\":\"https:\/\/secure.gravatar.com\/avatar\/594b4ed34090910c619ac3679001d491?s=96&d=mm&r=g\",\"contentUrl\":\"https:\/\/secure.gravatar.com\/avatar\/594b4ed34090910c619ac3679001d491?s=96&d=mm&r=g\",\"caption\":\"Prensa Cenal\"},\"url\":\"https:\/\/cenal.gob.ve\/?author=10\"}]}<\/script>\n<!-- \/ Yoast SEO plugin. -->","yoast_head_json":{"title":"Abiertas convocatorias para Bienales Nacionales de Literatura 2026","robots":{"index":"index","follow":"follow","max-snippet":"max-snippet:-1","max-image-preview":"max-image-preview:large","max-video-preview":"max-video-preview:-1"},"canonical":"https:\/\/cenal.gob.ve\/?p=27705","og_locale":"es_ES","og_type":"article","og_title":"Abiertas convocatorias para Bienales Nacionales de Literatura 2026","og_description":"Escritoras y escritores venezolanos y extranjeros residenciados en el pa\u00eds pueden participar con sus obras in\u00e9ditas en las Bienales Nacionales de Literatura 2026 que convoca el Ministerio del Poder Popular [&hellip;]","og_url":"https:\/\/cenal.gob.ve\/?p=27705","og_site_name":"Cenal","article_published_time":"2026-04-23T21:22:45+00:00","article_modified_time":"2026-04-24T15:44:38+00:00","og_image":[{"width":1105,"height":1280,"url":"https:\/\/cenal.gob.ve\/wp-content\/uploads\/2026\/04\/photo_5140909329299999925_y-1.jpg","type":"image\/jpeg"}],"author":"Prensa Cenal","twitter_card":"summary_large_image","twitter_misc":{"Written by":"Prensa Cenal","Est. reading time":"2 minutos"},"schema":{"@context":"https:\/\/schema.org","@graph":[{"@type":"Article","@id":"https:\/\/cenal.gob.ve\/?p=27705#article","isPartOf":{"@id":"https:\/\/cenal.gob.ve\/?p=27705"},"author":{"name":"Prensa Cenal","@id":"https:\/\/cenal.gob.ve\/#\/schema\/person\/e3ed34623f400ffab8bc7a63b2f5533f"},"headline":"Abiertas convocatorias para Bienales Nacionales de Literatura 2026","datePublished":"2026-04-23T21:22:45+00:00","dateModified":"2026-04-24T15:44:38+00:00","mainEntityOfPage":{"@id":"https:\/\/cenal.gob.ve\/?p=27705"},"wordCount":408,"commentCount":0,"publisher":{"@id":"https:\/\/cenal.gob.ve\/#organization"},"articleSection":["Bienales","Cenal"],"inLanguage":"es","potentialAction":[{"@type":"CommentAction","name":"Comment","target":["https:\/\/cenal.gob.ve\/?p=27705#respond"]}]},{"@type":"WebPage","@id":"https:\/\/cenal.gob.ve\/?p=27705","url":"https:\/\/cenal.gob.ve\/?p=27705","name":"Abiertas convocatorias para Bienales Nacionales de Literatura 2026","isPartOf":{"@id":"https:\/\/cenal.gob.ve\/#website"},"datePublished":"2026-04-23T21:22:45+00:00","dateModified":"2026-04-24T15:44:38+00:00","breadcrumb":{"@id":"https:\/\/cenal.gob.ve\/?p=27705#breadcrumb"},"inLanguage":"es","potentialAction":[{"@type":"ReadAction","target":["https:\/\/cenal.gob.ve\/?p=27705"]}]},{"@type":"BreadcrumbList","@id":"https:\/\/cenal.gob.ve\/?p=27705#breadcrumb","itemListElement":[{"@type":"ListItem","position":1,"name":"Home","item":"https:\/\/cenal.gob.ve\/"},{"@type":"ListItem","position":2,"name":"Abiertas convocatorias para Bienales Nacionales de Literatura 2026"}]},{"@type":"WebSite","@id":"https:\/\/cenal.gob.ve\/#website","url":"https:\/\/cenal.gob.ve\/","name":"Cenal","description":"","publisher":{"@id":"https:\/\/cenal.gob.ve\/#organization"},"potentialAction":[{"@type":"SearchAction","target":{"@type":"EntryPoint","urlTemplate":"https:\/\/cenal.gob.ve\/?s={search_term_string}"},"query-input":"required name=search_term_string"}],"inLanguage":"es"},{"@type":"Organization","@id":"https:\/\/cenal.gob.ve\/#organization","name":"CENAL","url":"https:\/\/cenal.gob.ve\/","sameAs":[],"logo":{"@type":"ImageObject","inLanguage":"es","@id":"https:\/\/cenal.gob.ve\/#\/schema\/logo\/image\/","url":"https:\/\/i0.wp.com\/cenal.gob.ve\/wp-content\/uploads\/2022\/10\/cropped-images.jpg?fit=512%2C512","contentUrl":"https:\/\/i0.wp.com\/cenal.gob.ve\/wp-content\/uploads\/2022\/10\/cropped-images.jpg?fit=512%2C512","width":512,"height":512,"caption":"CENAL"},"image":{"@id":"https:\/\/cenal.gob.ve\/#\/schema\/logo\/image\/"}},{"@type":"Person","@id":"https:\/\/cenal.gob.ve\/#\/schema\/person\/e3ed34623f400ffab8bc7a63b2f5533f","name":"Prensa Cenal","image":{"@type":"ImageObject","inLanguage":"es","@id":"https:\/\/cenal.gob.ve\/#\/schema\/person\/image\/","url":"https:\/\/secure.gravatar.com\/avatar\/594b4ed34090910c619ac3679001d491?s=96&d=mm&r=g","contentUrl":"https:\/\/secure.gravatar.com\/avatar\/594b4ed34090910c619ac3679001d491?s=96&d=mm&r=g","caption":"Prensa Cenal"},"url":"https:\/\/cenal.gob.ve\/?author=10"}]}},"jetpack_featured_media_url":"https:\/\/cenal.gob.ve\/wp-content\/uploads\/2026\/04\/photo_5140909329299999928_y-1.jpg","jetpack_publicize_connections":[],"jetpack_shortlink":"https:\/\/wp.me\/p5FMhp-7cR","_links":{"self":[{"href":"https:\/\/cenal.gob.ve\/index.php?rest_route=\/wp\/v2\/posts\/27705"}],"collection":[{"href":"https:\/\/cenal.gob.ve\/index.php?rest_route=\/wp\/v2\/posts"}],"about":[{"href":"https:\/\/cenal.gob.ve\/index.php?rest_route=\/wp\/v2\/types\/post"}],"author":[{"embeddable":true,"href":"https:\/\/cenal.gob.ve\/index.php?rest_route=\/wp\/v2\/users\/10"}],"replies":[{"embeddable":true,"href":"https:\/\/cenal.gob.ve\/index.php?rest_route=%2Fwp%2Fv2%2Fcomments&post=27705"}],"version-history":[{"count":5,"href":"https:\/\/cenal.gob.ve\/index.php?rest_route=\/wp\/v2\/posts\/27705\/revisions"}],"predecessor-version":[{"id":27720,"href":"https:\/\/cenal.gob.ve\/index.php?rest_route=\/wp\/v2\/posts\/27705\/revisions\/27720"}],"wp:featuredmedia":[{"embeddable":true,"href":"https:\/\/cenal.gob.ve\/index.php?rest_route=\/wp\/v2\/media\/27719"}],"wp:attachment":[{"href":"https:\/\/cenal.gob.ve\/index.php?rest_route=%2Fwp%2Fv2%2Fmedia&parent=27705"}],"wp:term":[{"taxonomy":"category","embeddable":true,"href":"https:\/\/cenal.gob.ve\/index.php?rest_route=%2Fwp%2Fv2%2Fcategories&post=27705"},{"taxonomy":"post_tag","embeddable":true,"href":"https:\/\/cenal.gob.ve\/index.php?rest_route=%2Fwp%2Fv2%2Ftags&post=27705"}],"curies":[{"name":"wp","href":"https:\/\/api.w.org\/{rel}","templated":true}]}}