{"id":27738,"date":"2026-04-26T10:59:03","date_gmt":"2026-04-26T14:59:03","guid":{"rendered":"https:\/\/cenal.gob.ve\/?p=27738"},"modified":"2026-04-26T11:02:18","modified_gmt":"2026-04-26T15:02:18","slug":"benito-yrady-en-la-38-a-filbo-con-la-caja-de-los-truenos-y-la-historia-del-senor-cody","status":"publish","type":"post","link":"https:\/\/cenal.gob.ve\/?p=27738","title":{"rendered":"Benito Yrady en la 38.\u00aa FILBo con La caja de los truenos y la Historia del se\u00f1or Cody"},"content":{"rendered":"\n<p>Los libros de Benito Yrady La caja de los truenos, con testimonios de vida de tres mujeres afrodescendientes del oriente de Venezuela, y la Historia del se\u00f1or Cody, una novela transversalizada por el imaginario petrolero, llegaron a la 38.\u00aa Feria Internacional del Libro de Bogot\u00e1 (FILBo).<\/p>\n\n\n\n<p>Junto al ministro de Cultura Ra\u00fal Cazal, Yrady present\u00f3 en la Filbo estas obras publicadas por Monte \u00c1vila Editores Latinoamericana marcando as\u00ed el inicio de un ciclo de charlas con autores venezolanos en la m\u00e1xima cita literaria de Colombia.<\/p>\n\n\n\n<figure class=\"wp-block-image size-large\"><img width=\"1024\" height=\"682\" src=\"https:\/\/cenal.gob.ve\/wp-content\/uploads\/2026\/04\/IMG_20260426_092829_869-1-1024x682.jpg\" alt=\"\" class=\"wp-image-27740\" srcset=\"https:\/\/cenal.gob.ve\/wp-content\/uploads\/2026\/04\/IMG_20260426_092829_869-1-1024x682.jpg 1024w, https:\/\/cenal.gob.ve\/wp-content\/uploads\/2026\/04\/IMG_20260426_092829_869-1-300x200.jpg 300w, https:\/\/cenal.gob.ve\/wp-content\/uploads\/2026\/04\/IMG_20260426_092829_869-1-768x512.jpg 768w, https:\/\/cenal.gob.ve\/wp-content\/uploads\/2026\/04\/IMG_20260426_092829_869-1-1536x1024.jpg 1536w, https:\/\/cenal.gob.ve\/wp-content\/uploads\/2026\/04\/IMG_20260426_092829_869-1-2048x1365.jpg 2048w, https:\/\/cenal.gob.ve\/wp-content\/uploads\/2026\/04\/IMG_20260426_092829_869-1-640x427.jpg 640w\" sizes=\"(max-width: 1024px) 100vw, 1024px\" \/><\/figure>\n\n\n\n<p>Cazal, tambi\u00e9n escritor y editor, destac\u00f3 que en La caja de los truenos tres mujeres afrodescendientes cuentan sus historias, &#8220;y uno las siente palpitar, porque Benito Yrady logra transmitir con las palabras, y esa es la maravilla de la escritura, de la literatura&#8221;. A\u00f1adi\u00f3 que en este caso Yrady, quien adem\u00e1s de recoger historias de vida tambi\u00e9n ha escrito ficci\u00f3n, logr\u00f3 poner las voces de estas mujeres &#8220;de la manera m\u00e1s fidedigna, m\u00e1s real, m\u00e1s palpitante, y eso es algo que agradece el lector&#8221;.<\/p>\n\n\n\n<p>Yrady explic\u00f3 que son los testimonios reales narrados en primera persona del femenino de tres mujeres que en una Venezuela rural del siglo XIX aprendieron de sus antepasados todas las maneras de vivir. <\/p>\n\n\n\n<p>&#8220;Aprendieron c\u00f3mo curar, c\u00f3mo sanar, c\u00f3mo tener mejores sentimientos para crear en la vida mayor amor, mayor afecto, c\u00f3mo ser l\u00edder siendo mujer, c\u00f3mo manejar la vida en medio de una naturaleza hostil, que es lo que est\u00e1 contenido en este libro y que se puede leer como una cr\u00f3nica o, como dijo el propio Miguel Barnett, como una novela testimonio&#8221;, coment\u00f3 Yrady.<\/p>\n\n\n\n<figure class=\"wp-block-image size-large\"><img width=\"1024\" height=\"682\" src=\"https:\/\/cenal.gob.ve\/wp-content\/uploads\/2026\/04\/IMG_20260426_092650_034-1-1024x682.jpg\" alt=\"\" class=\"wp-image-27741\" srcset=\"https:\/\/cenal.gob.ve\/wp-content\/uploads\/2026\/04\/IMG_20260426_092650_034-1-1024x682.jpg 1024w, https:\/\/cenal.gob.ve\/wp-content\/uploads\/2026\/04\/IMG_20260426_092650_034-1-300x200.jpg 300w, https:\/\/cenal.gob.ve\/wp-content\/uploads\/2026\/04\/IMG_20260426_092650_034-1-768x512.jpg 768w, https:\/\/cenal.gob.ve\/wp-content\/uploads\/2026\/04\/IMG_20260426_092650_034-1-1536x1024.jpg 1536w, https:\/\/cenal.gob.ve\/wp-content\/uploads\/2026\/04\/IMG_20260426_092650_034-1-2048x1365.jpg 2048w, https:\/\/cenal.gob.ve\/wp-content\/uploads\/2026\/04\/IMG_20260426_092650_034-1-640x427.jpg 640w\" sizes=\"(max-width: 1024px) 100vw, 1024px\" \/><\/figure>\n\n\n\n<p>El autor, quien se ha desempe\u00f1ado en gran parte de su vida como gestor cultural, a\u00f1adi\u00f3 que ha tenido la facilidad de establecer comunicaci\u00f3n directa con mucha gente del pueblo, incluyendo afrodescendientes e ind\u00edgenas. <\/p>\n\n\n\n<p>&#8220;Esa comunicaci\u00f3n, que se ha convertido en amistad, ha permitido que mucha de esa gente me relate su vida, los pesares, las alegr\u00edas, sus testimonios directos. Con el tiempo fui guardando y acumulando muchos documentos que yo he llamado mis papeles errantes&#8221;, relat\u00f3 Yrady.<\/p>\n\n\n\n<p>Precisamente, la caja de los truenos naci\u00f3 de los papeles errantes. &#8220;Es un libro no pensado como libro, sino que fueron entrevistas que yo guard\u00e9 durante m\u00e1s de cuarenta a\u00f1os entre mis papeles, y un buen d\u00eda abr\u00ed esa caja y empec\u00e9 a darme cuenta de que esto ten\u00eda un gran valor y que yo deb\u00eda devolverle al pa\u00eds y al mundo esas ense\u00f1anzas que estas tres mujeres -Bertha Vargas, Guillermina Ram\u00edrez y Alberta Cova- me transmitieron&#8221;, coment\u00f3 el autor.<\/p>\n\n\n\n<p><strong>La narrativa del petr\u00f3leo<\/strong><\/p>\n\n\n\n<p>En cuando al libro Historia del Se\u00f1or Cody, el ministro Cazal manifest\u00f3 que en este &#8220;hay una historia que tiene que ver con el petr\u00f3leo, pero tiene que ver tambi\u00e9n con nuestra forma de ver la vida, de entendemos y de relacionarnos, y eso es lo que lo hace particular&#8221;.<\/p>\n\n\n\n<p>Una de las singularidades de esta novela, ilustr\u00f3 Cazal, es que como a Yrady le apasiona la literatura universal &#8220;termina James Joyces siendo parte de nuestra historia como si caminara con nosotros&#8221;.<\/p>\n\n\n\n<figure class=\"wp-block-image size-large\"><img width=\"1024\" height=\"682\" src=\"https:\/\/cenal.gob.ve\/wp-content\/uploads\/2026\/04\/IMG_20260426_092748_603-2-1024x682.jpg\" alt=\"\" class=\"wp-image-27743\" srcset=\"https:\/\/cenal.gob.ve\/wp-content\/uploads\/2026\/04\/IMG_20260426_092748_603-2-1024x682.jpg 1024w, https:\/\/cenal.gob.ve\/wp-content\/uploads\/2026\/04\/IMG_20260426_092748_603-2-300x200.jpg 300w, https:\/\/cenal.gob.ve\/wp-content\/uploads\/2026\/04\/IMG_20260426_092748_603-2-768x512.jpg 768w, https:\/\/cenal.gob.ve\/wp-content\/uploads\/2026\/04\/IMG_20260426_092748_603-2-1536x1024.jpg 1536w, https:\/\/cenal.gob.ve\/wp-content\/uploads\/2026\/04\/IMG_20260426_092748_603-2-2048x1365.jpg 2048w, https:\/\/cenal.gob.ve\/wp-content\/uploads\/2026\/04\/IMG_20260426_092748_603-2-640x427.jpg 640w\" sizes=\"(max-width: 1024px) 100vw, 1024px\" \/><\/figure>\n\n\n\n<p>As\u00ed la obra de Yrady contiene la historia de Venezuela &#8220;con sus particularidades, con toda esa variedad, con toda esa multiplicidad de cosas que suceden, sucedieron y nos suceder\u00e1n, porque no es una cosa lineal, no es \u00fanica&#8221;, expuso Cazal.<\/p>\n\n\n\n<p>Yrady explic\u00f3 que es el primer libro de una serie de novelas sobre el petr\u00f3leo que se ha propuesto realizar.<\/p>\n\n\n\n<p>&#8220;Este es el primero, es la historia de la fundaci\u00f3n de un campo petrolero vista por un hombre de origen irland\u00e9s y por un hombre de origen norteamericano. Es un libro que tiene como fecha de inicio para su lectura el a\u00f1o 1892 y que concluye en 1935. Son hombres que vienen por las grandes transnacionales a sacar el petr\u00f3leo de Venezuela. Normalmente compet\u00edan las empresas inglesas con las empresas norteamericanas. Yo creo que todos saben que Venezuela tiene las mayores reservas de petr\u00f3leo del planeta y es l\u00f3gico todo lo que eso implicaba&#8221;, adelant\u00f3 Yrady al p\u00fablico colombiano.<\/p>\n\n\n\n<figure class=\"wp-block-image size-large is-resized\"><img src=\"https:\/\/cenal.gob.ve\/wp-content\/uploads\/2026\/04\/IMG_20260426_092804_331-2-1024x682.jpg\" alt=\"\" class=\"wp-image-27742\" width=\"376\" height=\"250\" srcset=\"https:\/\/cenal.gob.ve\/wp-content\/uploads\/2026\/04\/IMG_20260426_092804_331-2-1024x682.jpg 1024w, https:\/\/cenal.gob.ve\/wp-content\/uploads\/2026\/04\/IMG_20260426_092804_331-2-300x200.jpg 300w, https:\/\/cenal.gob.ve\/wp-content\/uploads\/2026\/04\/IMG_20260426_092804_331-2-768x512.jpg 768w, https:\/\/cenal.gob.ve\/wp-content\/uploads\/2026\/04\/IMG_20260426_092804_331-2-1536x1024.jpg 1536w, https:\/\/cenal.gob.ve\/wp-content\/uploads\/2026\/04\/IMG_20260426_092804_331-2-2048x1365.jpg 2048w, https:\/\/cenal.gob.ve\/wp-content\/uploads\/2026\/04\/IMG_20260426_092804_331-2-640x427.jpg 640w\" sizes=\"(max-width: 376px) 100vw, 376px\" \/><figcaption>O<\/figcaption><\/figure>\n\n\n\n<p>Yrady tambi\u00e9n presentar\u00e1 de su autor\u00eda Entre R\u00f3mulo Gallegos y aquella generaci\u00f3n del 28, un libro de entrevistas con distintas personalidades de la cultura y la pol\u00edtica venezolana en torno al c\u00e9lebre autor de Do\u00f1a B\u00e1rbara.<\/p>\n\n\n\n<p>Venezuela participa en la FILBo a trav\u00e9s del Ministerio del Poder Popular para la Cultura con m\u00e1s de 200 novedades literarias.<\/p>\n","protected":false},"excerpt":{"rendered":"<p>Los libros de Benito Yrady La caja de los truenos, con testimonios de vida de tres mujeres afrodescendientes del oriente de Venezuela, y la Historia del se\u00f1or Cody, una novela [&hellip;]<\/p>\n","protected":false},"author":10,"featured_media":27739,"comment_status":"open","ping_status":"closed","sticky":false,"template":"","format":"standard","meta":{"spay_email":"","jetpack_publicize_message":"","jetpack_is_tweetstorm":false,"jetpack_publicize_feature_enabled":true},"categories":[2],"tags":[81,211,212,9,216],"yoast_head":"<!-- This site is optimized with the Yoast SEO plugin v19.8 - https:\/\/yoast.com\/wordpress\/plugins\/seo\/ -->\n<title>Benito Yrady en la 38.\u00aa FILBo con La caja de los truenos y la Historia del se\u00f1or Cody<\/title>\n<meta name=\"robots\" content=\"index, follow, max-snippet:-1, max-image-preview:large, max-video-preview:-1\" \/>\n<link rel=\"canonical\" href=\"https:\/\/cenal.gob.ve\/?p=27738\" \/>\n<meta property=\"og:locale\" content=\"es_ES\" \/>\n<meta property=\"og:type\" content=\"article\" \/>\n<meta property=\"og:title\" content=\"Benito Yrady en la 38.\u00aa FILBo con La caja de los truenos y la Historia del se\u00f1or Cody\" \/>\n<meta property=\"og:description\" content=\"Los libros de Benito Yrady La caja de los truenos, con testimonios de vida de tres mujeres afrodescendientes del oriente de Venezuela, y la Historia del se\u00f1or Cody, una novela [&hellip;]\" \/>\n<meta property=\"og:url\" content=\"https:\/\/cenal.gob.ve\/?p=27738\" \/>\n<meta property=\"og:site_name\" content=\"Cenal\" \/>\n<meta property=\"article:published_time\" content=\"2026-04-26T14:59:03+00:00\" \/>\n<meta property=\"article:modified_time\" content=\"2026-04-26T15:02:18+00:00\" \/>\n<meta property=\"og:image\" content=\"http:\/\/cenal.gob.ve\/wp-content\/uploads\/2026\/04\/IMG_20260426_092748_603-1.jpg\" \/>\n\t<meta property=\"og:image:width\" content=\"2560\" \/>\n\t<meta property=\"og:image:height\" content=\"1706\" \/>\n\t<meta property=\"og:image:type\" content=\"image\/jpeg\" \/>\n<meta name=\"author\" content=\"Prensa Cenal\" \/>\n<meta name=\"twitter:card\" content=\"summary_large_image\" \/>\n<meta name=\"twitter:label1\" content=\"Written by\" \/>\n\t<meta name=\"twitter:data1\" content=\"Prensa Cenal\" \/>\n\t<meta name=\"twitter:label2\" content=\"Est. reading time\" \/>\n\t<meta name=\"twitter:data2\" content=\"5 minutos\" \/>\n<script type=\"application\/ld+json\" class=\"yoast-schema-graph\">{\"@context\":\"https:\/\/schema.org\",\"@graph\":[{\"@type\":\"Article\",\"@id\":\"https:\/\/cenal.gob.ve\/?p=27738#article\",\"isPartOf\":{\"@id\":\"https:\/\/cenal.gob.ve\/?p=27738\"},\"author\":{\"name\":\"Prensa Cenal\",\"@id\":\"https:\/\/cenal.gob.ve\/#\/schema\/person\/e3ed34623f400ffab8bc7a63b2f5533f\"},\"headline\":\"Benito Yrady en la 38.\u00aa FILBo con La caja de los truenos y la Historia del se\u00f1or Cody\",\"datePublished\":\"2026-04-26T14:59:03+00:00\",\"dateModified\":\"2026-04-26T15:02:18+00:00\",\"mainEntityOfPage\":{\"@id\":\"https:\/\/cenal.gob.ve\/?p=27738\"},\"wordCount\":795,\"commentCount\":0,\"publisher\":{\"@id\":\"https:\/\/cenal.gob.ve\/#organization\"},\"keywords\":[\"Libros\",\"Literatura\",\"Literatura venezolana\",\"Noticias\",\"Novelas\"],\"articleSection\":[\"Cenal\"],\"inLanguage\":\"es\",\"potentialAction\":[{\"@type\":\"CommentAction\",\"name\":\"Comment\",\"target\":[\"https:\/\/cenal.gob.ve\/?p=27738#respond\"]}]},{\"@type\":\"WebPage\",\"@id\":\"https:\/\/cenal.gob.ve\/?p=27738\",\"url\":\"https:\/\/cenal.gob.ve\/?p=27738\",\"name\":\"Benito Yrady en la 38.\u00aa FILBo con La caja de los truenos y la Historia del se\u00f1or Cody\",\"isPartOf\":{\"@id\":\"https:\/\/cenal.gob.ve\/#website\"},\"datePublished\":\"2026-04-26T14:59:03+00:00\",\"dateModified\":\"2026-04-26T15:02:18+00:00\",\"breadcrumb\":{\"@id\":\"https:\/\/cenal.gob.ve\/?p=27738#breadcrumb\"},\"inLanguage\":\"es\",\"potentialAction\":[{\"@type\":\"ReadAction\",\"target\":[\"https:\/\/cenal.gob.ve\/?p=27738\"]}]},{\"@type\":\"BreadcrumbList\",\"@id\":\"https:\/\/cenal.gob.ve\/?p=27738#breadcrumb\",\"itemListElement\":[{\"@type\":\"ListItem\",\"position\":1,\"name\":\"Home\",\"item\":\"https:\/\/cenal.gob.ve\/\"},{\"@type\":\"ListItem\",\"position\":2,\"name\":\"Benito Yrady en la 38.\u00aa FILBo con La caja de los truenos y la Historia del se\u00f1or Cody\"}]},{\"@type\":\"WebSite\",\"@id\":\"https:\/\/cenal.gob.ve\/#website\",\"url\":\"https:\/\/cenal.gob.ve\/\",\"name\":\"Cenal\",\"description\":\"\",\"publisher\":{\"@id\":\"https:\/\/cenal.gob.ve\/#organization\"},\"potentialAction\":[{\"@type\":\"SearchAction\",\"target\":{\"@type\":\"EntryPoint\",\"urlTemplate\":\"https:\/\/cenal.gob.ve\/?s={search_term_string}\"},\"query-input\":\"required name=search_term_string\"}],\"inLanguage\":\"es\"},{\"@type\":\"Organization\",\"@id\":\"https:\/\/cenal.gob.ve\/#organization\",\"name\":\"CENAL\",\"url\":\"https:\/\/cenal.gob.ve\/\",\"sameAs\":[],\"logo\":{\"@type\":\"ImageObject\",\"inLanguage\":\"es\",\"@id\":\"https:\/\/cenal.gob.ve\/#\/schema\/logo\/image\/\",\"url\":\"https:\/\/i0.wp.com\/cenal.gob.ve\/wp-content\/uploads\/2022\/10\/cropped-images.jpg?fit=512%2C512\",\"contentUrl\":\"https:\/\/i0.wp.com\/cenal.gob.ve\/wp-content\/uploads\/2022\/10\/cropped-images.jpg?fit=512%2C512\",\"width\":512,\"height\":512,\"caption\":\"CENAL\"},\"image\":{\"@id\":\"https:\/\/cenal.gob.ve\/#\/schema\/logo\/image\/\"}},{\"@type\":\"Person\",\"@id\":\"https:\/\/cenal.gob.ve\/#\/schema\/person\/e3ed34623f400ffab8bc7a63b2f5533f\",\"name\":\"Prensa Cenal\",\"image\":{\"@type\":\"ImageObject\",\"inLanguage\":\"es\",\"@id\":\"https:\/\/cenal.gob.ve\/#\/schema\/person\/image\/\",\"url\":\"https:\/\/secure.gravatar.com\/avatar\/594b4ed34090910c619ac3679001d491?s=96&d=mm&r=g\",\"contentUrl\":\"https:\/\/secure.gravatar.com\/avatar\/594b4ed34090910c619ac3679001d491?s=96&d=mm&r=g\",\"caption\":\"Prensa Cenal\"},\"url\":\"https:\/\/cenal.gob.ve\/?author=10\"}]}<\/script>\n<!-- \/ Yoast SEO plugin. -->","yoast_head_json":{"title":"Benito Yrady en la 38.\u00aa FILBo con La caja de los truenos y la Historia del se\u00f1or Cody","robots":{"index":"index","follow":"follow","max-snippet":"max-snippet:-1","max-image-preview":"max-image-preview:large","max-video-preview":"max-video-preview:-1"},"canonical":"https:\/\/cenal.gob.ve\/?p=27738","og_locale":"es_ES","og_type":"article","og_title":"Benito Yrady en la 38.\u00aa FILBo con La caja de los truenos y la Historia del se\u00f1or Cody","og_description":"Los libros de Benito Yrady La caja de los truenos, con testimonios de vida de tres mujeres afrodescendientes del oriente de Venezuela, y la Historia del se\u00f1or Cody, una novela [&hellip;]","og_url":"https:\/\/cenal.gob.ve\/?p=27738","og_site_name":"Cenal","article_published_time":"2026-04-26T14:59:03+00:00","article_modified_time":"2026-04-26T15:02:18+00:00","og_image":[{"width":2560,"height":1706,"url":"http:\/\/cenal.gob.ve\/wp-content\/uploads\/2026\/04\/IMG_20260426_092748_603-1.jpg","type":"image\/jpeg"}],"author":"Prensa Cenal","twitter_card":"summary_large_image","twitter_misc":{"Written by":"Prensa Cenal","Est. reading time":"5 minutos"},"schema":{"@context":"https:\/\/schema.org","@graph":[{"@type":"Article","@id":"https:\/\/cenal.gob.ve\/?p=27738#article","isPartOf":{"@id":"https:\/\/cenal.gob.ve\/?p=27738"},"author":{"name":"Prensa Cenal","@id":"https:\/\/cenal.gob.ve\/#\/schema\/person\/e3ed34623f400ffab8bc7a63b2f5533f"},"headline":"Benito Yrady en la 38.\u00aa FILBo con La caja de los truenos y la Historia del se\u00f1or Cody","datePublished":"2026-04-26T14:59:03+00:00","dateModified":"2026-04-26T15:02:18+00:00","mainEntityOfPage":{"@id":"https:\/\/cenal.gob.ve\/?p=27738"},"wordCount":795,"commentCount":0,"publisher":{"@id":"https:\/\/cenal.gob.ve\/#organization"},"keywords":["Libros","Literatura","Literatura venezolana","Noticias","Novelas"],"articleSection":["Cenal"],"inLanguage":"es","potentialAction":[{"@type":"CommentAction","name":"Comment","target":["https:\/\/cenal.gob.ve\/?p=27738#respond"]}]},{"@type":"WebPage","@id":"https:\/\/cenal.gob.ve\/?p=27738","url":"https:\/\/cenal.gob.ve\/?p=27738","name":"Benito Yrady en la 38.\u00aa FILBo con La caja de los truenos y la Historia del se\u00f1or Cody","isPartOf":{"@id":"https:\/\/cenal.gob.ve\/#website"},"datePublished":"2026-04-26T14:59:03+00:00","dateModified":"2026-04-26T15:02:18+00:00","breadcrumb":{"@id":"https:\/\/cenal.gob.ve\/?p=27738#breadcrumb"},"inLanguage":"es","potentialAction":[{"@type":"ReadAction","target":["https:\/\/cenal.gob.ve\/?p=27738"]}]},{"@type":"BreadcrumbList","@id":"https:\/\/cenal.gob.ve\/?p=27738#breadcrumb","itemListElement":[{"@type":"ListItem","position":1,"name":"Home","item":"https:\/\/cenal.gob.ve\/"},{"@type":"ListItem","position":2,"name":"Benito Yrady en la 38.\u00aa FILBo con La caja de los truenos y la Historia del se\u00f1or Cody"}]},{"@type":"WebSite","@id":"https:\/\/cenal.gob.ve\/#website","url":"https:\/\/cenal.gob.ve\/","name":"Cenal","description":"","publisher":{"@id":"https:\/\/cenal.gob.ve\/#organization"},"potentialAction":[{"@type":"SearchAction","target":{"@type":"EntryPoint","urlTemplate":"https:\/\/cenal.gob.ve\/?s={search_term_string}"},"query-input":"required name=search_term_string"}],"inLanguage":"es"},{"@type":"Organization","@id":"https:\/\/cenal.gob.ve\/#organization","name":"CENAL","url":"https:\/\/cenal.gob.ve\/","sameAs":[],"logo":{"@type":"ImageObject","inLanguage":"es","@id":"https:\/\/cenal.gob.ve\/#\/schema\/logo\/image\/","url":"https:\/\/i0.wp.com\/cenal.gob.ve\/wp-content\/uploads\/2022\/10\/cropped-images.jpg?fit=512%2C512","contentUrl":"https:\/\/i0.wp.com\/cenal.gob.ve\/wp-content\/uploads\/2022\/10\/cropped-images.jpg?fit=512%2C512","width":512,"height":512,"caption":"CENAL"},"image":{"@id":"https:\/\/cenal.gob.ve\/#\/schema\/logo\/image\/"}},{"@type":"Person","@id":"https:\/\/cenal.gob.ve\/#\/schema\/person\/e3ed34623f400ffab8bc7a63b2f5533f","name":"Prensa Cenal","image":{"@type":"ImageObject","inLanguage":"es","@id":"https:\/\/cenal.gob.ve\/#\/schema\/person\/image\/","url":"https:\/\/secure.gravatar.com\/avatar\/594b4ed34090910c619ac3679001d491?s=96&d=mm&r=g","contentUrl":"https:\/\/secure.gravatar.com\/avatar\/594b4ed34090910c619ac3679001d491?s=96&d=mm&r=g","caption":"Prensa Cenal"},"url":"https:\/\/cenal.gob.ve\/?author=10"}]}},"jetpack_featured_media_url":"https:\/\/cenal.gob.ve\/wp-content\/uploads\/2026\/04\/IMG_20260426_092748_603-1.jpg","jetpack_publicize_connections":[],"jetpack_shortlink":"https:\/\/wp.me\/p5FMhp-7do","_links":{"self":[{"href":"https:\/\/cenal.gob.ve\/index.php?rest_route=\/wp\/v2\/posts\/27738"}],"collection":[{"href":"https:\/\/cenal.gob.ve\/index.php?rest_route=\/wp\/v2\/posts"}],"about":[{"href":"https:\/\/cenal.gob.ve\/index.php?rest_route=\/wp\/v2\/types\/post"}],"author":[{"embeddable":true,"href":"https:\/\/cenal.gob.ve\/index.php?rest_route=\/wp\/v2\/users\/10"}],"replies":[{"embeddable":true,"href":"https:\/\/cenal.gob.ve\/index.php?rest_route=%2Fwp%2Fv2%2Fcomments&post=27738"}],"version-history":[{"count":1,"href":"https:\/\/cenal.gob.ve\/index.php?rest_route=\/wp\/v2\/posts\/27738\/revisions"}],"predecessor-version":[{"id":27744,"href":"https:\/\/cenal.gob.ve\/index.php?rest_route=\/wp\/v2\/posts\/27738\/revisions\/27744"}],"wp:featuredmedia":[{"embeddable":true,"href":"https:\/\/cenal.gob.ve\/index.php?rest_route=\/wp\/v2\/media\/27739"}],"wp:attachment":[{"href":"https:\/\/cenal.gob.ve\/index.php?rest_route=%2Fwp%2Fv2%2Fmedia&parent=27738"}],"wp:term":[{"taxonomy":"category","embeddable":true,"href":"https:\/\/cenal.gob.ve\/index.php?rest_route=%2Fwp%2Fv2%2Fcategories&post=27738"},{"taxonomy":"post_tag","embeddable":true,"href":"https:\/\/cenal.gob.ve\/index.php?rest_route=%2Fwp%2Fv2%2Ftags&post=27738"}],"curies":[{"name":"wp","href":"https:\/\/api.w.org\/{rel}","templated":true}]}}