{"id":27745,"date":"2026-04-26T11:16:28","date_gmt":"2026-04-26T15:16:28","guid":{"rendered":"https:\/\/cenal.gob.ve\/?p=27745"},"modified":"2026-04-26T11:16:31","modified_gmt":"2026-04-26T15:16:31","slug":"mirla-alcibiades-destaca-en-38-a-filbo-literatura-vanguardista-de-escritoras-venezolanas","status":"publish","type":"post","link":"https:\/\/cenal.gob.ve\/?p=27745","title":{"rendered":"Mirla Alcib\u00edades destaca en 38.\u00aa Filbo literatura vanguardista de escritoras venezolanas"},"content":{"rendered":"\n<p>La escritora Mirla Alcib\u00edades tiene entre sus prop\u00f3sitos como investigadora, ensayista y acad\u00e9mica facilitar la comprensi\u00f3n del papel de la mujer venezolana en la literatura.<\/p>\n\n\n\n<p>Dos obras que ha estudiado y contribuido en su difusi\u00f3n con nuevas ediciones de El perro y la rana son la novela El Vargue\u00f1o, de Luisa Mart\u00ednez (1895-1975), publicada originalmente en 1932, y Por una de mancha de rouge, de Clara Silva de Reyes, publicada en 1956.<\/p>\n\n\n\n<figure class=\"wp-block-image size-large\"><img width=\"1024\" height=\"682\" src=\"https:\/\/cenal.gob.ve\/wp-content\/uploads\/2026\/04\/IMG_20260426_092926_017-1-1024x682.jpg\" alt=\"\" class=\"wp-image-27747\" srcset=\"https:\/\/cenal.gob.ve\/wp-content\/uploads\/2026\/04\/IMG_20260426_092926_017-1-1024x682.jpg 1024w, https:\/\/cenal.gob.ve\/wp-content\/uploads\/2026\/04\/IMG_20260426_092926_017-1-300x200.jpg 300w, https:\/\/cenal.gob.ve\/wp-content\/uploads\/2026\/04\/IMG_20260426_092926_017-1-768x512.jpg 768w, https:\/\/cenal.gob.ve\/wp-content\/uploads\/2026\/04\/IMG_20260426_092926_017-1-1536x1024.jpg 1536w, https:\/\/cenal.gob.ve\/wp-content\/uploads\/2026\/04\/IMG_20260426_092926_017-1-2048x1365.jpg 2048w, https:\/\/cenal.gob.ve\/wp-content\/uploads\/2026\/04\/IMG_20260426_092926_017-1-640x427.jpg 640w\" sizes=\"(max-width: 1024px) 100vw, 1024px\" \/><\/figure>\n\n\n\n<p>La primera presenta una estructura narrativa no lineal que la convirti\u00f3 en pionera en este estilo, mientras que la segunda constituye una muestra de la narrativa policial escrita por una venezolana.<\/p>\n\n\n\n<p>Ambas reediciones de El perro y la rana, editorial adscrita al Ministerio del Poder Popular para la Cultura de Venezuela, fueron presentadas por Alcib\u00edades en la 38.\u00aa Feria Internacional del Libro de Bogot\u00e1 (FILBo), una v\u00eda para compartir con lectores colombianos piezas fundamentales de la narrativa femenina venezolana del siglo XX.<\/p>\n\n\n\n<p>&#8220;El Vargue\u00f1o es un libro que tiene una notable t\u00e9cnica narrativa que rompe la estructura temporal y espacial, lo que en Am\u00e9rica Latina se llama la primera vanguardia. Y lo escribi\u00f3 una mujer, Luisa Mart\u00ednez L\u00f3pez M\u00e9ndez, quien fue una mujer muy culta y fund\u00f3 una revista dirigida a las mujeres. Ella integra la primera vanguardia en donde est\u00e1n muchos autores importantes&#8221;, resalt\u00f3 la investigadora.<\/p>\n\n\n\n<figure class=\"wp-block-image size-large\"><img width=\"1024\" height=\"682\" src=\"https:\/\/cenal.gob.ve\/wp-content\/uploads\/2026\/04\/IMG_20260426_092915_166-1024x682.jpg\" alt=\"\" class=\"wp-image-27748\" srcset=\"https:\/\/cenal.gob.ve\/wp-content\/uploads\/2026\/04\/IMG_20260426_092915_166-1024x682.jpg 1024w, https:\/\/cenal.gob.ve\/wp-content\/uploads\/2026\/04\/IMG_20260426_092915_166-300x200.jpg 300w, https:\/\/cenal.gob.ve\/wp-content\/uploads\/2026\/04\/IMG_20260426_092915_166-768x512.jpg 768w, https:\/\/cenal.gob.ve\/wp-content\/uploads\/2026\/04\/IMG_20260426_092915_166-1536x1024.jpg 1536w, https:\/\/cenal.gob.ve\/wp-content\/uploads\/2026\/04\/IMG_20260426_092915_166-2048x1365.jpg 2048w, https:\/\/cenal.gob.ve\/wp-content\/uploads\/2026\/04\/IMG_20260426_092915_166-640x427.jpg 640w\" sizes=\"(max-width: 1024px) 100vw, 1024px\" \/><\/figure>\n\n\n\n<p>&#8220;Lo que pasa es que a ella no la han tomado en cuenta porque no la conocen. Quien la lea va a quedar sorprendido, porque esta mujer es de una avanzada est\u00e9tica como pocas mujeres y creo que ninguna mujer del continente. Se iguala lo que hizo a lo que realizaron los hombres escritores en esos mismos a\u00f1os&#8221;, explic\u00f3 la acad\u00e9mica.<\/p>\n\n\n\n<p>Luego est\u00e1 Por una mancha de Rouge, de Clara Silva Reyes, una novela policial que de acuerdo con Alcib\u00edades es poco conocida. De su autora no se conservan datos biogr\u00e1ficos, detall\u00f3 la investigadora, pero con la nueva publicaci\u00f3n de El perro y la rana se busca que la obra llegue a los lectores amantes del g\u00e9nero.<\/p>\n\n\n\n<figure class=\"wp-block-image size-large\"><img width=\"1024\" height=\"682\" src=\"https:\/\/cenal.gob.ve\/wp-content\/uploads\/2026\/04\/IMG_20260426_093154_701-1024x682.jpg\" alt=\"\" class=\"wp-image-27749\" srcset=\"https:\/\/cenal.gob.ve\/wp-content\/uploads\/2026\/04\/IMG_20260426_093154_701-1024x682.jpg 1024w, https:\/\/cenal.gob.ve\/wp-content\/uploads\/2026\/04\/IMG_20260426_093154_701-300x200.jpg 300w, https:\/\/cenal.gob.ve\/wp-content\/uploads\/2026\/04\/IMG_20260426_093154_701-768x512.jpg 768w, https:\/\/cenal.gob.ve\/wp-content\/uploads\/2026\/04\/IMG_20260426_093154_701-1536x1024.jpg 1536w, https:\/\/cenal.gob.ve\/wp-content\/uploads\/2026\/04\/IMG_20260426_093154_701-2048x1365.jpg 2048w, https:\/\/cenal.gob.ve\/wp-content\/uploads\/2026\/04\/IMG_20260426_093154_701-640x427.jpg 640w\" sizes=\"(max-width: 1024px) 100vw, 1024px\" \/><\/figure>\n\n\n\n<p>Un detective, en su intento por resolver la aparici\u00f3n de un cuerpo sin vida, se ver\u00e1 envuelto en una trama internacional en la que no faltar\u00e1 el cabar\u00e9, una curiosa femme fatale y el crimen organizado. &#8220;En suspenso y desarrollo de la t\u00e9cnica de la novela policial es impecable&#8221;, asegura Alcib\u00edades.<\/p>\n\n\n\n<p>Mirla Alcib\u00edades gan\u00f3 este a\u00f1o el Premio Nacional de Cultura 2024-2025 (menci\u00f3n Humanidades). Es especialista en literatura venezolana del siglo XIX, periodismo femenino y el rol de la mujer en la independencia.<br>Gan\u00f3 el Premio de Ensayo Mariano Pic\u00f3n Salas (2002) con La heroica aventura de construir una rep\u00fablica.<\/p>\n\n\n\n<figure class=\"wp-block-image size-large\"><img width=\"1024\" height=\"682\" src=\"https:\/\/cenal.gob.ve\/wp-content\/uploads\/2026\/04\/IMG_20260426_093201_274-1-1024x682.jpg\" alt=\"\" class=\"wp-image-27750\" srcset=\"https:\/\/cenal.gob.ve\/wp-content\/uploads\/2026\/04\/IMG_20260426_093201_274-1-1024x682.jpg 1024w, https:\/\/cenal.gob.ve\/wp-content\/uploads\/2026\/04\/IMG_20260426_093201_274-1-300x200.jpg 300w, https:\/\/cenal.gob.ve\/wp-content\/uploads\/2026\/04\/IMG_20260426_093201_274-1-768x512.jpg 768w, https:\/\/cenal.gob.ve\/wp-content\/uploads\/2026\/04\/IMG_20260426_093201_274-1-1536x1024.jpg 1536w, https:\/\/cenal.gob.ve\/wp-content\/uploads\/2026\/04\/IMG_20260426_093201_274-1-2048x1365.jpg 2048w, https:\/\/cenal.gob.ve\/wp-content\/uploads\/2026\/04\/IMG_20260426_093201_274-1-640x427.jpg 640w\" sizes=\"(max-width: 1024px) 100vw, 1024px\" \/><\/figure>\n","protected":false},"excerpt":{"rendered":"<p>La escritora Mirla Alcib\u00edades tiene entre sus prop\u00f3sitos como investigadora, ensayista y acad\u00e9mica facilitar la comprensi\u00f3n del papel de la mujer venezolana en la literatura. Dos obras que ha estudiado [&hellip;]<\/p>\n","protected":false},"author":10,"featured_media":27746,"comment_status":"open","ping_status":"closed","sticky":false,"template":"","format":"standard","meta":{"spay_email":"","jetpack_publicize_message":"","jetpack_is_tweetstorm":false,"jetpack_publicize_feature_enabled":true},"categories":[2],"tags":[81,211,212,9,216],"yoast_head":"<!-- This site is optimized with the Yoast SEO plugin v19.8 - https:\/\/yoast.com\/wordpress\/plugins\/seo\/ -->\n<title>Mirla Alcib\u00edades destaca en 38.\u00aa Filbo literatura vanguardista de escritoras venezolanas<\/title>\n<meta name=\"robots\" content=\"index, follow, max-snippet:-1, max-image-preview:large, max-video-preview:-1\" \/>\n<link rel=\"canonical\" href=\"https:\/\/cenal.gob.ve\/?p=27745\" \/>\n<meta property=\"og:locale\" content=\"es_ES\" \/>\n<meta property=\"og:type\" content=\"article\" \/>\n<meta property=\"og:title\" content=\"Mirla Alcib\u00edades destaca en 38.\u00aa Filbo literatura vanguardista de escritoras venezolanas\" \/>\n<meta property=\"og:description\" content=\"La escritora Mirla Alcib\u00edades tiene entre sus prop\u00f3sitos como investigadora, ensayista y acad\u00e9mica facilitar la comprensi\u00f3n del papel de la mujer venezolana en la literatura. Dos obras que ha estudiado [&hellip;]\" \/>\n<meta property=\"og:url\" content=\"https:\/\/cenal.gob.ve\/?p=27745\" \/>\n<meta property=\"og:site_name\" content=\"Cenal\" \/>\n<meta property=\"article:published_time\" content=\"2026-04-26T15:16:28+00:00\" \/>\n<meta property=\"article:modified_time\" content=\"2026-04-26T15:16:31+00:00\" \/>\n<meta property=\"og:image\" content=\"http:\/\/cenal.gob.ve\/wp-content\/uploads\/2026\/04\/IMG_20260426_092946_057.jpg\" \/>\n\t<meta property=\"og:image:width\" content=\"2560\" \/>\n\t<meta property=\"og:image:height\" content=\"1706\" \/>\n\t<meta property=\"og:image:type\" content=\"image\/jpeg\" \/>\n<meta name=\"author\" content=\"Prensa Cenal\" \/>\n<meta name=\"twitter:card\" content=\"summary_large_image\" \/>\n<meta name=\"twitter:label1\" content=\"Written by\" \/>\n\t<meta name=\"twitter:data1\" content=\"Prensa Cenal\" \/>\n\t<meta name=\"twitter:label2\" content=\"Est. reading time\" \/>\n\t<meta name=\"twitter:data2\" content=\"3 minutos\" \/>\n<script type=\"application\/ld+json\" class=\"yoast-schema-graph\">{\"@context\":\"https:\/\/schema.org\",\"@graph\":[{\"@type\":\"Article\",\"@id\":\"https:\/\/cenal.gob.ve\/?p=27745#article\",\"isPartOf\":{\"@id\":\"https:\/\/cenal.gob.ve\/?p=27745\"},\"author\":{\"name\":\"Prensa Cenal\",\"@id\":\"https:\/\/cenal.gob.ve\/#\/schema\/person\/e3ed34623f400ffab8bc7a63b2f5533f\"},\"headline\":\"Mirla Alcib\u00edades destaca en 38.\u00aa Filbo literatura vanguardista de escritoras venezolanas\",\"datePublished\":\"2026-04-26T15:16:28+00:00\",\"dateModified\":\"2026-04-26T15:16:31+00:00\",\"mainEntityOfPage\":{\"@id\":\"https:\/\/cenal.gob.ve\/?p=27745\"},\"wordCount\":474,\"commentCount\":0,\"publisher\":{\"@id\":\"https:\/\/cenal.gob.ve\/#organization\"},\"keywords\":[\"Libros\",\"Literatura\",\"Literatura venezolana\",\"Noticias\",\"Novelas\"],\"articleSection\":[\"Cenal\"],\"inLanguage\":\"es\",\"potentialAction\":[{\"@type\":\"CommentAction\",\"name\":\"Comment\",\"target\":[\"https:\/\/cenal.gob.ve\/?p=27745#respond\"]}]},{\"@type\":\"WebPage\",\"@id\":\"https:\/\/cenal.gob.ve\/?p=27745\",\"url\":\"https:\/\/cenal.gob.ve\/?p=27745\",\"name\":\"Mirla Alcib\u00edades destaca en 38.\u00aa Filbo literatura vanguardista de escritoras venezolanas\",\"isPartOf\":{\"@id\":\"https:\/\/cenal.gob.ve\/#website\"},\"datePublished\":\"2026-04-26T15:16:28+00:00\",\"dateModified\":\"2026-04-26T15:16:31+00:00\",\"breadcrumb\":{\"@id\":\"https:\/\/cenal.gob.ve\/?p=27745#breadcrumb\"},\"inLanguage\":\"es\",\"potentialAction\":[{\"@type\":\"ReadAction\",\"target\":[\"https:\/\/cenal.gob.ve\/?p=27745\"]}]},{\"@type\":\"BreadcrumbList\",\"@id\":\"https:\/\/cenal.gob.ve\/?p=27745#breadcrumb\",\"itemListElement\":[{\"@type\":\"ListItem\",\"position\":1,\"name\":\"Home\",\"item\":\"https:\/\/cenal.gob.ve\/\"},{\"@type\":\"ListItem\",\"position\":2,\"name\":\"Mirla Alcib\u00edades destaca en 38.\u00aa Filbo literatura vanguardista de escritoras venezolanas\"}]},{\"@type\":\"WebSite\",\"@id\":\"https:\/\/cenal.gob.ve\/#website\",\"url\":\"https:\/\/cenal.gob.ve\/\",\"name\":\"Cenal\",\"description\":\"\",\"publisher\":{\"@id\":\"https:\/\/cenal.gob.ve\/#organization\"},\"potentialAction\":[{\"@type\":\"SearchAction\",\"target\":{\"@type\":\"EntryPoint\",\"urlTemplate\":\"https:\/\/cenal.gob.ve\/?s={search_term_string}\"},\"query-input\":\"required name=search_term_string\"}],\"inLanguage\":\"es\"},{\"@type\":\"Organization\",\"@id\":\"https:\/\/cenal.gob.ve\/#organization\",\"name\":\"CENAL\",\"url\":\"https:\/\/cenal.gob.ve\/\",\"sameAs\":[],\"logo\":{\"@type\":\"ImageObject\",\"inLanguage\":\"es\",\"@id\":\"https:\/\/cenal.gob.ve\/#\/schema\/logo\/image\/\",\"url\":\"https:\/\/i0.wp.com\/cenal.gob.ve\/wp-content\/uploads\/2022\/10\/cropped-images.jpg?fit=512%2C512\",\"contentUrl\":\"https:\/\/i0.wp.com\/cenal.gob.ve\/wp-content\/uploads\/2022\/10\/cropped-images.jpg?fit=512%2C512\",\"width\":512,\"height\":512,\"caption\":\"CENAL\"},\"image\":{\"@id\":\"https:\/\/cenal.gob.ve\/#\/schema\/logo\/image\/\"}},{\"@type\":\"Person\",\"@id\":\"https:\/\/cenal.gob.ve\/#\/schema\/person\/e3ed34623f400ffab8bc7a63b2f5533f\",\"name\":\"Prensa Cenal\",\"image\":{\"@type\":\"ImageObject\",\"inLanguage\":\"es\",\"@id\":\"https:\/\/cenal.gob.ve\/#\/schema\/person\/image\/\",\"url\":\"https:\/\/secure.gravatar.com\/avatar\/594b4ed34090910c619ac3679001d491?s=96&d=mm&r=g\",\"contentUrl\":\"https:\/\/secure.gravatar.com\/avatar\/594b4ed34090910c619ac3679001d491?s=96&d=mm&r=g\",\"caption\":\"Prensa Cenal\"},\"url\":\"https:\/\/cenal.gob.ve\/?author=10\"}]}<\/script>\n<!-- \/ Yoast SEO plugin. -->","yoast_head_json":{"title":"Mirla Alcib\u00edades destaca en 38.\u00aa Filbo literatura vanguardista de escritoras venezolanas","robots":{"index":"index","follow":"follow","max-snippet":"max-snippet:-1","max-image-preview":"max-image-preview:large","max-video-preview":"max-video-preview:-1"},"canonical":"https:\/\/cenal.gob.ve\/?p=27745","og_locale":"es_ES","og_type":"article","og_title":"Mirla Alcib\u00edades destaca en 38.\u00aa Filbo literatura vanguardista de escritoras venezolanas","og_description":"La escritora Mirla Alcib\u00edades tiene entre sus prop\u00f3sitos como investigadora, ensayista y acad\u00e9mica facilitar la comprensi\u00f3n del papel de la mujer venezolana en la literatura. Dos obras que ha estudiado [&hellip;]","og_url":"https:\/\/cenal.gob.ve\/?p=27745","og_site_name":"Cenal","article_published_time":"2026-04-26T15:16:28+00:00","article_modified_time":"2026-04-26T15:16:31+00:00","og_image":[{"width":2560,"height":1706,"url":"http:\/\/cenal.gob.ve\/wp-content\/uploads\/2026\/04\/IMG_20260426_092946_057.jpg","type":"image\/jpeg"}],"author":"Prensa Cenal","twitter_card":"summary_large_image","twitter_misc":{"Written by":"Prensa Cenal","Est. reading time":"3 minutos"},"schema":{"@context":"https:\/\/schema.org","@graph":[{"@type":"Article","@id":"https:\/\/cenal.gob.ve\/?p=27745#article","isPartOf":{"@id":"https:\/\/cenal.gob.ve\/?p=27745"},"author":{"name":"Prensa Cenal","@id":"https:\/\/cenal.gob.ve\/#\/schema\/person\/e3ed34623f400ffab8bc7a63b2f5533f"},"headline":"Mirla Alcib\u00edades destaca en 38.\u00aa Filbo literatura vanguardista de escritoras venezolanas","datePublished":"2026-04-26T15:16:28+00:00","dateModified":"2026-04-26T15:16:31+00:00","mainEntityOfPage":{"@id":"https:\/\/cenal.gob.ve\/?p=27745"},"wordCount":474,"commentCount":0,"publisher":{"@id":"https:\/\/cenal.gob.ve\/#organization"},"keywords":["Libros","Literatura","Literatura venezolana","Noticias","Novelas"],"articleSection":["Cenal"],"inLanguage":"es","potentialAction":[{"@type":"CommentAction","name":"Comment","target":["https:\/\/cenal.gob.ve\/?p=27745#respond"]}]},{"@type":"WebPage","@id":"https:\/\/cenal.gob.ve\/?p=27745","url":"https:\/\/cenal.gob.ve\/?p=27745","name":"Mirla Alcib\u00edades destaca en 38.\u00aa Filbo literatura vanguardista de escritoras venezolanas","isPartOf":{"@id":"https:\/\/cenal.gob.ve\/#website"},"datePublished":"2026-04-26T15:16:28+00:00","dateModified":"2026-04-26T15:16:31+00:00","breadcrumb":{"@id":"https:\/\/cenal.gob.ve\/?p=27745#breadcrumb"},"inLanguage":"es","potentialAction":[{"@type":"ReadAction","target":["https:\/\/cenal.gob.ve\/?p=27745"]}]},{"@type":"BreadcrumbList","@id":"https:\/\/cenal.gob.ve\/?p=27745#breadcrumb","itemListElement":[{"@type":"ListItem","position":1,"name":"Home","item":"https:\/\/cenal.gob.ve\/"},{"@type":"ListItem","position":2,"name":"Mirla Alcib\u00edades destaca en 38.\u00aa Filbo literatura vanguardista de escritoras venezolanas"}]},{"@type":"WebSite","@id":"https:\/\/cenal.gob.ve\/#website","url":"https:\/\/cenal.gob.ve\/","name":"Cenal","description":"","publisher":{"@id":"https:\/\/cenal.gob.ve\/#organization"},"potentialAction":[{"@type":"SearchAction","target":{"@type":"EntryPoint","urlTemplate":"https:\/\/cenal.gob.ve\/?s={search_term_string}"},"query-input":"required name=search_term_string"}],"inLanguage":"es"},{"@type":"Organization","@id":"https:\/\/cenal.gob.ve\/#organization","name":"CENAL","url":"https:\/\/cenal.gob.ve\/","sameAs":[],"logo":{"@type":"ImageObject","inLanguage":"es","@id":"https:\/\/cenal.gob.ve\/#\/schema\/logo\/image\/","url":"https:\/\/i0.wp.com\/cenal.gob.ve\/wp-content\/uploads\/2022\/10\/cropped-images.jpg?fit=512%2C512","contentUrl":"https:\/\/i0.wp.com\/cenal.gob.ve\/wp-content\/uploads\/2022\/10\/cropped-images.jpg?fit=512%2C512","width":512,"height":512,"caption":"CENAL"},"image":{"@id":"https:\/\/cenal.gob.ve\/#\/schema\/logo\/image\/"}},{"@type":"Person","@id":"https:\/\/cenal.gob.ve\/#\/schema\/person\/e3ed34623f400ffab8bc7a63b2f5533f","name":"Prensa Cenal","image":{"@type":"ImageObject","inLanguage":"es","@id":"https:\/\/cenal.gob.ve\/#\/schema\/person\/image\/","url":"https:\/\/secure.gravatar.com\/avatar\/594b4ed34090910c619ac3679001d491?s=96&d=mm&r=g","contentUrl":"https:\/\/secure.gravatar.com\/avatar\/594b4ed34090910c619ac3679001d491?s=96&d=mm&r=g","caption":"Prensa Cenal"},"url":"https:\/\/cenal.gob.ve\/?author=10"}]}},"jetpack_featured_media_url":"https:\/\/cenal.gob.ve\/wp-content\/uploads\/2026\/04\/IMG_20260426_092946_057.jpg","jetpack_publicize_connections":[],"jetpack_shortlink":"https:\/\/wp.me\/p5FMhp-7dv","_links":{"self":[{"href":"https:\/\/cenal.gob.ve\/index.php?rest_route=\/wp\/v2\/posts\/27745"}],"collection":[{"href":"https:\/\/cenal.gob.ve\/index.php?rest_route=\/wp\/v2\/posts"}],"about":[{"href":"https:\/\/cenal.gob.ve\/index.php?rest_route=\/wp\/v2\/types\/post"}],"author":[{"embeddable":true,"href":"https:\/\/cenal.gob.ve\/index.php?rest_route=\/wp\/v2\/users\/10"}],"replies":[{"embeddable":true,"href":"https:\/\/cenal.gob.ve\/index.php?rest_route=%2Fwp%2Fv2%2Fcomments&post=27745"}],"version-history":[{"count":1,"href":"https:\/\/cenal.gob.ve\/index.php?rest_route=\/wp\/v2\/posts\/27745\/revisions"}],"predecessor-version":[{"id":27751,"href":"https:\/\/cenal.gob.ve\/index.php?rest_route=\/wp\/v2\/posts\/27745\/revisions\/27751"}],"wp:featuredmedia":[{"embeddable":true,"href":"https:\/\/cenal.gob.ve\/index.php?rest_route=\/wp\/v2\/media\/27746"}],"wp:attachment":[{"href":"https:\/\/cenal.gob.ve\/index.php?rest_route=%2Fwp%2Fv2%2Fmedia&parent=27745"}],"wp:term":[{"taxonomy":"category","embeddable":true,"href":"https:\/\/cenal.gob.ve\/index.php?rest_route=%2Fwp%2Fv2%2Fcategories&post=27745"},{"taxonomy":"post_tag","embeddable":true,"href":"https:\/\/cenal.gob.ve\/index.php?rest_route=%2Fwp%2Fv2%2Ftags&post=27745"}],"curies":[{"name":"wp","href":"https:\/\/api.w.org\/{rel}","templated":true}]}}