{"id":27761,"date":"2026-04-26T11:45:33","date_gmt":"2026-04-26T15:45:33","guid":{"rendered":"https:\/\/cenal.gob.ve\/?p=27761"},"modified":"2026-04-26T11:45:37","modified_gmt":"2026-04-26T15:45:37","slug":"la-salsa-de-hector-lavoe-une-a-venezuela-y-colombia-en-filbo","status":"publish","type":"post","link":"https:\/\/cenal.gob.ve\/?p=27761","title":{"rendered":"La salsa de H\u00e9ctor Lavoe une a Venezuela y Colombia en FILBo"},"content":{"rendered":"\n<p><p dir=\"ltr\"><\/p><span style=\"font-size: revert; color: initial;\">&#8220;La m\u00fasica no solamente se hizo para el baile, se hizo tambi\u00e9n para la lectura&#8221;, asegura el escritor e investigador musical colombiano Sergio Santana, quien junto al ministro del Poder Popular de Venezuela, Ra\u00fal Cazal, present\u00f3 en la 38.\u00aa Feria Internacional del Libro de Bogot\u00e1 (FILBo) la nueva edici\u00f3n de su libro H\u00e9ctor Lavoe, la voz del barrio, a cargo de la editorial El perro y la rana.<\/span> <p dir=\"ltr\">Qu\u00e9 hizo el sonero boricua durante su paso por diferentes pa\u00edses latinoamericanos, entre ellos Venezuela y Colombia,\u00a0 tiene respuesta en el texto, que recrea sus aventuras y desventuras, bajo la escritura de Santana, con 44 a\u00f1os en la investigaci\u00f3n musical y 17 libros publicados.<\/p><\/p>\n\n\n\n<p><p dir=\"ltr\">&#8220;Diferentes autores nos van contando sus viajes, todo lo que pas\u00f3, sus conciertos en esos pa\u00edses, en esas ciudades&#8221;, detall\u00f3 Santana.<\/p><\/p>\n\n\n\n<figure class=\"wp-block-image size-large\"><img width=\"1024\" height=\"682\" src=\"https:\/\/cenal.gob.ve\/wp-content\/uploads\/2026\/04\/IMG_20260426_093134_335-1024x682.jpg\" alt=\"\" class=\"wp-image-27763\" srcset=\"https:\/\/cenal.gob.ve\/wp-content\/uploads\/2026\/04\/IMG_20260426_093134_335-1024x682.jpg 1024w, https:\/\/cenal.gob.ve\/wp-content\/uploads\/2026\/04\/IMG_20260426_093134_335-300x200.jpg 300w, https:\/\/cenal.gob.ve\/wp-content\/uploads\/2026\/04\/IMG_20260426_093134_335-768x512.jpg 768w, https:\/\/cenal.gob.ve\/wp-content\/uploads\/2026\/04\/IMG_20260426_093134_335-1536x1024.jpg 1536w, https:\/\/cenal.gob.ve\/wp-content\/uploads\/2026\/04\/IMG_20260426_093134_335-2048x1365.jpg 2048w, https:\/\/cenal.gob.ve\/wp-content\/uploads\/2026\/04\/IMG_20260426_093134_335-640x427.jpg 640w\" sizes=\"(max-width: 1024px) 100vw, 1024px\" \/><\/figure>\n\n\n\n<p><p dir=\"ltr\">Ilustr\u00f3 c\u00f3mo hoy sigue sonando Peri\u00f3dico de ayer, el cl\u00e1sico de la salsa interpretado por\u00a0H\u00e9ctor Lavoe, lanzado oficialmente en 1976. &#8220;Lo seguimos bailando, lo seguimos cantando, lo seguimos sintiendo como propio, seguimos diciendo que es una obra universal, y la seguimos sintiendo aqu\u00ed como est\u00e1 50 a\u00f1os despu\u00e9s&#8221;.<\/p><\/p>\n\n\n\n<p><p dir=\"ltr\"><strong>La impronta de la vida <\/strong><\/p><\/p>\n\n\n\n<p><p dir=\"ltr\">El ministro Cazal se refiri\u00f3 a Santana como un extraordinario bi\u00f3grafo y ensayista sobre un tema que tiene que ver con todos los actores que hicieron de la salsa, en su momento, la mayor expresi\u00f3n de la m\u00fasica del Caribe e incluso universal. <\/p><\/p>\n\n\n\n<figure class=\"wp-block-image size-large\"><img width=\"1024\" height=\"682\" src=\"https:\/\/cenal.gob.ve\/wp-content\/uploads\/2026\/04\/IMG_20260426_093149_778-1-1024x682.jpg\" alt=\"\" class=\"wp-image-27762\" srcset=\"https:\/\/cenal.gob.ve\/wp-content\/uploads\/2026\/04\/IMG_20260426_093149_778-1-1024x682.jpg 1024w, https:\/\/cenal.gob.ve\/wp-content\/uploads\/2026\/04\/IMG_20260426_093149_778-1-300x200.jpg 300w, https:\/\/cenal.gob.ve\/wp-content\/uploads\/2026\/04\/IMG_20260426_093149_778-1-768x512.jpg 768w, https:\/\/cenal.gob.ve\/wp-content\/uploads\/2026\/04\/IMG_20260426_093149_778-1-1536x1024.jpg 1536w, https:\/\/cenal.gob.ve\/wp-content\/uploads\/2026\/04\/IMG_20260426_093149_778-1-2048x1365.jpg 2048w, https:\/\/cenal.gob.ve\/wp-content\/uploads\/2026\/04\/IMG_20260426_093149_778-1-640x427.jpg 640w\" sizes=\"(max-width: 1024px) 100vw, 1024px\" \/><\/figure>\n\n\n\n<p><p dir=\"ltr\">&#8220;Quiz\u00e1s uno cuando piensa en la salsa uno piensa en la forma farandulera en que son presentados nuestros exponentes, nuestros cantantes, nuestros m\u00fasicos. Entonces, hay una visi\u00f3n farandulera de la que Sergio hace caso omiso y le da la impronta de la vida de todas estas personas&#8221;, refiri\u00f3.<\/p><\/p>\n\n\n\n<p><p dir=\"ltr\">Marcado por Lavoe, Santana se pregunt\u00f3 al momento de escribir el libro sobre qu\u00e9 singularidad lo har\u00eda diferente a otras obras que solo abordan su figura desde la far\u00e1ndula, las exageraciones y desde lo que llam\u00f3 mentiras ya calcificadas. <\/p><\/p>\n\n\n\n<figure class=\"wp-block-image size-large\"><img width=\"1024\" height=\"682\" src=\"https:\/\/cenal.gob.ve\/wp-content\/uploads\/2026\/04\/IMG_20260426_093044_369-1024x682.jpg\" alt=\"\" class=\"wp-image-27765\" srcset=\"https:\/\/cenal.gob.ve\/wp-content\/uploads\/2026\/04\/IMG_20260426_093044_369-1024x682.jpg 1024w, https:\/\/cenal.gob.ve\/wp-content\/uploads\/2026\/04\/IMG_20260426_093044_369-300x200.jpg 300w, https:\/\/cenal.gob.ve\/wp-content\/uploads\/2026\/04\/IMG_20260426_093044_369-768x512.jpg 768w, https:\/\/cenal.gob.ve\/wp-content\/uploads\/2026\/04\/IMG_20260426_093044_369-1536x1024.jpg 1536w, https:\/\/cenal.gob.ve\/wp-content\/uploads\/2026\/04\/IMG_20260426_093044_369-2048x1365.jpg 2048w, https:\/\/cenal.gob.ve\/wp-content\/uploads\/2026\/04\/IMG_20260426_093044_369-640x427.jpg 640w\" sizes=\"(max-width: 1024px) 100vw, 1024px\" \/><\/figure>\n\n\n\n<p><p dir=\"ltr\">&#8220;A mi me interesan son las virtudes de \u00e9l como cantante, como representante de lo que fue la salsa de todos los tiempos; el hecho de que la droga lo afect\u00f3 en alguna parte lo debo mencionar en el libro, pero no con el morbo de otros libros que le\u00ed&#8221;.<\/p><\/p>\n\n\n\n<p><p dir=\"ltr\">A Santana lo movi\u00f3 la pasi\u00f3n y el aporte de su publicaci\u00f3n a la cultura. &#8220;Mi singularidad planteaba eso, ten\u00eda que hacer una biograf\u00eda apegada a la discograf\u00eda de \u00e9l y contando cosas alrededor de la discograf\u00eda&#8221;, dijo. &#8220;Me encontr\u00e9 con otra cosa, que yo quer\u00eda plantear la universalidad latinoamericana&#8221;<\/p>.<\/p>\n\n\n\n<p><p dir=\"ltr\">H\u00e9ctor Lavoe, la voz del barrio est\u00e1 disponible en el stand a cargo del Ministerio del Poder Popular para la Cultura de Venezuela, donde se exhiben de este pa\u00eds mas de 200 novedades editoriales.<\/p><\/p>\n\n\n\n<p> <\/p>\n\n\n\n<figure class=\"wp-block-image size-large\"><img width=\"1024\" height=\"682\" src=\"https:\/\/cenal.gob.ve\/wp-content\/uploads\/2026\/04\/IMG_20260426_093123_479-1024x682.jpg\" alt=\"\" class=\"wp-image-27764\" srcset=\"https:\/\/cenal.gob.ve\/wp-content\/uploads\/2026\/04\/IMG_20260426_093123_479-1024x682.jpg 1024w, https:\/\/cenal.gob.ve\/wp-content\/uploads\/2026\/04\/IMG_20260426_093123_479-300x200.jpg 300w, https:\/\/cenal.gob.ve\/wp-content\/uploads\/2026\/04\/IMG_20260426_093123_479-768x512.jpg 768w, https:\/\/cenal.gob.ve\/wp-content\/uploads\/2026\/04\/IMG_20260426_093123_479-1536x1024.jpg 1536w, https:\/\/cenal.gob.ve\/wp-content\/uploads\/2026\/04\/IMG_20260426_093123_479-2048x1365.jpg 2048w, https:\/\/cenal.gob.ve\/wp-content\/uploads\/2026\/04\/IMG_20260426_093123_479-640x427.jpg 640w\" sizes=\"(max-width: 1024px) 100vw, 1024px\" \/><\/figure>\n\n\n\n<figure class=\"wp-block-image size-large\"><img width=\"1024\" height=\"682\" src=\"https:\/\/cenal.gob.ve\/wp-content\/uploads\/2026\/04\/IMG_20260426_093050_922-1024x682.jpg\" alt=\"\" class=\"wp-image-27768\" srcset=\"https:\/\/cenal.gob.ve\/wp-content\/uploads\/2026\/04\/IMG_20260426_093050_922-1024x682.jpg 1024w, https:\/\/cenal.gob.ve\/wp-content\/uploads\/2026\/04\/IMG_20260426_093050_922-300x200.jpg 300w, https:\/\/cenal.gob.ve\/wp-content\/uploads\/2026\/04\/IMG_20260426_093050_922-768x512.jpg 768w, https:\/\/cenal.gob.ve\/wp-content\/uploads\/2026\/04\/IMG_20260426_093050_922-1536x1024.jpg 1536w, https:\/\/cenal.gob.ve\/wp-content\/uploads\/2026\/04\/IMG_20260426_093050_922-2048x1365.jpg 2048w, https:\/\/cenal.gob.ve\/wp-content\/uploads\/2026\/04\/IMG_20260426_093050_922-640x427.jpg 640w\" sizes=\"(max-width: 1024px) 100vw, 1024px\" \/><\/figure>\n\n\n\n<figure class=\"wp-block-image size-large\"><img width=\"1024\" height=\"682\" src=\"https:\/\/cenal.gob.ve\/wp-content\/uploads\/2026\/04\/IMG_20260426_093131_519-1-1024x682.jpg\" alt=\"\" class=\"wp-image-27767\" srcset=\"https:\/\/cenal.gob.ve\/wp-content\/uploads\/2026\/04\/IMG_20260426_093131_519-1-1024x682.jpg 1024w, https:\/\/cenal.gob.ve\/wp-content\/uploads\/2026\/04\/IMG_20260426_093131_519-1-300x200.jpg 300w, https:\/\/cenal.gob.ve\/wp-content\/uploads\/2026\/04\/IMG_20260426_093131_519-1-768x512.jpg 768w, https:\/\/cenal.gob.ve\/wp-content\/uploads\/2026\/04\/IMG_20260426_093131_519-1-1536x1024.jpg 1536w, https:\/\/cenal.gob.ve\/wp-content\/uploads\/2026\/04\/IMG_20260426_093131_519-1-2048x1365.jpg 2048w, https:\/\/cenal.gob.ve\/wp-content\/uploads\/2026\/04\/IMG_20260426_093131_519-1-640x427.jpg 640w\" sizes=\"(max-width: 1024px) 100vw, 1024px\" \/><\/figure>\n\n\n\n<figure class=\"wp-block-image size-large\"><img width=\"1024\" height=\"682\" src=\"https:\/\/cenal.gob.ve\/wp-content\/uploads\/2026\/04\/IMG_20260426_093110_724-1024x682.jpg\" alt=\"\" class=\"wp-image-27769\" srcset=\"https:\/\/cenal.gob.ve\/wp-content\/uploads\/2026\/04\/IMG_20260426_093110_724-1024x682.jpg 1024w, https:\/\/cenal.gob.ve\/wp-content\/uploads\/2026\/04\/IMG_20260426_093110_724-300x200.jpg 300w, https:\/\/cenal.gob.ve\/wp-content\/uploads\/2026\/04\/IMG_20260426_093110_724-768x512.jpg 768w, https:\/\/cenal.gob.ve\/wp-content\/uploads\/2026\/04\/IMG_20260426_093110_724-1536x1024.jpg 1536w, https:\/\/cenal.gob.ve\/wp-content\/uploads\/2026\/04\/IMG_20260426_093110_724-2048x1365.jpg 2048w, https:\/\/cenal.gob.ve\/wp-content\/uploads\/2026\/04\/IMG_20260426_093110_724-640x427.jpg 640w\" sizes=\"(max-width: 1024px) 100vw, 1024px\" \/><\/figure>\n","protected":false},"excerpt":{"rendered":"<p>&#8220;La m\u00fasica no solamente se hizo para el baile, se hizo tambi\u00e9n para la lectura&#8221;, asegura el escritor e investigador musical colombiano Sergio Santana, quien junto al ministro del Poder [&hellip;]<\/p>\n","protected":false},"author":10,"featured_media":27766,"comment_status":"open","ping_status":"closed","sticky":false,"template":"","format":"standard","meta":{"spay_email":"","jetpack_publicize_message":"","jetpack_is_tweetstorm":false,"jetpack_publicize_feature_enabled":true},"categories":[2],"tags":[81,211,212,9,216],"yoast_head":"<!-- This site is optimized with the Yoast SEO plugin v19.8 - https:\/\/yoast.com\/wordpress\/plugins\/seo\/ -->\n<title>La salsa de H\u00e9ctor Lavoe une a Venezuela y Colombia en FILBo<\/title>\n<meta name=\"robots\" content=\"index, follow, max-snippet:-1, max-image-preview:large, max-video-preview:-1\" \/>\n<link rel=\"canonical\" href=\"https:\/\/cenal.gob.ve\/?p=27761\" \/>\n<meta property=\"og:locale\" content=\"es_ES\" \/>\n<meta property=\"og:type\" content=\"article\" \/>\n<meta property=\"og:title\" content=\"La salsa de H\u00e9ctor Lavoe une a Venezuela y Colombia en FILBo\" \/>\n<meta property=\"og:description\" content=\"&#8220;La m\u00fasica no solamente se hizo para el baile, se hizo tambi\u00e9n para la lectura&#8221;, asegura el escritor e investigador musical colombiano Sergio Santana, quien junto al ministro del Poder [&hellip;]\" \/>\n<meta property=\"og:url\" content=\"https:\/\/cenal.gob.ve\/?p=27761\" \/>\n<meta property=\"og:site_name\" content=\"Cenal\" \/>\n<meta property=\"article:published_time\" content=\"2026-04-26T15:45:33+00:00\" \/>\n<meta property=\"article:modified_time\" content=\"2026-04-26T15:45:37+00:00\" \/>\n<meta property=\"og:image\" content=\"http:\/\/cenal.gob.ve\/wp-content\/uploads\/2026\/04\/IMG_20260426_093044_369-1.jpg\" \/>\n\t<meta property=\"og:image:width\" content=\"2560\" \/>\n\t<meta property=\"og:image:height\" content=\"1706\" \/>\n\t<meta property=\"og:image:type\" content=\"image\/jpeg\" \/>\n<meta name=\"author\" content=\"Prensa Cenal\" \/>\n<meta name=\"twitter:card\" content=\"summary_large_image\" \/>\n<meta name=\"twitter:label1\" content=\"Written by\" \/>\n\t<meta name=\"twitter:data1\" content=\"Prensa Cenal\" \/>\n\t<meta name=\"twitter:label2\" content=\"Est. reading time\" \/>\n\t<meta name=\"twitter:data2\" content=\"4 minutos\" \/>\n<script type=\"application\/ld+json\" class=\"yoast-schema-graph\">{\"@context\":\"https:\/\/schema.org\",\"@graph\":[{\"@type\":\"Article\",\"@id\":\"https:\/\/cenal.gob.ve\/?p=27761#article\",\"isPartOf\":{\"@id\":\"https:\/\/cenal.gob.ve\/?p=27761\"},\"author\":{\"name\":\"Prensa Cenal\",\"@id\":\"https:\/\/cenal.gob.ve\/#\/schema\/person\/e3ed34623f400ffab8bc7a63b2f5533f\"},\"headline\":\"La salsa de H\u00e9ctor Lavoe une a Venezuela y Colombia en FILBo\",\"datePublished\":\"2026-04-26T15:45:33+00:00\",\"dateModified\":\"2026-04-26T15:45:37+00:00\",\"mainEntityOfPage\":{\"@id\":\"https:\/\/cenal.gob.ve\/?p=27761\"},\"wordCount\":490,\"commentCount\":0,\"publisher\":{\"@id\":\"https:\/\/cenal.gob.ve\/#organization\"},\"keywords\":[\"Libros\",\"Literatura\",\"Literatura venezolana\",\"Noticias\",\"Novelas\"],\"articleSection\":[\"Cenal\"],\"inLanguage\":\"es\",\"potentialAction\":[{\"@type\":\"CommentAction\",\"name\":\"Comment\",\"target\":[\"https:\/\/cenal.gob.ve\/?p=27761#respond\"]}]},{\"@type\":\"WebPage\",\"@id\":\"https:\/\/cenal.gob.ve\/?p=27761\",\"url\":\"https:\/\/cenal.gob.ve\/?p=27761\",\"name\":\"La salsa de H\u00e9ctor Lavoe une a Venezuela y Colombia en FILBo\",\"isPartOf\":{\"@id\":\"https:\/\/cenal.gob.ve\/#website\"},\"datePublished\":\"2026-04-26T15:45:33+00:00\",\"dateModified\":\"2026-04-26T15:45:37+00:00\",\"breadcrumb\":{\"@id\":\"https:\/\/cenal.gob.ve\/?p=27761#breadcrumb\"},\"inLanguage\":\"es\",\"potentialAction\":[{\"@type\":\"ReadAction\",\"target\":[\"https:\/\/cenal.gob.ve\/?p=27761\"]}]},{\"@type\":\"BreadcrumbList\",\"@id\":\"https:\/\/cenal.gob.ve\/?p=27761#breadcrumb\",\"itemListElement\":[{\"@type\":\"ListItem\",\"position\":1,\"name\":\"Home\",\"item\":\"https:\/\/cenal.gob.ve\/\"},{\"@type\":\"ListItem\",\"position\":2,\"name\":\"La salsa de H\u00e9ctor Lavoe une a Venezuela y Colombia en FILBo\"}]},{\"@type\":\"WebSite\",\"@id\":\"https:\/\/cenal.gob.ve\/#website\",\"url\":\"https:\/\/cenal.gob.ve\/\",\"name\":\"Cenal\",\"description\":\"\",\"publisher\":{\"@id\":\"https:\/\/cenal.gob.ve\/#organization\"},\"potentialAction\":[{\"@type\":\"SearchAction\",\"target\":{\"@type\":\"EntryPoint\",\"urlTemplate\":\"https:\/\/cenal.gob.ve\/?s={search_term_string}\"},\"query-input\":\"required name=search_term_string\"}],\"inLanguage\":\"es\"},{\"@type\":\"Organization\",\"@id\":\"https:\/\/cenal.gob.ve\/#organization\",\"name\":\"CENAL\",\"url\":\"https:\/\/cenal.gob.ve\/\",\"sameAs\":[],\"logo\":{\"@type\":\"ImageObject\",\"inLanguage\":\"es\",\"@id\":\"https:\/\/cenal.gob.ve\/#\/schema\/logo\/image\/\",\"url\":\"https:\/\/i0.wp.com\/cenal.gob.ve\/wp-content\/uploads\/2022\/10\/cropped-images.jpg?fit=512%2C512\",\"contentUrl\":\"https:\/\/i0.wp.com\/cenal.gob.ve\/wp-content\/uploads\/2022\/10\/cropped-images.jpg?fit=512%2C512\",\"width\":512,\"height\":512,\"caption\":\"CENAL\"},\"image\":{\"@id\":\"https:\/\/cenal.gob.ve\/#\/schema\/logo\/image\/\"}},{\"@type\":\"Person\",\"@id\":\"https:\/\/cenal.gob.ve\/#\/schema\/person\/e3ed34623f400ffab8bc7a63b2f5533f\",\"name\":\"Prensa Cenal\",\"image\":{\"@type\":\"ImageObject\",\"inLanguage\":\"es\",\"@id\":\"https:\/\/cenal.gob.ve\/#\/schema\/person\/image\/\",\"url\":\"https:\/\/secure.gravatar.com\/avatar\/594b4ed34090910c619ac3679001d491?s=96&d=mm&r=g\",\"contentUrl\":\"https:\/\/secure.gravatar.com\/avatar\/594b4ed34090910c619ac3679001d491?s=96&d=mm&r=g\",\"caption\":\"Prensa Cenal\"},\"url\":\"https:\/\/cenal.gob.ve\/?author=10\"}]}<\/script>\n<!-- \/ Yoast SEO plugin. -->","yoast_head_json":{"title":"La salsa de H\u00e9ctor Lavoe une a Venezuela y Colombia en FILBo","robots":{"index":"index","follow":"follow","max-snippet":"max-snippet:-1","max-image-preview":"max-image-preview:large","max-video-preview":"max-video-preview:-1"},"canonical":"https:\/\/cenal.gob.ve\/?p=27761","og_locale":"es_ES","og_type":"article","og_title":"La salsa de H\u00e9ctor Lavoe une a Venezuela y Colombia en FILBo","og_description":"&#8220;La m\u00fasica no solamente se hizo para el baile, se hizo tambi\u00e9n para la lectura&#8221;, asegura el escritor e investigador musical colombiano Sergio Santana, quien junto al ministro del Poder [&hellip;]","og_url":"https:\/\/cenal.gob.ve\/?p=27761","og_site_name":"Cenal","article_published_time":"2026-04-26T15:45:33+00:00","article_modified_time":"2026-04-26T15:45:37+00:00","og_image":[{"width":2560,"height":1706,"url":"http:\/\/cenal.gob.ve\/wp-content\/uploads\/2026\/04\/IMG_20260426_093044_369-1.jpg","type":"image\/jpeg"}],"author":"Prensa Cenal","twitter_card":"summary_large_image","twitter_misc":{"Written by":"Prensa Cenal","Est. reading time":"4 minutos"},"schema":{"@context":"https:\/\/schema.org","@graph":[{"@type":"Article","@id":"https:\/\/cenal.gob.ve\/?p=27761#article","isPartOf":{"@id":"https:\/\/cenal.gob.ve\/?p=27761"},"author":{"name":"Prensa Cenal","@id":"https:\/\/cenal.gob.ve\/#\/schema\/person\/e3ed34623f400ffab8bc7a63b2f5533f"},"headline":"La salsa de H\u00e9ctor Lavoe une a Venezuela y Colombia en FILBo","datePublished":"2026-04-26T15:45:33+00:00","dateModified":"2026-04-26T15:45:37+00:00","mainEntityOfPage":{"@id":"https:\/\/cenal.gob.ve\/?p=27761"},"wordCount":490,"commentCount":0,"publisher":{"@id":"https:\/\/cenal.gob.ve\/#organization"},"keywords":["Libros","Literatura","Literatura venezolana","Noticias","Novelas"],"articleSection":["Cenal"],"inLanguage":"es","potentialAction":[{"@type":"CommentAction","name":"Comment","target":["https:\/\/cenal.gob.ve\/?p=27761#respond"]}]},{"@type":"WebPage","@id":"https:\/\/cenal.gob.ve\/?p=27761","url":"https:\/\/cenal.gob.ve\/?p=27761","name":"La salsa de H\u00e9ctor Lavoe une a Venezuela y Colombia en FILBo","isPartOf":{"@id":"https:\/\/cenal.gob.ve\/#website"},"datePublished":"2026-04-26T15:45:33+00:00","dateModified":"2026-04-26T15:45:37+00:00","breadcrumb":{"@id":"https:\/\/cenal.gob.ve\/?p=27761#breadcrumb"},"inLanguage":"es","potentialAction":[{"@type":"ReadAction","target":["https:\/\/cenal.gob.ve\/?p=27761"]}]},{"@type":"BreadcrumbList","@id":"https:\/\/cenal.gob.ve\/?p=27761#breadcrumb","itemListElement":[{"@type":"ListItem","position":1,"name":"Home","item":"https:\/\/cenal.gob.ve\/"},{"@type":"ListItem","position":2,"name":"La salsa de H\u00e9ctor Lavoe une a Venezuela y Colombia en FILBo"}]},{"@type":"WebSite","@id":"https:\/\/cenal.gob.ve\/#website","url":"https:\/\/cenal.gob.ve\/","name":"Cenal","description":"","publisher":{"@id":"https:\/\/cenal.gob.ve\/#organization"},"potentialAction":[{"@type":"SearchAction","target":{"@type":"EntryPoint","urlTemplate":"https:\/\/cenal.gob.ve\/?s={search_term_string}"},"query-input":"required name=search_term_string"}],"inLanguage":"es"},{"@type":"Organization","@id":"https:\/\/cenal.gob.ve\/#organization","name":"CENAL","url":"https:\/\/cenal.gob.ve\/","sameAs":[],"logo":{"@type":"ImageObject","inLanguage":"es","@id":"https:\/\/cenal.gob.ve\/#\/schema\/logo\/image\/","url":"https:\/\/i0.wp.com\/cenal.gob.ve\/wp-content\/uploads\/2022\/10\/cropped-images.jpg?fit=512%2C512","contentUrl":"https:\/\/i0.wp.com\/cenal.gob.ve\/wp-content\/uploads\/2022\/10\/cropped-images.jpg?fit=512%2C512","width":512,"height":512,"caption":"CENAL"},"image":{"@id":"https:\/\/cenal.gob.ve\/#\/schema\/logo\/image\/"}},{"@type":"Person","@id":"https:\/\/cenal.gob.ve\/#\/schema\/person\/e3ed34623f400ffab8bc7a63b2f5533f","name":"Prensa Cenal","image":{"@type":"ImageObject","inLanguage":"es","@id":"https:\/\/cenal.gob.ve\/#\/schema\/person\/image\/","url":"https:\/\/secure.gravatar.com\/avatar\/594b4ed34090910c619ac3679001d491?s=96&d=mm&r=g","contentUrl":"https:\/\/secure.gravatar.com\/avatar\/594b4ed34090910c619ac3679001d491?s=96&d=mm&r=g","caption":"Prensa Cenal"},"url":"https:\/\/cenal.gob.ve\/?author=10"}]}},"jetpack_featured_media_url":"https:\/\/cenal.gob.ve\/wp-content\/uploads\/2026\/04\/IMG_20260426_093044_369-1.jpg","jetpack_publicize_connections":[],"jetpack_shortlink":"https:\/\/wp.me\/p5FMhp-7dL","_links":{"self":[{"href":"https:\/\/cenal.gob.ve\/index.php?rest_route=\/wp\/v2\/posts\/27761"}],"collection":[{"href":"https:\/\/cenal.gob.ve\/index.php?rest_route=\/wp\/v2\/posts"}],"about":[{"href":"https:\/\/cenal.gob.ve\/index.php?rest_route=\/wp\/v2\/types\/post"}],"author":[{"embeddable":true,"href":"https:\/\/cenal.gob.ve\/index.php?rest_route=\/wp\/v2\/users\/10"}],"replies":[{"embeddable":true,"href":"https:\/\/cenal.gob.ve\/index.php?rest_route=%2Fwp%2Fv2%2Fcomments&post=27761"}],"version-history":[{"count":2,"href":"https:\/\/cenal.gob.ve\/index.php?rest_route=\/wp\/v2\/posts\/27761\/revisions"}],"predecessor-version":[{"id":27771,"href":"https:\/\/cenal.gob.ve\/index.php?rest_route=\/wp\/v2\/posts\/27761\/revisions\/27771"}],"wp:featuredmedia":[{"embeddable":true,"href":"https:\/\/cenal.gob.ve\/index.php?rest_route=\/wp\/v2\/media\/27766"}],"wp:attachment":[{"href":"https:\/\/cenal.gob.ve\/index.php?rest_route=%2Fwp%2Fv2%2Fmedia&parent=27761"}],"wp:term":[{"taxonomy":"category","embeddable":true,"href":"https:\/\/cenal.gob.ve\/index.php?rest_route=%2Fwp%2Fv2%2Fcategories&post=27761"},{"taxonomy":"post_tag","embeddable":true,"href":"https:\/\/cenal.gob.ve\/index.php?rest_route=%2Fwp%2Fv2%2Ftags&post=27761"}],"curies":[{"name":"wp","href":"https:\/\/api.w.org\/{rel}","templated":true}]}}