{"id":27775,"date":"2026-04-27T09:30:42","date_gmt":"2026-04-27T13:30:42","guid":{"rendered":"https:\/\/cenal.gob.ve\/?p=27775"},"modified":"2026-04-27T11:05:46","modified_gmt":"2026-04-27T15:05:46","slug":"fermin-goni-narra-la-fascinante-vida-de-francisco-de-miranda-en-una-novela-historica","status":"publish","type":"post","link":"https:\/\/cenal.gob.ve\/?p=27775","title":{"rendered":"Ferm\u00edn Go\u00f1i narra la fascinante vida de Francisco de Miranda en una novela hist\u00f3rica"},"content":{"rendered":"\n<p>Francisco de Miranda es precursor de la gesta independendista en Am\u00e9rica Latina y entre los esfuerzos de autores por rescatar su pensamiento y haza\u00f1as, fascinados por la vida y obra del &#8220;americano m\u00e1s universal&#8221;, est\u00e1 el escritor pamplon\u00e9s Ferm\u00edn Go\u00f1i con su libro <em>La rebeli\u00f3n infinita de Miranda.<\/em><\/p>\n\n\n\n<figure class=\"wp-block-image size-large is-resized\"><img src=\"https:\/\/cenal.gob.ve\/wp-content\/uploads\/2026\/04\/IMG_20260427_083241_719-1-1024x682.jpg\" alt=\"\" class=\"wp-image-27778\" width=\"375\" height=\"248\"\/><\/figure>\n\n\n\n<p>Es una novela hist\u00f3rica coeditada por el Fondo de Cultura Econ\u00f3mica (FCE) de M\u00e9xico y la editorial Monte \u00c1vila Editores Latinoamericana, adscrita al Ministerio del Poder Popular para la Cultura de Venezuela.<\/p>\n\n\n\n<p>Esta obra fue presentada por Go\u00f1i en la 38.\u00aa Feria Internacional del Libro de Bogot\u00e1 (FILBo) en medio de una conversaci\u00f3n con el periodista colombiano Andr\u00e9s Osorio Guillot, actividad que cont\u00f3 con la presencia del embajador de Venezuela en Colombia, Orlando Maniglia; el ministro del Poder Popular para la Cultura (MPPC), Ra\u00fal Cazal, y la coordinadora editorial de Monte \u00c1vila, Gladys Ortega, junto a la delegaci\u00f3n de escritores venezolanos que asiste a la m\u00e1xima cita literaria de la naci\u00f3n vecina.<\/p>\n\n\n\n<figure class=\"wp-block-image size-large is-resized\"><img src=\"https:\/\/cenal.gob.ve\/wp-content\/uploads\/2026\/04\/IMG_20260427_082920_984-1024x682.jpg\" alt=\"\" class=\"wp-image-27780\" width=\"376\" height=\"251\" srcset=\"https:\/\/cenal.gob.ve\/wp-content\/uploads\/2026\/04\/IMG_20260427_082920_984-1024x682.jpg 1024w, https:\/\/cenal.gob.ve\/wp-content\/uploads\/2026\/04\/IMG_20260427_082920_984-300x200.jpg 300w, https:\/\/cenal.gob.ve\/wp-content\/uploads\/2026\/04\/IMG_20260427_082920_984-768x512.jpg 768w, https:\/\/cenal.gob.ve\/wp-content\/uploads\/2026\/04\/IMG_20260427_082920_984-1536x1024.jpg 1536w, https:\/\/cenal.gob.ve\/wp-content\/uploads\/2026\/04\/IMG_20260427_082920_984-2048x1365.jpg 2048w, https:\/\/cenal.gob.ve\/wp-content\/uploads\/2026\/04\/IMG_20260427_082920_984-640x427.jpg 640w\" sizes=\"(max-width: 376px) 100vw, 376px\" \/><\/figure>\n\n\n\n<figure class=\"wp-block-image size-large\"><img width=\"1024\" height=\"682\" src=\"https:\/\/cenal.gob.ve\/wp-content\/uploads\/2026\/04\/IMG_20260427_082943_567-1024x682.jpg\" alt=\"\" class=\"wp-image-27779\" srcset=\"https:\/\/cenal.gob.ve\/wp-content\/uploads\/2026\/04\/IMG_20260427_082943_567-1024x682.jpg 1024w, https:\/\/cenal.gob.ve\/wp-content\/uploads\/2026\/04\/IMG_20260427_082943_567-300x200.jpg 300w, https:\/\/cenal.gob.ve\/wp-content\/uploads\/2026\/04\/IMG_20260427_082943_567-768x512.jpg 768w, https:\/\/cenal.gob.ve\/wp-content\/uploads\/2026\/04\/IMG_20260427_082943_567-1536x1024.jpg 1536w, https:\/\/cenal.gob.ve\/wp-content\/uploads\/2026\/04\/IMG_20260427_082943_567-2048x1365.jpg 2048w, https:\/\/cenal.gob.ve\/wp-content\/uploads\/2026\/04\/IMG_20260427_082943_567-640x427.jpg 640w\" sizes=\"(max-width: 1024px) 100vw, 1024px\" \/><\/figure>\n\n\n\n<p>Go\u00f1i, escritor, periodista y polit\u00f3logo reconocido por su gran destreza narrativa, comparti\u00f3 detalles de esta novela hist\u00f3rica basada en Miranda, con la que se ha planteado acercar a los lectores a la historia de una manera m\u00e1s interesante.<\/p>\n\n\n\n<p>&#8220;Los que hemos escrito novela hist\u00f3rica lo que hacemos es hacer la historia, que por s\u00ed sola puede ser muy dura de entender, m\u00e1s asequible y m\u00e1s interesante&#8221;, coment\u00f3 en la FILBo.<\/p>\n\n\n\n<p><strong>Una de las figuras m\u00e1s apasionantes <\/strong><\/p>\n\n\n\n<p>En cuanto a su inter\u00e9s por novelar la historia de Miranda, a quien considera una de las figuras m\u00e1s apasionantes de la gesta independentista latinoamericana sin la que no habr\u00eda habido ninguna revoluci\u00f3n ni independencia, Go\u00f1i ha se\u00f1alado que &#8220;es un personaje muy singular y es un caso \u00fanico en la historia universal, es decir, es una persona que ha guerreado en tres continentes, ha sido capit\u00e1n general en la Francia revolucionaria, coronel en la Rusia de Catalina II, militar espa\u00f1ol, se ha recorrido todo el mundo, ha sido amigo de George Washington, por ejemplo, o del primer ministro ingl\u00e9s, en fin, tiene una vida absolutamente fuera de lo normal&#8221;.<\/p>\n\n\n\n<figure class=\"wp-block-image size-large\"><img width=\"1024\" height=\"682\" src=\"https:\/\/cenal.gob.ve\/wp-content\/uploads\/2026\/04\/IMG_20260427_083006_802-1024x682.jpg\" alt=\"\" class=\"wp-image-27786\" srcset=\"https:\/\/cenal.gob.ve\/wp-content\/uploads\/2026\/04\/IMG_20260427_083006_802-1024x682.jpg 1024w, https:\/\/cenal.gob.ve\/wp-content\/uploads\/2026\/04\/IMG_20260427_083006_802-300x200.jpg 300w, https:\/\/cenal.gob.ve\/wp-content\/uploads\/2026\/04\/IMG_20260427_083006_802-768x512.jpg 768w, https:\/\/cenal.gob.ve\/wp-content\/uploads\/2026\/04\/IMG_20260427_083006_802-1536x1024.jpg 1536w, https:\/\/cenal.gob.ve\/wp-content\/uploads\/2026\/04\/IMG_20260427_083006_802-2048x1365.jpg 2048w, https:\/\/cenal.gob.ve\/wp-content\/uploads\/2026\/04\/IMG_20260427_083006_802-640x427.jpg 640w\" sizes=\"(max-width: 1024px) 100vw, 1024px\" \/><\/figure>\n\n\n\n<p>Las palabras de Go\u00f1i invitan a redescubrir a un Miranda quien, consciente de su destino, manifest\u00f3 desde muy joven su car\u00e1cter revolucionario y aventurero, convirti\u00e9ndose como hombre libre en militar, pol\u00edtico, diplom\u00e1tico, intelectual, humanista y cosmopolita, un visionario que so\u00f1\u00f3 con una Am\u00e9rica unida.<\/p>\n\n\n\n<p>Go\u00f1i agrega que siguiendo la vida de Miranda en esta novela los lectores ver\u00e1n cu\u00e1l es la evoluci\u00f3n del mundo desde aquellos a\u00f1os en que se sit\u00faa la narraci\u00f3n hasta el d\u00eda de hoy, &#8220;porque hay un antes y un despu\u00e9s de la Revoluci\u00f3n Francesa, y vamos a comprender qu\u00e9 es lo que pasa, qu\u00e9 es lo que pas\u00f3 en Estados Unidos; leyendo lo que hizo Miranda entenderemos muchas cosas y comprenderemos mucho mejor a nuestros pa\u00edses&#8221;.<\/p>\n\n\n\n<figure class=\"wp-block-image size-large is-resized\"><img src=\"https:\/\/cenal.gob.ve\/wp-content\/uploads\/2026\/04\/IMG_20260427_082842_865-1024x682.jpg\" alt=\"\" class=\"wp-image-27784\" width=\"376\" height=\"251\" srcset=\"https:\/\/cenal.gob.ve\/wp-content\/uploads\/2026\/04\/IMG_20260427_082842_865-1024x682.jpg 1024w, https:\/\/cenal.gob.ve\/wp-content\/uploads\/2026\/04\/IMG_20260427_082842_865-300x200.jpg 300w, https:\/\/cenal.gob.ve\/wp-content\/uploads\/2026\/04\/IMG_20260427_082842_865-768x512.jpg 768w, https:\/\/cenal.gob.ve\/wp-content\/uploads\/2026\/04\/IMG_20260427_082842_865-1536x1024.jpg 1536w, https:\/\/cenal.gob.ve\/wp-content\/uploads\/2026\/04\/IMG_20260427_082842_865-2048x1365.jpg 2048w, https:\/\/cenal.gob.ve\/wp-content\/uploads\/2026\/04\/IMG_20260427_082842_865-640x427.jpg 640w\" sizes=\"(max-width: 376px) 100vw, 376px\" \/><\/figure>\n\n\n\n<p>El texto est\u00e1 recreado a partir de una rigurosa investigaci\u00f3n con base en la colecci\u00f3n de archivos de Miranda &#8220;Colombeia&#8221;, que re\u00fane cartas, diarios y documentos que hicieron parte de sus viajes en el camino a cumplir su sue\u00f1o de emancipaci\u00f3n. Adem\u00e1s, con el prop\u00f3sito de conocer de cerca los pasos de Miranda, Go\u00f1i visit\u00f3 ciudades y lugares por donde \u00e9l transit\u00f3.<\/p>\n\n\n\n<figure class=\"wp-block-image size-large is-resized\"><img src=\"https:\/\/cenal.gob.ve\/wp-content\/uploads\/2026\/04\/IMG_20260427_082858_211-1024x682.jpg\" alt=\"\" class=\"wp-image-27782\" width=\"377\" height=\"251\" srcset=\"https:\/\/cenal.gob.ve\/wp-content\/uploads\/2026\/04\/IMG_20260427_082858_211-1024x682.jpg 1024w, https:\/\/cenal.gob.ve\/wp-content\/uploads\/2026\/04\/IMG_20260427_082858_211-300x200.jpg 300w, https:\/\/cenal.gob.ve\/wp-content\/uploads\/2026\/04\/IMG_20260427_082858_211-768x512.jpg 768w, https:\/\/cenal.gob.ve\/wp-content\/uploads\/2026\/04\/IMG_20260427_082858_211-1536x1024.jpg 1536w, https:\/\/cenal.gob.ve\/wp-content\/uploads\/2026\/04\/IMG_20260427_082858_211-2048x1365.jpg 2048w, https:\/\/cenal.gob.ve\/wp-content\/uploads\/2026\/04\/IMG_20260427_082858_211-640x427.jpg 640w\" sizes=\"(max-width: 377px) 100vw, 377px\" \/><\/figure>\n\n\n\n<p>Este autor tambi\u00e9n ha publicado, entre otras obras, &#8220;Los sue\u00f1os de un Libertador&#8221;, que igualmente tiene como protagonista a Miranda, y &#8220;Todo llevar\u00e1 su nombre&#8221;, que narra el inicio de la lucha emancipadora y el final del Libertador Sim\u00f3n Bol\u00edvar.<\/p>\n\n\n\n<figure class=\"wp-block-image size-large is-resized\"><img src=\"https:\/\/cenal.gob.ve\/wp-content\/uploads\/2026\/04\/IMG_20260427_082800_582-1024x682.jpg\" alt=\"\" class=\"wp-image-27785\" width=\"378\" height=\"252\" srcset=\"https:\/\/cenal.gob.ve\/wp-content\/uploads\/2026\/04\/IMG_20260427_082800_582-1024x682.jpg 1024w, https:\/\/cenal.gob.ve\/wp-content\/uploads\/2026\/04\/IMG_20260427_082800_582-300x200.jpg 300w, https:\/\/cenal.gob.ve\/wp-content\/uploads\/2026\/04\/IMG_20260427_082800_582-768x512.jpg 768w, https:\/\/cenal.gob.ve\/wp-content\/uploads\/2026\/04\/IMG_20260427_082800_582-1536x1024.jpg 1536w, https:\/\/cenal.gob.ve\/wp-content\/uploads\/2026\/04\/IMG_20260427_082800_582-2048x1365.jpg 2048w, https:\/\/cenal.gob.ve\/wp-content\/uploads\/2026\/04\/IMG_20260427_082800_582-640x427.jpg 640w\" sizes=\"(max-width: 378px) 100vw, 378px\" \/><\/figure>\n\n\n\n<figure class=\"wp-block-image size-large\"><img width=\"1024\" height=\"682\" src=\"https:\/\/cenal.gob.ve\/wp-content\/uploads\/2026\/04\/IMG_20260427_082943_567-1-1024x682.jpg\" alt=\"\" class=\"wp-image-27787\" srcset=\"https:\/\/cenal.gob.ve\/wp-content\/uploads\/2026\/04\/IMG_20260427_082943_567-1-1024x682.jpg 1024w, https:\/\/cenal.gob.ve\/wp-content\/uploads\/2026\/04\/IMG_20260427_082943_567-1-300x200.jpg 300w, https:\/\/cenal.gob.ve\/wp-content\/uploads\/2026\/04\/IMG_20260427_082943_567-1-768x512.jpg 768w, https:\/\/cenal.gob.ve\/wp-content\/uploads\/2026\/04\/IMG_20260427_082943_567-1-1536x1024.jpg 1536w, https:\/\/cenal.gob.ve\/wp-content\/uploads\/2026\/04\/IMG_20260427_082943_567-1-2048x1365.jpg 2048w, https:\/\/cenal.gob.ve\/wp-content\/uploads\/2026\/04\/IMG_20260427_082943_567-1-640x427.jpg 640w\" sizes=\"(max-width: 1024px) 100vw, 1024px\" \/><\/figure>\n\n\n\n<figure class=\"wp-block-image size-large\"><img width=\"1024\" height=\"682\" src=\"https:\/\/cenal.gob.ve\/wp-content\/uploads\/2026\/04\/IMG_20260427_082829_516-1024x682.jpg\" alt=\"\" class=\"wp-image-27783\" srcset=\"https:\/\/cenal.gob.ve\/wp-content\/uploads\/2026\/04\/IMG_20260427_082829_516-1024x682.jpg 1024w, https:\/\/cenal.gob.ve\/wp-content\/uploads\/2026\/04\/IMG_20260427_082829_516-300x200.jpg 300w, https:\/\/cenal.gob.ve\/wp-content\/uploads\/2026\/04\/IMG_20260427_082829_516-768x512.jpg 768w, https:\/\/cenal.gob.ve\/wp-content\/uploads\/2026\/04\/IMG_20260427_082829_516-1536x1024.jpg 1536w, https:\/\/cenal.gob.ve\/wp-content\/uploads\/2026\/04\/IMG_20260427_082829_516-2048x1365.jpg 2048w, https:\/\/cenal.gob.ve\/wp-content\/uploads\/2026\/04\/IMG_20260427_082829_516-640x427.jpg 640w\" sizes=\"(max-width: 1024px) 100vw, 1024px\" \/><\/figure>\n\n\n\n<figure class=\"wp-block-image size-large\"><img width=\"1024\" height=\"682\" src=\"https:\/\/cenal.gob.ve\/wp-content\/uploads\/2026\/04\/IMG_20260427_083012_167-1024x682.jpg\" alt=\"\" class=\"wp-image-27788\" srcset=\"https:\/\/cenal.gob.ve\/wp-content\/uploads\/2026\/04\/IMG_20260427_083012_167-1024x682.jpg 1024w, https:\/\/cenal.gob.ve\/wp-content\/uploads\/2026\/04\/IMG_20260427_083012_167-300x200.jpg 300w, https:\/\/cenal.gob.ve\/wp-content\/uploads\/2026\/04\/IMG_20260427_083012_167-768x512.jpg 768w, https:\/\/cenal.gob.ve\/wp-content\/uploads\/2026\/04\/IMG_20260427_083012_167-1536x1024.jpg 1536w, https:\/\/cenal.gob.ve\/wp-content\/uploads\/2026\/04\/IMG_20260427_083012_167-2048x1365.jpg 2048w, https:\/\/cenal.gob.ve\/wp-content\/uploads\/2026\/04\/IMG_20260427_083012_167-640x427.jpg 640w\" sizes=\"(max-width: 1024px) 100vw, 1024px\" \/><\/figure>\n\n\n\n<figure class=\"wp-block-image size-large\"><img width=\"1024\" height=\"682\" src=\"https:\/\/cenal.gob.ve\/wp-content\/uploads\/2026\/04\/IMG_20260427_082847_936-1024x682.jpg\" alt=\"\" class=\"wp-image-27789\" srcset=\"https:\/\/cenal.gob.ve\/wp-content\/uploads\/2026\/04\/IMG_20260427_082847_936-1024x682.jpg 1024w, https:\/\/cenal.gob.ve\/wp-content\/uploads\/2026\/04\/IMG_20260427_082847_936-300x200.jpg 300w, https:\/\/cenal.gob.ve\/wp-content\/uploads\/2026\/04\/IMG_20260427_082847_936-768x512.jpg 768w, https:\/\/cenal.gob.ve\/wp-content\/uploads\/2026\/04\/IMG_20260427_082847_936-1536x1024.jpg 1536w, https:\/\/cenal.gob.ve\/wp-content\/uploads\/2026\/04\/IMG_20260427_082847_936-2048x1365.jpg 2048w, https:\/\/cenal.gob.ve\/wp-content\/uploads\/2026\/04\/IMG_20260427_082847_936-640x427.jpg 640w\" sizes=\"(max-width: 1024px) 100vw, 1024px\" \/><\/figure>\n\n\n\n<figure class=\"wp-block-image size-large\"><img width=\"1024\" height=\"682\" src=\"https:\/\/cenal.gob.ve\/wp-content\/uploads\/2026\/04\/IMG_20260427_083127_836-1024x682.jpg\" alt=\"\" class=\"wp-image-27781\" srcset=\"https:\/\/cenal.gob.ve\/wp-content\/uploads\/2026\/04\/IMG_20260427_083127_836-1024x682.jpg 1024w, https:\/\/cenal.gob.ve\/wp-content\/uploads\/2026\/04\/IMG_20260427_083127_836-300x200.jpg 300w, https:\/\/cenal.gob.ve\/wp-content\/uploads\/2026\/04\/IMG_20260427_083127_836-768x512.jpg 768w, https:\/\/cenal.gob.ve\/wp-content\/uploads\/2026\/04\/IMG_20260427_083127_836-1536x1024.jpg 1536w, https:\/\/cenal.gob.ve\/wp-content\/uploads\/2026\/04\/IMG_20260427_083127_836-2048x1365.jpg 2048w, https:\/\/cenal.gob.ve\/wp-content\/uploads\/2026\/04\/IMG_20260427_083127_836-640x427.jpg 640w\" sizes=\"(max-width: 1024px) 100vw, 1024px\" \/><\/figure>\n","protected":false},"excerpt":{"rendered":"<p>Francisco de Miranda es precursor de la gesta independendista en Am\u00e9rica Latina y entre los esfuerzos de autores por rescatar su pensamiento y haza\u00f1as, fascinados por la vida y obra [&hellip;]<\/p>\n","protected":false},"author":10,"featured_media":27776,"comment_status":"open","ping_status":"closed","sticky":false,"template":"","format":"standard","meta":{"spay_email":"","jetpack_publicize_message":"","jetpack_is_tweetstorm":false,"jetpack_publicize_feature_enabled":true},"categories":[2],"tags":[81,211,9,216],"yoast_head":"<!-- This site is optimized with the Yoast SEO plugin v19.8 - https:\/\/yoast.com\/wordpress\/plugins\/seo\/ -->\n<title>Ferm\u00edn Go\u00f1i narra la fascinante vida de Francisco de Miranda en una novela hist\u00f3rica<\/title>\n<meta name=\"robots\" content=\"index, follow, max-snippet:-1, max-image-preview:large, max-video-preview:-1\" \/>\n<link rel=\"canonical\" href=\"https:\/\/cenal.gob.ve\/?p=27775\" \/>\n<meta property=\"og:locale\" content=\"es_ES\" \/>\n<meta property=\"og:type\" content=\"article\" \/>\n<meta property=\"og:title\" content=\"Ferm\u00edn Go\u00f1i narra la fascinante vida de Francisco de Miranda en una novela hist\u00f3rica\" \/>\n<meta property=\"og:description\" content=\"Francisco de Miranda es precursor de la gesta independendista en Am\u00e9rica Latina y entre los esfuerzos de autores por rescatar su pensamiento y haza\u00f1as, fascinados por la vida y obra [&hellip;]\" \/>\n<meta property=\"og:url\" content=\"https:\/\/cenal.gob.ve\/?p=27775\" \/>\n<meta property=\"og:site_name\" content=\"Cenal\" \/>\n<meta property=\"article:published_time\" content=\"2026-04-27T13:30:42+00:00\" \/>\n<meta property=\"article:modified_time\" content=\"2026-04-27T15:05:46+00:00\" \/>\n<meta property=\"og:image\" content=\"http:\/\/cenal.gob.ve\/wp-content\/uploads\/2026\/04\/IMG_20260427_083039_608.jpg\" \/>\n\t<meta property=\"og:image:width\" content=\"2560\" \/>\n\t<meta property=\"og:image:height\" content=\"1706\" \/>\n\t<meta property=\"og:image:type\" content=\"image\/jpeg\" \/>\n<meta name=\"author\" content=\"Prensa Cenal\" \/>\n<meta name=\"twitter:card\" content=\"summary_large_image\" \/>\n<meta name=\"twitter:label1\" content=\"Written by\" \/>\n\t<meta name=\"twitter:data1\" content=\"Prensa Cenal\" \/>\n\t<meta name=\"twitter:label2\" content=\"Est. reading time\" \/>\n\t<meta name=\"twitter:data2\" content=\"6 minutos\" \/>\n<script type=\"application\/ld+json\" class=\"yoast-schema-graph\">{\"@context\":\"https:\/\/schema.org\",\"@graph\":[{\"@type\":\"Article\",\"@id\":\"https:\/\/cenal.gob.ve\/?p=27775#article\",\"isPartOf\":{\"@id\":\"https:\/\/cenal.gob.ve\/?p=27775\"},\"author\":{\"name\":\"Prensa Cenal\",\"@id\":\"https:\/\/cenal.gob.ve\/#\/schema\/person\/e3ed34623f400ffab8bc7a63b2f5533f\"},\"headline\":\"Ferm\u00edn Go\u00f1i narra la fascinante vida de Francisco de Miranda en una novela hist\u00f3rica\",\"datePublished\":\"2026-04-27T13:30:42+00:00\",\"dateModified\":\"2026-04-27T15:05:46+00:00\",\"mainEntityOfPage\":{\"@id\":\"https:\/\/cenal.gob.ve\/?p=27775\"},\"wordCount\":648,\"commentCount\":0,\"publisher\":{\"@id\":\"https:\/\/cenal.gob.ve\/#organization\"},\"keywords\":[\"Libros\",\"Literatura\",\"Noticias\",\"Novelas\"],\"articleSection\":[\"Cenal\"],\"inLanguage\":\"es\",\"potentialAction\":[{\"@type\":\"CommentAction\",\"name\":\"Comment\",\"target\":[\"https:\/\/cenal.gob.ve\/?p=27775#respond\"]}]},{\"@type\":\"WebPage\",\"@id\":\"https:\/\/cenal.gob.ve\/?p=27775\",\"url\":\"https:\/\/cenal.gob.ve\/?p=27775\",\"name\":\"Ferm\u00edn Go\u00f1i narra la fascinante vida de Francisco de Miranda en una novela hist\u00f3rica\",\"isPartOf\":{\"@id\":\"https:\/\/cenal.gob.ve\/#website\"},\"datePublished\":\"2026-04-27T13:30:42+00:00\",\"dateModified\":\"2026-04-27T15:05:46+00:00\",\"breadcrumb\":{\"@id\":\"https:\/\/cenal.gob.ve\/?p=27775#breadcrumb\"},\"inLanguage\":\"es\",\"potentialAction\":[{\"@type\":\"ReadAction\",\"target\":[\"https:\/\/cenal.gob.ve\/?p=27775\"]}]},{\"@type\":\"BreadcrumbList\",\"@id\":\"https:\/\/cenal.gob.ve\/?p=27775#breadcrumb\",\"itemListElement\":[{\"@type\":\"ListItem\",\"position\":1,\"name\":\"Home\",\"item\":\"https:\/\/cenal.gob.ve\/\"},{\"@type\":\"ListItem\",\"position\":2,\"name\":\"Ferm\u00edn Go\u00f1i narra la fascinante vida de Francisco de Miranda en una novela hist\u00f3rica\"}]},{\"@type\":\"WebSite\",\"@id\":\"https:\/\/cenal.gob.ve\/#website\",\"url\":\"https:\/\/cenal.gob.ve\/\",\"name\":\"Cenal\",\"description\":\"\",\"publisher\":{\"@id\":\"https:\/\/cenal.gob.ve\/#organization\"},\"potentialAction\":[{\"@type\":\"SearchAction\",\"target\":{\"@type\":\"EntryPoint\",\"urlTemplate\":\"https:\/\/cenal.gob.ve\/?s={search_term_string}\"},\"query-input\":\"required name=search_term_string\"}],\"inLanguage\":\"es\"},{\"@type\":\"Organization\",\"@id\":\"https:\/\/cenal.gob.ve\/#organization\",\"name\":\"CENAL\",\"url\":\"https:\/\/cenal.gob.ve\/\",\"sameAs\":[],\"logo\":{\"@type\":\"ImageObject\",\"inLanguage\":\"es\",\"@id\":\"https:\/\/cenal.gob.ve\/#\/schema\/logo\/image\/\",\"url\":\"https:\/\/i0.wp.com\/cenal.gob.ve\/wp-content\/uploads\/2022\/10\/cropped-images.jpg?fit=512%2C512\",\"contentUrl\":\"https:\/\/i0.wp.com\/cenal.gob.ve\/wp-content\/uploads\/2022\/10\/cropped-images.jpg?fit=512%2C512\",\"width\":512,\"height\":512,\"caption\":\"CENAL\"},\"image\":{\"@id\":\"https:\/\/cenal.gob.ve\/#\/schema\/logo\/image\/\"}},{\"@type\":\"Person\",\"@id\":\"https:\/\/cenal.gob.ve\/#\/schema\/person\/e3ed34623f400ffab8bc7a63b2f5533f\",\"name\":\"Prensa Cenal\",\"image\":{\"@type\":\"ImageObject\",\"inLanguage\":\"es\",\"@id\":\"https:\/\/cenal.gob.ve\/#\/schema\/person\/image\/\",\"url\":\"https:\/\/secure.gravatar.com\/avatar\/594b4ed34090910c619ac3679001d491?s=96&d=mm&r=g\",\"contentUrl\":\"https:\/\/secure.gravatar.com\/avatar\/594b4ed34090910c619ac3679001d491?s=96&d=mm&r=g\",\"caption\":\"Prensa Cenal\"},\"url\":\"https:\/\/cenal.gob.ve\/?author=10\"}]}<\/script>\n<!-- \/ Yoast SEO plugin. -->","yoast_head_json":{"title":"Ferm\u00edn Go\u00f1i narra la fascinante vida de Francisco de Miranda en una novela hist\u00f3rica","robots":{"index":"index","follow":"follow","max-snippet":"max-snippet:-1","max-image-preview":"max-image-preview:large","max-video-preview":"max-video-preview:-1"},"canonical":"https:\/\/cenal.gob.ve\/?p=27775","og_locale":"es_ES","og_type":"article","og_title":"Ferm\u00edn Go\u00f1i narra la fascinante vida de Francisco de Miranda en una novela hist\u00f3rica","og_description":"Francisco de Miranda es precursor de la gesta independendista en Am\u00e9rica Latina y entre los esfuerzos de autores por rescatar su pensamiento y haza\u00f1as, fascinados por la vida y obra [&hellip;]","og_url":"https:\/\/cenal.gob.ve\/?p=27775","og_site_name":"Cenal","article_published_time":"2026-04-27T13:30:42+00:00","article_modified_time":"2026-04-27T15:05:46+00:00","og_image":[{"width":2560,"height":1706,"url":"http:\/\/cenal.gob.ve\/wp-content\/uploads\/2026\/04\/IMG_20260427_083039_608.jpg","type":"image\/jpeg"}],"author":"Prensa Cenal","twitter_card":"summary_large_image","twitter_misc":{"Written by":"Prensa Cenal","Est. reading time":"6 minutos"},"schema":{"@context":"https:\/\/schema.org","@graph":[{"@type":"Article","@id":"https:\/\/cenal.gob.ve\/?p=27775#article","isPartOf":{"@id":"https:\/\/cenal.gob.ve\/?p=27775"},"author":{"name":"Prensa Cenal","@id":"https:\/\/cenal.gob.ve\/#\/schema\/person\/e3ed34623f400ffab8bc7a63b2f5533f"},"headline":"Ferm\u00edn Go\u00f1i narra la fascinante vida de Francisco de Miranda en una novela hist\u00f3rica","datePublished":"2026-04-27T13:30:42+00:00","dateModified":"2026-04-27T15:05:46+00:00","mainEntityOfPage":{"@id":"https:\/\/cenal.gob.ve\/?p=27775"},"wordCount":648,"commentCount":0,"publisher":{"@id":"https:\/\/cenal.gob.ve\/#organization"},"keywords":["Libros","Literatura","Noticias","Novelas"],"articleSection":["Cenal"],"inLanguage":"es","potentialAction":[{"@type":"CommentAction","name":"Comment","target":["https:\/\/cenal.gob.ve\/?p=27775#respond"]}]},{"@type":"WebPage","@id":"https:\/\/cenal.gob.ve\/?p=27775","url":"https:\/\/cenal.gob.ve\/?p=27775","name":"Ferm\u00edn Go\u00f1i narra la fascinante vida de Francisco de Miranda en una novela hist\u00f3rica","isPartOf":{"@id":"https:\/\/cenal.gob.ve\/#website"},"datePublished":"2026-04-27T13:30:42+00:00","dateModified":"2026-04-27T15:05:46+00:00","breadcrumb":{"@id":"https:\/\/cenal.gob.ve\/?p=27775#breadcrumb"},"inLanguage":"es","potentialAction":[{"@type":"ReadAction","target":["https:\/\/cenal.gob.ve\/?p=27775"]}]},{"@type":"BreadcrumbList","@id":"https:\/\/cenal.gob.ve\/?p=27775#breadcrumb","itemListElement":[{"@type":"ListItem","position":1,"name":"Home","item":"https:\/\/cenal.gob.ve\/"},{"@type":"ListItem","position":2,"name":"Ferm\u00edn Go\u00f1i narra la fascinante vida de Francisco de Miranda en una novela hist\u00f3rica"}]},{"@type":"WebSite","@id":"https:\/\/cenal.gob.ve\/#website","url":"https:\/\/cenal.gob.ve\/","name":"Cenal","description":"","publisher":{"@id":"https:\/\/cenal.gob.ve\/#organization"},"potentialAction":[{"@type":"SearchAction","target":{"@type":"EntryPoint","urlTemplate":"https:\/\/cenal.gob.ve\/?s={search_term_string}"},"query-input":"required name=search_term_string"}],"inLanguage":"es"},{"@type":"Organization","@id":"https:\/\/cenal.gob.ve\/#organization","name":"CENAL","url":"https:\/\/cenal.gob.ve\/","sameAs":[],"logo":{"@type":"ImageObject","inLanguage":"es","@id":"https:\/\/cenal.gob.ve\/#\/schema\/logo\/image\/","url":"https:\/\/i0.wp.com\/cenal.gob.ve\/wp-content\/uploads\/2022\/10\/cropped-images.jpg?fit=512%2C512","contentUrl":"https:\/\/i0.wp.com\/cenal.gob.ve\/wp-content\/uploads\/2022\/10\/cropped-images.jpg?fit=512%2C512","width":512,"height":512,"caption":"CENAL"},"image":{"@id":"https:\/\/cenal.gob.ve\/#\/schema\/logo\/image\/"}},{"@type":"Person","@id":"https:\/\/cenal.gob.ve\/#\/schema\/person\/e3ed34623f400ffab8bc7a63b2f5533f","name":"Prensa Cenal","image":{"@type":"ImageObject","inLanguage":"es","@id":"https:\/\/cenal.gob.ve\/#\/schema\/person\/image\/","url":"https:\/\/secure.gravatar.com\/avatar\/594b4ed34090910c619ac3679001d491?s=96&d=mm&r=g","contentUrl":"https:\/\/secure.gravatar.com\/avatar\/594b4ed34090910c619ac3679001d491?s=96&d=mm&r=g","caption":"Prensa Cenal"},"url":"https:\/\/cenal.gob.ve\/?author=10"}]}},"jetpack_featured_media_url":"https:\/\/cenal.gob.ve\/wp-content\/uploads\/2026\/04\/IMG_20260427_083039_608.jpg","jetpack_publicize_connections":[],"jetpack_shortlink":"https:\/\/wp.me\/p5FMhp-7dZ","_links":{"self":[{"href":"https:\/\/cenal.gob.ve\/index.php?rest_route=\/wp\/v2\/posts\/27775"}],"collection":[{"href":"https:\/\/cenal.gob.ve\/index.php?rest_route=\/wp\/v2\/posts"}],"about":[{"href":"https:\/\/cenal.gob.ve\/index.php?rest_route=\/wp\/v2\/types\/post"}],"author":[{"embeddable":true,"href":"https:\/\/cenal.gob.ve\/index.php?rest_route=\/wp\/v2\/users\/10"}],"replies":[{"embeddable":true,"href":"https:\/\/cenal.gob.ve\/index.php?rest_route=%2Fwp%2Fv2%2Fcomments&post=27775"}],"version-history":[{"count":4,"href":"https:\/\/cenal.gob.ve\/index.php?rest_route=\/wp\/v2\/posts\/27775\/revisions"}],"predecessor-version":[{"id":27794,"href":"https:\/\/cenal.gob.ve\/index.php?rest_route=\/wp\/v2\/posts\/27775\/revisions\/27794"}],"wp:featuredmedia":[{"embeddable":true,"href":"https:\/\/cenal.gob.ve\/index.php?rest_route=\/wp\/v2\/media\/27776"}],"wp:attachment":[{"href":"https:\/\/cenal.gob.ve\/index.php?rest_route=%2Fwp%2Fv2%2Fmedia&parent=27775"}],"wp:term":[{"taxonomy":"category","embeddable":true,"href":"https:\/\/cenal.gob.ve\/index.php?rest_route=%2Fwp%2Fv2%2Fcategories&post=27775"},{"taxonomy":"post_tag","embeddable":true,"href":"https:\/\/cenal.gob.ve\/index.php?rest_route=%2Fwp%2Fv2%2Ftags&post=27775"}],"curies":[{"name":"wp","href":"https:\/\/api.w.org\/{rel}","templated":true}]}}