{"id":27795,"date":"2026-04-27T19:30:10","date_gmt":"2026-04-27T23:30:10","guid":{"rendered":"https:\/\/cenal.gob.ve\/?p=27795"},"modified":"2026-04-27T19:30:16","modified_gmt":"2026-04-27T23:30:16","slug":"papeles-errantes-de-benito-yrady-muestran-lado-humano-y-familiar-de-romulo-gallegos-en-la-38-a-filbo","status":"publish","type":"post","link":"https:\/\/cenal.gob.ve\/?p=27795","title":{"rendered":"Papeles errantes de Benito Yrady muestran lado humano y familiar de R\u00f3mulo Gallegos en la 38.\u00aa FILBo"},"content":{"rendered":"\n<p>Como un libro imprescindible para conocer desde una perspectiva cercana y familiar a R\u00f3mulo Gallegos, unos de los intelectuales y pol\u00edticos m\u00e1s importantes de la Venezuela moderna, se present\u00f3 en la 38.\u00aa Feria Internacional del Libro de Bogot\u00e1 (FILBo) &#8220;Mis papeles errantes. Entre R\u00f3mulo Gallegos y aquella generaci\u00f3n del 28&#8221;, de Benito Yrady.<\/p>\n\n\n\n<p>Se trata de un libro de entrevistas hechas por Yrady a personalidades de la cultura y la pol\u00edtica venezolana en diferentes tiempos alrededor del c\u00e9lebre autor de Do\u00f1a B\u00e1rbara, entre ellas Noel\u00ed Pocaterra, quien por ejemplo ha destacado la profunda sensibilidad de Gallegos al compartir y convivir con la etnia Wayuu.<\/p>\n\n\n\n<p>As\u00ed mismo, hay testimonios de Luis Beltr\u00e1n Prieto Figueroa, Gustavo Machado, Isaac Pardo, Oswaldo Lares, Juan Lizcano, Horacio Cabrera Sif\u00f3n, Luis Manuel Pe\u00f1alver, familiares del escritor y otros.<\/p>\n\n\n\n<figure class=\"wp-block-image size-large\"><img width=\"1024\" height=\"682\" src=\"https:\/\/cenal.gob.ve\/wp-content\/uploads\/2026\/04\/IMG_20260427_191920_299-1024x682.jpg\" alt=\"\" class=\"wp-image-27797\" srcset=\"https:\/\/cenal.gob.ve\/wp-content\/uploads\/2026\/04\/IMG_20260427_191920_299-1024x682.jpg 1024w, https:\/\/cenal.gob.ve\/wp-content\/uploads\/2026\/04\/IMG_20260427_191920_299-300x200.jpg 300w, https:\/\/cenal.gob.ve\/wp-content\/uploads\/2026\/04\/IMG_20260427_191920_299-768x512.jpg 768w, https:\/\/cenal.gob.ve\/wp-content\/uploads\/2026\/04\/IMG_20260427_191920_299-1536x1024.jpg 1536w, https:\/\/cenal.gob.ve\/wp-content\/uploads\/2026\/04\/IMG_20260427_191920_299-2048x1365.jpg 2048w, https:\/\/cenal.gob.ve\/wp-content\/uploads\/2026\/04\/IMG_20260427_191920_299-640x427.jpg 640w\" sizes=\"(max-width: 1024px) 100vw, 1024px\" \/><\/figure>\n\n\n\n<p>&#8220;Este libro est\u00e1 mezclado con la pol\u00edtica, la cultura, pero esencialmente con el significado del afecto, del amor y del respeto que merec\u00eda ese gran maestro venezolano&#8221;, coment\u00f3 Yrady sobre el autor universalmente reconocido por su novel\u00edstica.<\/p>\n\n\n\n<p>Durante la presentaci\u00f3n, que cont\u00f3 con la presencia del ministro del Poder Popular para la Cultura de Venezuela, Ra\u00fal Cazal, el escritor Benito Yrady narr\u00f3 peque\u00f1os detalles de la relaci\u00f3n familiar y v\u00ednculos de amistad de Gallegos que se ampl\u00edan en su libro, el cual, dijo, &#8220;est\u00e1 lleno de una cantidad de testimonios de alto valor afectivo y sentimental que nos dibujan a un R\u00f3mulo Gallegos verdaderamente desconocido para la mayor\u00eda de los venezolanos&#8221;.<\/p>\n\n\n\n<figure class=\"wp-block-image size-large\"><img width=\"1024\" height=\"682\" src=\"https:\/\/cenal.gob.ve\/wp-content\/uploads\/2026\/04\/IMG_20260427_191914_672-1024x682.jpg\" alt=\"\" class=\"wp-image-27798\" srcset=\"https:\/\/cenal.gob.ve\/wp-content\/uploads\/2026\/04\/IMG_20260427_191914_672-1024x682.jpg 1024w, https:\/\/cenal.gob.ve\/wp-content\/uploads\/2026\/04\/IMG_20260427_191914_672-300x200.jpg 300w, https:\/\/cenal.gob.ve\/wp-content\/uploads\/2026\/04\/IMG_20260427_191914_672-768x512.jpg 768w, https:\/\/cenal.gob.ve\/wp-content\/uploads\/2026\/04\/IMG_20260427_191914_672-1536x1024.jpg 1536w, https:\/\/cenal.gob.ve\/wp-content\/uploads\/2026\/04\/IMG_20260427_191914_672-2048x1365.jpg 2048w, https:\/\/cenal.gob.ve\/wp-content\/uploads\/2026\/04\/IMG_20260427_191914_672-640x427.jpg 640w\" sizes=\"(max-width: 1024px) 100vw, 1024px\" \/><\/figure>\n\n\n\n<p>Uno de los pasajes m\u00e1s anecd\u00f3ticos del libro es el referido a Manuel Vicente Santana, a quien Yrady entrevist\u00f3 en la poblaci\u00f3n de Elorza, y quien conoc\u00eda la vida de Pancha V\u00e1squez, la mujer de quien Andr\u00e9s Eloy Blanco le habl\u00f3 a R\u00f3mulo Gallegos y que ser\u00eda inspiraci\u00f3n para Do\u00f1a B\u00e1rbara.<\/p>\n\n\n\n<p>Benito Yrady (La Mesa de Guanipa, 1951) es narrador, periodista, investigador, documentalista. Ha ejercido la gerencia cultural durante gran parte de su vida y se ha destacado en el estudio de las tradiciones populares.<\/p>\n\n\n\n<p>El Ministerio del Poder Popular para la Cultura de Venezuela est\u00e1 presente en la FILBo con m\u00e1s de 200 novedades editoriales producidas en el pa\u00eds, entre estas t\u00edtulos publicados por sus editoriales El perro y la rana, Monte \u00c1vila Editores Latinoamericana y Biblioteca Ayacucho.<\/p>\n\n\n\n<figure class=\"wp-block-image size-large\"><img width=\"1024\" height=\"682\" src=\"https:\/\/cenal.gob.ve\/wp-content\/uploads\/2026\/04\/IMG_20260427_191935_038-1024x682.jpg\" alt=\"\" class=\"wp-image-27799\" srcset=\"https:\/\/cenal.gob.ve\/wp-content\/uploads\/2026\/04\/IMG_20260427_191935_038-1024x682.jpg 1024w, https:\/\/cenal.gob.ve\/wp-content\/uploads\/2026\/04\/IMG_20260427_191935_038-300x200.jpg 300w, https:\/\/cenal.gob.ve\/wp-content\/uploads\/2026\/04\/IMG_20260427_191935_038-768x512.jpg 768w, https:\/\/cenal.gob.ve\/wp-content\/uploads\/2026\/04\/IMG_20260427_191935_038-1536x1024.jpg 1536w, https:\/\/cenal.gob.ve\/wp-content\/uploads\/2026\/04\/IMG_20260427_191935_038-2048x1365.jpg 2048w, https:\/\/cenal.gob.ve\/wp-content\/uploads\/2026\/04\/IMG_20260427_191935_038-640x427.jpg 640w\" sizes=\"(max-width: 1024px) 100vw, 1024px\" \/><\/figure>\n","protected":false},"excerpt":{"rendered":"<p>Como un libro imprescindible para conocer desde una perspectiva cercana y familiar a R\u00f3mulo Gallegos, unos de los intelectuales y pol\u00edticos m\u00e1s importantes de la Venezuela moderna, se present\u00f3 en [&hellip;]<\/p>\n","protected":false},"author":10,"featured_media":27796,"comment_status":"open","ping_status":"closed","sticky":false,"template":"","format":"standard","meta":{"spay_email":"","jetpack_publicize_message":"","jetpack_is_tweetstorm":false,"jetpack_publicize_feature_enabled":true},"categories":[2],"tags":[81,211,212,9],"yoast_head":"<!-- This site is optimized with the Yoast SEO plugin v19.8 - https:\/\/yoast.com\/wordpress\/plugins\/seo\/ -->\n<title>Papeles errantes de Benito Yrady muestran lado humano y familiar de R\u00f3mulo Gallegos en la 38.\u00aa FILBo<\/title>\n<meta name=\"robots\" content=\"index, follow, max-snippet:-1, max-image-preview:large, max-video-preview:-1\" \/>\n<link rel=\"canonical\" href=\"https:\/\/cenal.gob.ve\/?p=27795\" \/>\n<meta property=\"og:locale\" content=\"es_ES\" \/>\n<meta property=\"og:type\" content=\"article\" \/>\n<meta property=\"og:title\" content=\"Papeles errantes de Benito Yrady muestran lado humano y familiar de R\u00f3mulo Gallegos en la 38.\u00aa FILBo\" \/>\n<meta property=\"og:description\" content=\"Como un libro imprescindible para conocer desde una perspectiva cercana y familiar a R\u00f3mulo Gallegos, unos de los intelectuales y pol\u00edticos m\u00e1s importantes de la Venezuela moderna, se present\u00f3 en [&hellip;]\" \/>\n<meta property=\"og:url\" content=\"https:\/\/cenal.gob.ve\/?p=27795\" \/>\n<meta property=\"og:site_name\" content=\"Cenal\" \/>\n<meta property=\"article:published_time\" content=\"2026-04-27T23:30:10+00:00\" \/>\n<meta property=\"article:modified_time\" content=\"2026-04-27T23:30:16+00:00\" \/>\n<meta property=\"og:image\" content=\"http:\/\/cenal.gob.ve\/wp-content\/uploads\/2026\/04\/IMG_20260427_191850_744.jpg\" \/>\n\t<meta property=\"og:image:width\" content=\"2560\" \/>\n\t<meta property=\"og:image:height\" content=\"1706\" \/>\n\t<meta property=\"og:image:type\" content=\"image\/jpeg\" \/>\n<meta name=\"author\" content=\"Prensa Cenal\" \/>\n<meta name=\"twitter:card\" content=\"summary_large_image\" \/>\n<meta name=\"twitter:label1\" content=\"Written by\" \/>\n\t<meta name=\"twitter:data1\" content=\"Prensa Cenal\" \/>\n\t<meta name=\"twitter:label2\" content=\"Est. reading time\" \/>\n\t<meta name=\"twitter:data2\" content=\"3 minutos\" \/>\n<script type=\"application\/ld+json\" class=\"yoast-schema-graph\">{\"@context\":\"https:\/\/schema.org\",\"@graph\":[{\"@type\":\"Article\",\"@id\":\"https:\/\/cenal.gob.ve\/?p=27795#article\",\"isPartOf\":{\"@id\":\"https:\/\/cenal.gob.ve\/?p=27795\"},\"author\":{\"name\":\"Prensa Cenal\",\"@id\":\"https:\/\/cenal.gob.ve\/#\/schema\/person\/e3ed34623f400ffab8bc7a63b2f5533f\"},\"headline\":\"Papeles errantes de Benito Yrady muestran lado humano y familiar de R\u00f3mulo Gallegos en la 38.\u00aa FILBo\",\"datePublished\":\"2026-04-27T23:30:10+00:00\",\"dateModified\":\"2026-04-27T23:30:16+00:00\",\"mainEntityOfPage\":{\"@id\":\"https:\/\/cenal.gob.ve\/?p=27795\"},\"wordCount\":422,\"commentCount\":0,\"publisher\":{\"@id\":\"https:\/\/cenal.gob.ve\/#organization\"},\"keywords\":[\"Libros\",\"Literatura\",\"Literatura venezolana\",\"Noticias\"],\"articleSection\":[\"Cenal\"],\"inLanguage\":\"es\",\"potentialAction\":[{\"@type\":\"CommentAction\",\"name\":\"Comment\",\"target\":[\"https:\/\/cenal.gob.ve\/?p=27795#respond\"]}]},{\"@type\":\"WebPage\",\"@id\":\"https:\/\/cenal.gob.ve\/?p=27795\",\"url\":\"https:\/\/cenal.gob.ve\/?p=27795\",\"name\":\"Papeles errantes de Benito Yrady muestran lado humano y familiar de R\u00f3mulo Gallegos en la 38.\u00aa FILBo\",\"isPartOf\":{\"@id\":\"https:\/\/cenal.gob.ve\/#website\"},\"datePublished\":\"2026-04-27T23:30:10+00:00\",\"dateModified\":\"2026-04-27T23:30:16+00:00\",\"breadcrumb\":{\"@id\":\"https:\/\/cenal.gob.ve\/?p=27795#breadcrumb\"},\"inLanguage\":\"es\",\"potentialAction\":[{\"@type\":\"ReadAction\",\"target\":[\"https:\/\/cenal.gob.ve\/?p=27795\"]}]},{\"@type\":\"BreadcrumbList\",\"@id\":\"https:\/\/cenal.gob.ve\/?p=27795#breadcrumb\",\"itemListElement\":[{\"@type\":\"ListItem\",\"position\":1,\"name\":\"Home\",\"item\":\"https:\/\/cenal.gob.ve\/\"},{\"@type\":\"ListItem\",\"position\":2,\"name\":\"Papeles errantes de Benito Yrady muestran lado humano y familiar de R\u00f3mulo Gallegos en la 38.\u00aa FILBo\"}]},{\"@type\":\"WebSite\",\"@id\":\"https:\/\/cenal.gob.ve\/#website\",\"url\":\"https:\/\/cenal.gob.ve\/\",\"name\":\"Cenal\",\"description\":\"\",\"publisher\":{\"@id\":\"https:\/\/cenal.gob.ve\/#organization\"},\"potentialAction\":[{\"@type\":\"SearchAction\",\"target\":{\"@type\":\"EntryPoint\",\"urlTemplate\":\"https:\/\/cenal.gob.ve\/?s={search_term_string}\"},\"query-input\":\"required name=search_term_string\"}],\"inLanguage\":\"es\"},{\"@type\":\"Organization\",\"@id\":\"https:\/\/cenal.gob.ve\/#organization\",\"name\":\"CENAL\",\"url\":\"https:\/\/cenal.gob.ve\/\",\"sameAs\":[],\"logo\":{\"@type\":\"ImageObject\",\"inLanguage\":\"es\",\"@id\":\"https:\/\/cenal.gob.ve\/#\/schema\/logo\/image\/\",\"url\":\"https:\/\/i0.wp.com\/cenal.gob.ve\/wp-content\/uploads\/2022\/10\/cropped-images.jpg?fit=512%2C512\",\"contentUrl\":\"https:\/\/i0.wp.com\/cenal.gob.ve\/wp-content\/uploads\/2022\/10\/cropped-images.jpg?fit=512%2C512\",\"width\":512,\"height\":512,\"caption\":\"CENAL\"},\"image\":{\"@id\":\"https:\/\/cenal.gob.ve\/#\/schema\/logo\/image\/\"}},{\"@type\":\"Person\",\"@id\":\"https:\/\/cenal.gob.ve\/#\/schema\/person\/e3ed34623f400ffab8bc7a63b2f5533f\",\"name\":\"Prensa Cenal\",\"image\":{\"@type\":\"ImageObject\",\"inLanguage\":\"es\",\"@id\":\"https:\/\/cenal.gob.ve\/#\/schema\/person\/image\/\",\"url\":\"https:\/\/secure.gravatar.com\/avatar\/594b4ed34090910c619ac3679001d491?s=96&d=mm&r=g\",\"contentUrl\":\"https:\/\/secure.gravatar.com\/avatar\/594b4ed34090910c619ac3679001d491?s=96&d=mm&r=g\",\"caption\":\"Prensa Cenal\"},\"url\":\"https:\/\/cenal.gob.ve\/?author=10\"}]}<\/script>\n<!-- \/ Yoast SEO plugin. -->","yoast_head_json":{"title":"Papeles errantes de Benito Yrady muestran lado humano y familiar de R\u00f3mulo Gallegos en la 38.\u00aa FILBo","robots":{"index":"index","follow":"follow","max-snippet":"max-snippet:-1","max-image-preview":"max-image-preview:large","max-video-preview":"max-video-preview:-1"},"canonical":"https:\/\/cenal.gob.ve\/?p=27795","og_locale":"es_ES","og_type":"article","og_title":"Papeles errantes de Benito Yrady muestran lado humano y familiar de R\u00f3mulo Gallegos en la 38.\u00aa FILBo","og_description":"Como un libro imprescindible para conocer desde una perspectiva cercana y familiar a R\u00f3mulo Gallegos, unos de los intelectuales y pol\u00edticos m\u00e1s importantes de la Venezuela moderna, se present\u00f3 en [&hellip;]","og_url":"https:\/\/cenal.gob.ve\/?p=27795","og_site_name":"Cenal","article_published_time":"2026-04-27T23:30:10+00:00","article_modified_time":"2026-04-27T23:30:16+00:00","og_image":[{"width":2560,"height":1706,"url":"http:\/\/cenal.gob.ve\/wp-content\/uploads\/2026\/04\/IMG_20260427_191850_744.jpg","type":"image\/jpeg"}],"author":"Prensa Cenal","twitter_card":"summary_large_image","twitter_misc":{"Written by":"Prensa Cenal","Est. reading time":"3 minutos"},"schema":{"@context":"https:\/\/schema.org","@graph":[{"@type":"Article","@id":"https:\/\/cenal.gob.ve\/?p=27795#article","isPartOf":{"@id":"https:\/\/cenal.gob.ve\/?p=27795"},"author":{"name":"Prensa Cenal","@id":"https:\/\/cenal.gob.ve\/#\/schema\/person\/e3ed34623f400ffab8bc7a63b2f5533f"},"headline":"Papeles errantes de Benito Yrady muestran lado humano y familiar de R\u00f3mulo Gallegos en la 38.\u00aa FILBo","datePublished":"2026-04-27T23:30:10+00:00","dateModified":"2026-04-27T23:30:16+00:00","mainEntityOfPage":{"@id":"https:\/\/cenal.gob.ve\/?p=27795"},"wordCount":422,"commentCount":0,"publisher":{"@id":"https:\/\/cenal.gob.ve\/#organization"},"keywords":["Libros","Literatura","Literatura venezolana","Noticias"],"articleSection":["Cenal"],"inLanguage":"es","potentialAction":[{"@type":"CommentAction","name":"Comment","target":["https:\/\/cenal.gob.ve\/?p=27795#respond"]}]},{"@type":"WebPage","@id":"https:\/\/cenal.gob.ve\/?p=27795","url":"https:\/\/cenal.gob.ve\/?p=27795","name":"Papeles errantes de Benito Yrady muestran lado humano y familiar de R\u00f3mulo Gallegos en la 38.\u00aa FILBo","isPartOf":{"@id":"https:\/\/cenal.gob.ve\/#website"},"datePublished":"2026-04-27T23:30:10+00:00","dateModified":"2026-04-27T23:30:16+00:00","breadcrumb":{"@id":"https:\/\/cenal.gob.ve\/?p=27795#breadcrumb"},"inLanguage":"es","potentialAction":[{"@type":"ReadAction","target":["https:\/\/cenal.gob.ve\/?p=27795"]}]},{"@type":"BreadcrumbList","@id":"https:\/\/cenal.gob.ve\/?p=27795#breadcrumb","itemListElement":[{"@type":"ListItem","position":1,"name":"Home","item":"https:\/\/cenal.gob.ve\/"},{"@type":"ListItem","position":2,"name":"Papeles errantes de Benito Yrady muestran lado humano y familiar de R\u00f3mulo Gallegos en la 38.\u00aa FILBo"}]},{"@type":"WebSite","@id":"https:\/\/cenal.gob.ve\/#website","url":"https:\/\/cenal.gob.ve\/","name":"Cenal","description":"","publisher":{"@id":"https:\/\/cenal.gob.ve\/#organization"},"potentialAction":[{"@type":"SearchAction","target":{"@type":"EntryPoint","urlTemplate":"https:\/\/cenal.gob.ve\/?s={search_term_string}"},"query-input":"required name=search_term_string"}],"inLanguage":"es"},{"@type":"Organization","@id":"https:\/\/cenal.gob.ve\/#organization","name":"CENAL","url":"https:\/\/cenal.gob.ve\/","sameAs":[],"logo":{"@type":"ImageObject","inLanguage":"es","@id":"https:\/\/cenal.gob.ve\/#\/schema\/logo\/image\/","url":"https:\/\/i0.wp.com\/cenal.gob.ve\/wp-content\/uploads\/2022\/10\/cropped-images.jpg?fit=512%2C512","contentUrl":"https:\/\/i0.wp.com\/cenal.gob.ve\/wp-content\/uploads\/2022\/10\/cropped-images.jpg?fit=512%2C512","width":512,"height":512,"caption":"CENAL"},"image":{"@id":"https:\/\/cenal.gob.ve\/#\/schema\/logo\/image\/"}},{"@type":"Person","@id":"https:\/\/cenal.gob.ve\/#\/schema\/person\/e3ed34623f400ffab8bc7a63b2f5533f","name":"Prensa Cenal","image":{"@type":"ImageObject","inLanguage":"es","@id":"https:\/\/cenal.gob.ve\/#\/schema\/person\/image\/","url":"https:\/\/secure.gravatar.com\/avatar\/594b4ed34090910c619ac3679001d491?s=96&d=mm&r=g","contentUrl":"https:\/\/secure.gravatar.com\/avatar\/594b4ed34090910c619ac3679001d491?s=96&d=mm&r=g","caption":"Prensa Cenal"},"url":"https:\/\/cenal.gob.ve\/?author=10"}]}},"jetpack_featured_media_url":"https:\/\/cenal.gob.ve\/wp-content\/uploads\/2026\/04\/IMG_20260427_191850_744.jpg","jetpack_publicize_connections":[],"jetpack_shortlink":"https:\/\/wp.me\/p5FMhp-7ej","_links":{"self":[{"href":"https:\/\/cenal.gob.ve\/index.php?rest_route=\/wp\/v2\/posts\/27795"}],"collection":[{"href":"https:\/\/cenal.gob.ve\/index.php?rest_route=\/wp\/v2\/posts"}],"about":[{"href":"https:\/\/cenal.gob.ve\/index.php?rest_route=\/wp\/v2\/types\/post"}],"author":[{"embeddable":true,"href":"https:\/\/cenal.gob.ve\/index.php?rest_route=\/wp\/v2\/users\/10"}],"replies":[{"embeddable":true,"href":"https:\/\/cenal.gob.ve\/index.php?rest_route=%2Fwp%2Fv2%2Fcomments&post=27795"}],"version-history":[{"count":1,"href":"https:\/\/cenal.gob.ve\/index.php?rest_route=\/wp\/v2\/posts\/27795\/revisions"}],"predecessor-version":[{"id":27800,"href":"https:\/\/cenal.gob.ve\/index.php?rest_route=\/wp\/v2\/posts\/27795\/revisions\/27800"}],"wp:featuredmedia":[{"embeddable":true,"href":"https:\/\/cenal.gob.ve\/index.php?rest_route=\/wp\/v2\/media\/27796"}],"wp:attachment":[{"href":"https:\/\/cenal.gob.ve\/index.php?rest_route=%2Fwp%2Fv2%2Fmedia&parent=27795"}],"wp:term":[{"taxonomy":"category","embeddable":true,"href":"https:\/\/cenal.gob.ve\/index.php?rest_route=%2Fwp%2Fv2%2Fcategories&post=27795"},{"taxonomy":"post_tag","embeddable":true,"href":"https:\/\/cenal.gob.ve\/index.php?rest_route=%2Fwp%2Fv2%2Ftags&post=27795"}],"curies":[{"name":"wp","href":"https:\/\/api.w.org\/{rel}","templated":true}]}}