{"id":27801,"date":"2026-04-27T22:56:43","date_gmt":"2026-04-28T02:56:43","guid":{"rendered":"https:\/\/cenal.gob.ve\/?p=27801"},"modified":"2026-04-27T22:57:29","modified_gmt":"2026-04-28T02:57:29","slug":"aminta-beleno-documenta-y-visibiliza-practicas-ecofeministas-en-el-cine","status":"publish","type":"post","link":"https:\/\/cenal.gob.ve\/?p=27801","title":{"rendered":"Escritora Aminta Bele\u00f1o documenta y visibiliza pr\u00e1cticas ecofeministas en el cine"},"content":{"rendered":"\n<p>C\u00f3mo el ecofeminismo ha venido tomando distintos espacios, entre ellos el cine, es una interrogante que plantea la escritora Aminta Bele\u00f1o, autora del libro Cine en clave ecofeminista (Editorial Trinchera).<\/p>\n\n\n\n<p>La periodista colombovenezolana comparti\u00f3 su publicaci\u00f3n en la 38.\u00aa Feria Internacional del Libro de Bogot\u00e1 (FILBo) como parte de un taller sobre cine, en el marco de las actividades literarias de Venezuela en esta cita con la palabra.<\/p>\n\n\n\n<figure class=\"wp-block-image size-large\"><img width=\"1024\" height=\"682\" src=\"https:\/\/cenal.gob.ve\/wp-content\/uploads\/2026\/04\/IMG_20260427_224308_020-1024x682.jpg\" alt=\"\" class=\"wp-image-27803\" srcset=\"https:\/\/cenal.gob.ve\/wp-content\/uploads\/2026\/04\/IMG_20260427_224308_020-1024x682.jpg 1024w, https:\/\/cenal.gob.ve\/wp-content\/uploads\/2026\/04\/IMG_20260427_224308_020-300x200.jpg 300w, https:\/\/cenal.gob.ve\/wp-content\/uploads\/2026\/04\/IMG_20260427_224308_020-768x512.jpg 768w, https:\/\/cenal.gob.ve\/wp-content\/uploads\/2026\/04\/IMG_20260427_224308_020-1536x1024.jpg 1536w, https:\/\/cenal.gob.ve\/wp-content\/uploads\/2026\/04\/IMG_20260427_224308_020-2048x1365.jpg 2048w, https:\/\/cenal.gob.ve\/wp-content\/uploads\/2026\/04\/IMG_20260427_224308_020-640x427.jpg 640w\" sizes=\"(max-width: 1024px) 100vw, 1024px\" \/><\/figure>\n\n\n\n<p>&#8220;El cine tiene el poder de transformar y de hacernos identificar con nuestra realidad en la pantalla, pero tambi\u00e9n de hacernos evadir lo que sentimos y vivimos&#8221;, comenz\u00f3 por explicar Bele\u00f1o.<\/p>\n\n\n\n<p>Sostuvo que si bien desde el cine se han impuesto culturas y patrones, entre ellas lo que llam\u00f3 narrativas coloniales y patriarcales, tambi\u00e9n hay mucho cine ecofeminista en el mundo. &#8220;Sin embargo, no se ha identificado, y es lo que yo he tratado de sostener en este libro&#8221;, aclar\u00f3.<\/p>\n\n\n\n<p>En ese sentido, se refiri\u00f3 al ecofeminismo como un tema del que casi nadie habla, pero que se practica, y expuso ejemplos de casos en el cine documentados en su libro, con el que apuesta a despatriarcalizar y decolonizar la mirada.<\/p>\n\n\n\n<p>Explic\u00f3 que en la puesta en escena de muchas pel\u00edculas del movimiento social y de productores y productoras de cine tradicional se ve la obra del ecofeminismo, que busca superar la violencia contra las mujeres y la naturaleza, promoviendo una conexi\u00f3n con la madre tierra.<\/p>\n\n\n\n<figure class=\"wp-block-image size-large\"><img width=\"1024\" height=\"682\" src=\"https:\/\/cenal.gob.ve\/wp-content\/uploads\/2026\/04\/IMG_20260427_224258_845-1024x682.jpg\" alt=\"\" class=\"wp-image-27804\" srcset=\"https:\/\/cenal.gob.ve\/wp-content\/uploads\/2026\/04\/IMG_20260427_224258_845-1024x682.jpg 1024w, https:\/\/cenal.gob.ve\/wp-content\/uploads\/2026\/04\/IMG_20260427_224258_845-300x200.jpg 300w, https:\/\/cenal.gob.ve\/wp-content\/uploads\/2026\/04\/IMG_20260427_224258_845-768x512.jpg 768w, https:\/\/cenal.gob.ve\/wp-content\/uploads\/2026\/04\/IMG_20260427_224258_845-1536x1024.jpg 1536w, https:\/\/cenal.gob.ve\/wp-content\/uploads\/2026\/04\/IMG_20260427_224258_845-2048x1365.jpg 2048w, https:\/\/cenal.gob.ve\/wp-content\/uploads\/2026\/04\/IMG_20260427_224258_845-640x427.jpg 640w\" sizes=\"(max-width: 1024px) 100vw, 1024px\" \/><\/figure>\n\n\n\n<p>Bele\u00f1o present\u00f3 ejemplos de cine ecofeminista con denuncias sociales que han logrado frenar da\u00f1os a la naturaleza, por lo que se juntan luchas por los derechos de las mujeres y por la defensa de la madre tierra.<\/p>\n\n\n\n<p>La autora coment\u00f3 que la impuls\u00f3 a concretar este libro la \u00faltima arremetida del sionismo contra Palestina y el hecho de c\u00f3mo se configuraba un genocidio como una pel\u00edcula, en vivo y en directo, y ante la expectaci\u00f3n pasiva del mundo.<\/p>\n\n\n\n<p>Aminta Bele\u00f1o tambi\u00e9n ha publicado Periodismo y guerra, Parto colectivo: memorias del primer congreso articulador de mujeres de izquierda y La Tercera Mano, esta \u00faltima una novela en tres partes producto de la necesidad de despatriarcalizar y descolonizar la mirada sobre las vivencias de las mujeres en Colombia desde 1955.<\/p>\n\n\n\n<figure class=\"wp-block-image size-large\"><img width=\"1024\" height=\"682\" src=\"https:\/\/cenal.gob.ve\/wp-content\/uploads\/2026\/04\/IMG_20260427_224359_546-1024x682.jpg\" alt=\"\" class=\"wp-image-27805\" srcset=\"https:\/\/cenal.gob.ve\/wp-content\/uploads\/2026\/04\/IMG_20260427_224359_546-1024x682.jpg 1024w, https:\/\/cenal.gob.ve\/wp-content\/uploads\/2026\/04\/IMG_20260427_224359_546-300x200.jpg 300w, https:\/\/cenal.gob.ve\/wp-content\/uploads\/2026\/04\/IMG_20260427_224359_546-768x512.jpg 768w, https:\/\/cenal.gob.ve\/wp-content\/uploads\/2026\/04\/IMG_20260427_224359_546-1536x1024.jpg 1536w, https:\/\/cenal.gob.ve\/wp-content\/uploads\/2026\/04\/IMG_20260427_224359_546-2048x1365.jpg 2048w, https:\/\/cenal.gob.ve\/wp-content\/uploads\/2026\/04\/IMG_20260427_224359_546-640x427.jpg 640w\" sizes=\"(max-width: 1024px) 100vw, 1024px\" \/><\/figure>\n","protected":false},"excerpt":{"rendered":"<p>C\u00f3mo el ecofeminismo ha venido tomando distintos espacios, entre ellos el cine, es una interrogante que plantea la escritora Aminta Bele\u00f1o, autora del libro Cine en clave ecofeminista (Editorial Trinchera). [&hellip;]<\/p>\n","protected":false},"author":10,"featured_media":27802,"comment_status":"open","ping_status":"closed","sticky":false,"template":"","format":"standard","meta":{"spay_email":"","jetpack_publicize_message":"","jetpack_is_tweetstorm":false,"jetpack_publicize_feature_enabled":true},"categories":[2],"tags":[81,212,9],"yoast_head":"<!-- This site is optimized with the Yoast SEO plugin v19.8 - https:\/\/yoast.com\/wordpress\/plugins\/seo\/ -->\n<title>Escritora Aminta Bele\u00f1o documenta y visibiliza pr\u00e1cticas ecofeministas en el cine<\/title>\n<meta name=\"robots\" content=\"index, follow, max-snippet:-1, max-image-preview:large, max-video-preview:-1\" \/>\n<link rel=\"canonical\" href=\"https:\/\/cenal.gob.ve\/?p=27801\" \/>\n<meta property=\"og:locale\" content=\"es_ES\" \/>\n<meta property=\"og:type\" content=\"article\" \/>\n<meta property=\"og:title\" content=\"Escritora Aminta Bele\u00f1o documenta y visibiliza pr\u00e1cticas ecofeministas en el cine\" \/>\n<meta property=\"og:description\" content=\"C\u00f3mo el ecofeminismo ha venido tomando distintos espacios, entre ellos el cine, es una interrogante que plantea la escritora Aminta Bele\u00f1o, autora del libro Cine en clave ecofeminista (Editorial Trinchera). [&hellip;]\" \/>\n<meta property=\"og:url\" content=\"https:\/\/cenal.gob.ve\/?p=27801\" \/>\n<meta property=\"og:site_name\" content=\"Cenal\" \/>\n<meta property=\"article:published_time\" content=\"2026-04-28T02:56:43+00:00\" \/>\n<meta property=\"article:modified_time\" content=\"2026-04-28T02:57:29+00:00\" \/>\n<meta property=\"og:image\" content=\"http:\/\/cenal.gob.ve\/wp-content\/uploads\/2026\/04\/IMG_20260427_224330_598.jpg\" \/>\n\t<meta property=\"og:image:width\" content=\"2560\" \/>\n\t<meta property=\"og:image:height\" content=\"1706\" \/>\n\t<meta property=\"og:image:type\" content=\"image\/jpeg\" \/>\n<meta name=\"author\" content=\"Prensa Cenal\" \/>\n<meta name=\"twitter:card\" content=\"summary_large_image\" \/>\n<meta name=\"twitter:label1\" content=\"Written by\" \/>\n\t<meta name=\"twitter:data1\" content=\"Prensa Cenal\" \/>\n\t<meta name=\"twitter:label2\" content=\"Est. reading time\" \/>\n\t<meta name=\"twitter:data2\" content=\"3 minutos\" \/>\n<script type=\"application\/ld+json\" class=\"yoast-schema-graph\">{\"@context\":\"https:\/\/schema.org\",\"@graph\":[{\"@type\":\"Article\",\"@id\":\"https:\/\/cenal.gob.ve\/?p=27801#article\",\"isPartOf\":{\"@id\":\"https:\/\/cenal.gob.ve\/?p=27801\"},\"author\":{\"name\":\"Prensa Cenal\",\"@id\":\"https:\/\/cenal.gob.ve\/#\/schema\/person\/e3ed34623f400ffab8bc7a63b2f5533f\"},\"headline\":\"Escritora Aminta Bele\u00f1o documenta y visibiliza pr\u00e1cticas ecofeministas en el cine\",\"datePublished\":\"2026-04-28T02:56:43+00:00\",\"dateModified\":\"2026-04-28T02:57:29+00:00\",\"mainEntityOfPage\":{\"@id\":\"https:\/\/cenal.gob.ve\/?p=27801\"},\"wordCount\":388,\"commentCount\":0,\"publisher\":{\"@id\":\"https:\/\/cenal.gob.ve\/#organization\"},\"keywords\":[\"Libros\",\"Literatura venezolana\",\"Noticias\"],\"articleSection\":[\"Cenal\"],\"inLanguage\":\"es\",\"potentialAction\":[{\"@type\":\"CommentAction\",\"name\":\"Comment\",\"target\":[\"https:\/\/cenal.gob.ve\/?p=27801#respond\"]}]},{\"@type\":\"WebPage\",\"@id\":\"https:\/\/cenal.gob.ve\/?p=27801\",\"url\":\"https:\/\/cenal.gob.ve\/?p=27801\",\"name\":\"Escritora Aminta Bele\u00f1o documenta y visibiliza pr\u00e1cticas ecofeministas en el cine\",\"isPartOf\":{\"@id\":\"https:\/\/cenal.gob.ve\/#website\"},\"datePublished\":\"2026-04-28T02:56:43+00:00\",\"dateModified\":\"2026-04-28T02:57:29+00:00\",\"breadcrumb\":{\"@id\":\"https:\/\/cenal.gob.ve\/?p=27801#breadcrumb\"},\"inLanguage\":\"es\",\"potentialAction\":[{\"@type\":\"ReadAction\",\"target\":[\"https:\/\/cenal.gob.ve\/?p=27801\"]}]},{\"@type\":\"BreadcrumbList\",\"@id\":\"https:\/\/cenal.gob.ve\/?p=27801#breadcrumb\",\"itemListElement\":[{\"@type\":\"ListItem\",\"position\":1,\"name\":\"Home\",\"item\":\"https:\/\/cenal.gob.ve\/\"},{\"@type\":\"ListItem\",\"position\":2,\"name\":\"Escritora Aminta Bele\u00f1o documenta y visibiliza pr\u00e1cticas ecofeministas en el cine\"}]},{\"@type\":\"WebSite\",\"@id\":\"https:\/\/cenal.gob.ve\/#website\",\"url\":\"https:\/\/cenal.gob.ve\/\",\"name\":\"Cenal\",\"description\":\"\",\"publisher\":{\"@id\":\"https:\/\/cenal.gob.ve\/#organization\"},\"potentialAction\":[{\"@type\":\"SearchAction\",\"target\":{\"@type\":\"EntryPoint\",\"urlTemplate\":\"https:\/\/cenal.gob.ve\/?s={search_term_string}\"},\"query-input\":\"required name=search_term_string\"}],\"inLanguage\":\"es\"},{\"@type\":\"Organization\",\"@id\":\"https:\/\/cenal.gob.ve\/#organization\",\"name\":\"CENAL\",\"url\":\"https:\/\/cenal.gob.ve\/\",\"sameAs\":[],\"logo\":{\"@type\":\"ImageObject\",\"inLanguage\":\"es\",\"@id\":\"https:\/\/cenal.gob.ve\/#\/schema\/logo\/image\/\",\"url\":\"https:\/\/i0.wp.com\/cenal.gob.ve\/wp-content\/uploads\/2022\/10\/cropped-images.jpg?fit=512%2C512\",\"contentUrl\":\"https:\/\/i0.wp.com\/cenal.gob.ve\/wp-content\/uploads\/2022\/10\/cropped-images.jpg?fit=512%2C512\",\"width\":512,\"height\":512,\"caption\":\"CENAL\"},\"image\":{\"@id\":\"https:\/\/cenal.gob.ve\/#\/schema\/logo\/image\/\"}},{\"@type\":\"Person\",\"@id\":\"https:\/\/cenal.gob.ve\/#\/schema\/person\/e3ed34623f400ffab8bc7a63b2f5533f\",\"name\":\"Prensa Cenal\",\"image\":{\"@type\":\"ImageObject\",\"inLanguage\":\"es\",\"@id\":\"https:\/\/cenal.gob.ve\/#\/schema\/person\/image\/\",\"url\":\"https:\/\/secure.gravatar.com\/avatar\/594b4ed34090910c619ac3679001d491?s=96&d=mm&r=g\",\"contentUrl\":\"https:\/\/secure.gravatar.com\/avatar\/594b4ed34090910c619ac3679001d491?s=96&d=mm&r=g\",\"caption\":\"Prensa Cenal\"},\"url\":\"https:\/\/cenal.gob.ve\/?author=10\"}]}<\/script>\n<!-- \/ Yoast SEO plugin. -->","yoast_head_json":{"title":"Escritora Aminta Bele\u00f1o documenta y visibiliza pr\u00e1cticas ecofeministas en el cine","robots":{"index":"index","follow":"follow","max-snippet":"max-snippet:-1","max-image-preview":"max-image-preview:large","max-video-preview":"max-video-preview:-1"},"canonical":"https:\/\/cenal.gob.ve\/?p=27801","og_locale":"es_ES","og_type":"article","og_title":"Escritora Aminta Bele\u00f1o documenta y visibiliza pr\u00e1cticas ecofeministas en el cine","og_description":"C\u00f3mo el ecofeminismo ha venido tomando distintos espacios, entre ellos el cine, es una interrogante que plantea la escritora Aminta Bele\u00f1o, autora del libro Cine en clave ecofeminista (Editorial Trinchera). [&hellip;]","og_url":"https:\/\/cenal.gob.ve\/?p=27801","og_site_name":"Cenal","article_published_time":"2026-04-28T02:56:43+00:00","article_modified_time":"2026-04-28T02:57:29+00:00","og_image":[{"width":2560,"height":1706,"url":"http:\/\/cenal.gob.ve\/wp-content\/uploads\/2026\/04\/IMG_20260427_224330_598.jpg","type":"image\/jpeg"}],"author":"Prensa Cenal","twitter_card":"summary_large_image","twitter_misc":{"Written by":"Prensa Cenal","Est. reading time":"3 minutos"},"schema":{"@context":"https:\/\/schema.org","@graph":[{"@type":"Article","@id":"https:\/\/cenal.gob.ve\/?p=27801#article","isPartOf":{"@id":"https:\/\/cenal.gob.ve\/?p=27801"},"author":{"name":"Prensa Cenal","@id":"https:\/\/cenal.gob.ve\/#\/schema\/person\/e3ed34623f400ffab8bc7a63b2f5533f"},"headline":"Escritora Aminta Bele\u00f1o documenta y visibiliza pr\u00e1cticas ecofeministas en el cine","datePublished":"2026-04-28T02:56:43+00:00","dateModified":"2026-04-28T02:57:29+00:00","mainEntityOfPage":{"@id":"https:\/\/cenal.gob.ve\/?p=27801"},"wordCount":388,"commentCount":0,"publisher":{"@id":"https:\/\/cenal.gob.ve\/#organization"},"keywords":["Libros","Literatura venezolana","Noticias"],"articleSection":["Cenal"],"inLanguage":"es","potentialAction":[{"@type":"CommentAction","name":"Comment","target":["https:\/\/cenal.gob.ve\/?p=27801#respond"]}]},{"@type":"WebPage","@id":"https:\/\/cenal.gob.ve\/?p=27801","url":"https:\/\/cenal.gob.ve\/?p=27801","name":"Escritora Aminta Bele\u00f1o documenta y visibiliza pr\u00e1cticas ecofeministas en el cine","isPartOf":{"@id":"https:\/\/cenal.gob.ve\/#website"},"datePublished":"2026-04-28T02:56:43+00:00","dateModified":"2026-04-28T02:57:29+00:00","breadcrumb":{"@id":"https:\/\/cenal.gob.ve\/?p=27801#breadcrumb"},"inLanguage":"es","potentialAction":[{"@type":"ReadAction","target":["https:\/\/cenal.gob.ve\/?p=27801"]}]},{"@type":"BreadcrumbList","@id":"https:\/\/cenal.gob.ve\/?p=27801#breadcrumb","itemListElement":[{"@type":"ListItem","position":1,"name":"Home","item":"https:\/\/cenal.gob.ve\/"},{"@type":"ListItem","position":2,"name":"Escritora Aminta Bele\u00f1o documenta y visibiliza pr\u00e1cticas ecofeministas en el cine"}]},{"@type":"WebSite","@id":"https:\/\/cenal.gob.ve\/#website","url":"https:\/\/cenal.gob.ve\/","name":"Cenal","description":"","publisher":{"@id":"https:\/\/cenal.gob.ve\/#organization"},"potentialAction":[{"@type":"SearchAction","target":{"@type":"EntryPoint","urlTemplate":"https:\/\/cenal.gob.ve\/?s={search_term_string}"},"query-input":"required name=search_term_string"}],"inLanguage":"es"},{"@type":"Organization","@id":"https:\/\/cenal.gob.ve\/#organization","name":"CENAL","url":"https:\/\/cenal.gob.ve\/","sameAs":[],"logo":{"@type":"ImageObject","inLanguage":"es","@id":"https:\/\/cenal.gob.ve\/#\/schema\/logo\/image\/","url":"https:\/\/i0.wp.com\/cenal.gob.ve\/wp-content\/uploads\/2022\/10\/cropped-images.jpg?fit=512%2C512","contentUrl":"https:\/\/i0.wp.com\/cenal.gob.ve\/wp-content\/uploads\/2022\/10\/cropped-images.jpg?fit=512%2C512","width":512,"height":512,"caption":"CENAL"},"image":{"@id":"https:\/\/cenal.gob.ve\/#\/schema\/logo\/image\/"}},{"@type":"Person","@id":"https:\/\/cenal.gob.ve\/#\/schema\/person\/e3ed34623f400ffab8bc7a63b2f5533f","name":"Prensa Cenal","image":{"@type":"ImageObject","inLanguage":"es","@id":"https:\/\/cenal.gob.ve\/#\/schema\/person\/image\/","url":"https:\/\/secure.gravatar.com\/avatar\/594b4ed34090910c619ac3679001d491?s=96&d=mm&r=g","contentUrl":"https:\/\/secure.gravatar.com\/avatar\/594b4ed34090910c619ac3679001d491?s=96&d=mm&r=g","caption":"Prensa Cenal"},"url":"https:\/\/cenal.gob.ve\/?author=10"}]}},"jetpack_featured_media_url":"https:\/\/cenal.gob.ve\/wp-content\/uploads\/2026\/04\/IMG_20260427_224330_598.jpg","jetpack_publicize_connections":[],"jetpack_shortlink":"https:\/\/wp.me\/p5FMhp-7ep","_links":{"self":[{"href":"https:\/\/cenal.gob.ve\/index.php?rest_route=\/wp\/v2\/posts\/27801"}],"collection":[{"href":"https:\/\/cenal.gob.ve\/index.php?rest_route=\/wp\/v2\/posts"}],"about":[{"href":"https:\/\/cenal.gob.ve\/index.php?rest_route=\/wp\/v2\/types\/post"}],"author":[{"embeddable":true,"href":"https:\/\/cenal.gob.ve\/index.php?rest_route=\/wp\/v2\/users\/10"}],"replies":[{"embeddable":true,"href":"https:\/\/cenal.gob.ve\/index.php?rest_route=%2Fwp%2Fv2%2Fcomments&post=27801"}],"version-history":[{"count":3,"href":"https:\/\/cenal.gob.ve\/index.php?rest_route=\/wp\/v2\/posts\/27801\/revisions"}],"predecessor-version":[{"id":27808,"href":"https:\/\/cenal.gob.ve\/index.php?rest_route=\/wp\/v2\/posts\/27801\/revisions\/27808"}],"wp:featuredmedia":[{"embeddable":true,"href":"https:\/\/cenal.gob.ve\/index.php?rest_route=\/wp\/v2\/media\/27802"}],"wp:attachment":[{"href":"https:\/\/cenal.gob.ve\/index.php?rest_route=%2Fwp%2Fv2%2Fmedia&parent=27801"}],"wp:term":[{"taxonomy":"category","embeddable":true,"href":"https:\/\/cenal.gob.ve\/index.php?rest_route=%2Fwp%2Fv2%2Fcategories&post=27801"},{"taxonomy":"post_tag","embeddable":true,"href":"https:\/\/cenal.gob.ve\/index.php?rest_route=%2Fwp%2Fv2%2Ftags&post=27801"}],"curies":[{"name":"wp","href":"https:\/\/api.w.org\/{rel}","templated":true}]}}