{"id":27814,"date":"2026-04-29T13:57:32","date_gmt":"2026-04-29T17:57:32","guid":{"rendered":"https:\/\/cenal.gob.ve\/?p=27814"},"modified":"2026-04-29T14:40:43","modified_gmt":"2026-04-29T18:40:43","slug":"luis-britto-presento-en-la-38-a-filbo-su-compilacion-teatral-dramas-de-la-patria","status":"publish","type":"post","link":"https:\/\/cenal.gob.ve\/?p=27814","title":{"rendered":"Luis Britto present\u00f3 en la 38.\u00aa FILBo su compilaci\u00f3n teatral Dramas de la Patria"},"content":{"rendered":"\n<p>Doce de diecisiete obras teatrales de Luis Britto Garc\u00eda llevadas a escena fueron compiladas en el libro Dramas de la Patria, una novedad editorial venezolana presentada por este escritor e intelectual en la 38.\u00aa Feria Internacional del Libro de Bogot\u00e1 (FILBo).<\/p>\n\n\n\n<p>La obra fue coeditada por Monte \u00c1vila Editores Latinoamericana y la Compa\u00f1\u00eda Nacional de Teatro de Venezuela en ocasi\u00f3n del cumplea\u00f1os n\u00famero 85 del autor.<\/p>\n\n\n\n<figure class=\"wp-block-image size-large\"><img width=\"1024\" height=\"682\" src=\"https:\/\/cenal.gob.ve\/wp-content\/uploads\/2026\/04\/IMG_20260429_132713_659-1-1024x682.jpg\" alt=\"\" class=\"wp-image-27832\" srcset=\"https:\/\/cenal.gob.ve\/wp-content\/uploads\/2026\/04\/IMG_20260429_132713_659-1-1024x682.jpg 1024w, https:\/\/cenal.gob.ve\/wp-content\/uploads\/2026\/04\/IMG_20260429_132713_659-1-300x200.jpg 300w, https:\/\/cenal.gob.ve\/wp-content\/uploads\/2026\/04\/IMG_20260429_132713_659-1-768x512.jpg 768w, https:\/\/cenal.gob.ve\/wp-content\/uploads\/2026\/04\/IMG_20260429_132713_659-1-1536x1024.jpg 1536w, https:\/\/cenal.gob.ve\/wp-content\/uploads\/2026\/04\/IMG_20260429_132713_659-1-2048x1365.jpg 2048w, https:\/\/cenal.gob.ve\/wp-content\/uploads\/2026\/04\/IMG_20260429_132713_659-1-640x427.jpg 640w\" sizes=\"(max-width: 1024px) 100vw, 1024px\" \/><\/figure>\n\n\n\n<p>El texto incluye piezas teatrales como Venezuela tuya, con la que Britto debut\u00f3 en 1971 como dramaturgo; El tirano Aguirre o la conquista de El dorado y La misa del esclavo, a trav\u00e9s de las cuales los espectadores han podido explorar la historia de un pa\u00eds vista desde sus tragedias m\u00ednimas y m\u00e1ximas.<\/p>\n\n\n\n<p>Durante la presentaci\u00f3n del libro en FILBo, Britto coment\u00f3 que mediante el teatro se ha enfrentado directamente con la reacci\u00f3n de su p\u00fablico, para bien o para mal.<\/p>\n\n\n\n<p>&#8220;El teatro lo que tiene de atractivo es soltar toda una cantidad de tesis bajo la excusa de la atracci\u00f3n. El teatro es como un problema de seducci\u00f3n. El teatro tambi\u00e9n tiene que crear una ficci\u00f3n encantadora para ir a la finalidad, que es la comuni\u00f3n con el espectador, que no es igual a la comuni\u00f3n con el lector&#8221;, asegura Luis Britto, tambi\u00e9n autor de una vasta obra literaria en el g\u00e9nero de la narrativa.<\/p>\n\n\n\n<figure class=\"wp-block-image size-large\"><img width=\"1024\" height=\"682\" src=\"https:\/\/cenal.gob.ve\/wp-content\/uploads\/2026\/04\/IMG_20260429_132733_603-1024x682.jpg\" alt=\"\" class=\"wp-image-27816\" srcset=\"https:\/\/cenal.gob.ve\/wp-content\/uploads\/2026\/04\/IMG_20260429_132733_603-1024x682.jpg 1024w, https:\/\/cenal.gob.ve\/wp-content\/uploads\/2026\/04\/IMG_20260429_132733_603-300x200.jpg 300w, https:\/\/cenal.gob.ve\/wp-content\/uploads\/2026\/04\/IMG_20260429_132733_603-768x512.jpg 768w, https:\/\/cenal.gob.ve\/wp-content\/uploads\/2026\/04\/IMG_20260429_132733_603-1536x1024.jpg 1536w, https:\/\/cenal.gob.ve\/wp-content\/uploads\/2026\/04\/IMG_20260429_132733_603-2048x1365.jpg 2048w, https:\/\/cenal.gob.ve\/wp-content\/uploads\/2026\/04\/IMG_20260429_132733_603-640x427.jpg 640w\" sizes=\"(max-width: 1024px) 100vw, 1024px\" \/><\/figure>\n\n\n\n<p>&#8220;El texto teatral me ha permitido el contacto con un mundo complejo, alucinante, contradictorio, y la oportunidad de conocer algunos de sus m\u00e1s admirables demiurgos e int\u00e9rpretes, dentro y fuera de nuestras fronteras&#8221;, revela en la introducci\u00f3n de la publicaci\u00f3n.<\/p>\n\n\n\n<p><strong>El teatro es pasi\u00f3n compartida<\/strong><\/p>\n\n\n\n<p>Britto realiz\u00f3 lecturas dramatizadas de algunos fragmentos de sus piezas teatrales, entre ellas El tirano Aguirre o la conquista de El dorado.<\/p>\n\n\n\n<p>De acuerdo con el escritor, como una naci\u00f3n que convoca diversos seres para un proyecto, cada montaje teatral es una comunidad y una pasi\u00f3n compartida.<\/p>\n\n\n\n<p>&#8220;Y dentro de una naci\u00f3n hay un conjunto de mitos, y me encant\u00f3 meterme con el mito de El Dorado y el Tirano Lope de Aguirre, que es un tipo muy simp\u00e1tico, muy injustamente calumniado&#8221;, relat\u00f3 Britto.<\/p>\n\n\n\n<p>El dramaturgo coment\u00f3 que quienes buscaban El Dorado eran lo que llam\u00f3 &#8220;las v\u00edctimas del reino de la necesidad&#8221;, los que, agreg\u00f3, luego ser\u00edan personajes de la literatura del siglo VIII.<\/p>\n\n\n\n<p>&#8220;Iba un p\u00edcaro muerto de amor, que ten\u00eda que ser indigno porque el hambre no perdona. Hab\u00eda un pobre hombre, un Sancho, que se juntaba en lo que fuera por necesidad de ganarse el pan. Hab\u00eda un don Juan exasperado porque todas las mujeres dec\u00edan que no, etc\u00e9tera&#8221;, ilustr\u00f3 el escritor, quien explic\u00f3 que este escenario rode\u00f3 la creaci\u00f3n del mundo nuevo y como un mito se encuentra la liberaci\u00f3n del propio ser. &#8220;Es decir, liberarse de la clase impuesta por el mundo de la necesidad&#8221;.<\/p>\n\n\n\n<p>Concluy\u00f3 que &#8220;el delirio de El Dorado no es m\u00e1s que el delirio de ir por encima de nosotros mismos&#8221;. Adem\u00e1s, coment\u00f3 lo gratificante que le result\u00f3 en su momento la puesta en escena de la obra y la realizaci\u00f3n de la arquitectura de El Dorado, que incluy\u00f3 una pir\u00e1mide de oro, las naves que van por los r\u00edos de Am\u00e9rica y la catedral donde muere el conquistador espa\u00f1ol Lope de Aguirre.<\/p>\n\n\n\n<figure class=\"wp-block-image size-large\"><img width=\"1024\" height=\"682\" src=\"https:\/\/cenal.gob.ve\/wp-content\/uploads\/2026\/04\/IMG_20260429_132721_309-1024x682.jpg\" alt=\"\" class=\"wp-image-27819\" srcset=\"https:\/\/cenal.gob.ve\/wp-content\/uploads\/2026\/04\/IMG_20260429_132721_309-1024x682.jpg 1024w, https:\/\/cenal.gob.ve\/wp-content\/uploads\/2026\/04\/IMG_20260429_132721_309-300x200.jpg 300w, https:\/\/cenal.gob.ve\/wp-content\/uploads\/2026\/04\/IMG_20260429_132721_309-768x512.jpg 768w, https:\/\/cenal.gob.ve\/wp-content\/uploads\/2026\/04\/IMG_20260429_132721_309-1536x1024.jpg 1536w, https:\/\/cenal.gob.ve\/wp-content\/uploads\/2026\/04\/IMG_20260429_132721_309-2048x1365.jpg 2048w, https:\/\/cenal.gob.ve\/wp-content\/uploads\/2026\/04\/IMG_20260429_132721_309-640x427.jpg 640w\" sizes=\"(max-width: 1024px) 100vw, 1024px\" \/><\/figure>\n\n\n\n<p>El autor igualmente comparti\u00f3 en la FILBo su libro de relatos breves Anda Nada con una nueva edici\u00f3n realizada por Monte \u00c1vila Editores Latinoamericana.<\/p>\n\n\n\n<p>Luis Britto Garc\u00eda es Premio Nacional de Literatura, otorgado por el conjunto de su obra en 2002, y fue declarado Portador Patrimonial de la Naci\u00f3n en 2025. Su obra abarca m\u00e1s de noventa t\u00edtulos en g\u00e9neros como la novela, el ensayo, la dramaturgia, el gui\u00f3n de cine, el cuento, humor, dibujo, historia, estudios jur\u00eddicos y estudios culturales.<\/p>\n\n\n\n<p>Venezuela participa con el Ministerio del Poder Popular para la Cultura en la 38.\u00aa FILBo con m\u00e1s de 200 novedades editoriales producidas en el pa\u00eds y muestras de sus perspectivas literarias.<\/p>\n\n\n\n<figure class=\"wp-block-image size-large\"><img width=\"1024\" height=\"682\" src=\"https:\/\/cenal.gob.ve\/wp-content\/uploads\/2026\/04\/IMG_20260429_132755_806-1024x682.jpg\" alt=\"\" class=\"wp-image-27818\" srcset=\"https:\/\/cenal.gob.ve\/wp-content\/uploads\/2026\/04\/IMG_20260429_132755_806-1024x682.jpg 1024w, https:\/\/cenal.gob.ve\/wp-content\/uploads\/2026\/04\/IMG_20260429_132755_806-300x200.jpg 300w, https:\/\/cenal.gob.ve\/wp-content\/uploads\/2026\/04\/IMG_20260429_132755_806-768x512.jpg 768w, https:\/\/cenal.gob.ve\/wp-content\/uploads\/2026\/04\/IMG_20260429_132755_806-1536x1024.jpg 1536w, https:\/\/cenal.gob.ve\/wp-content\/uploads\/2026\/04\/IMG_20260429_132755_806-2048x1365.jpg 2048w, https:\/\/cenal.gob.ve\/wp-content\/uploads\/2026\/04\/IMG_20260429_132755_806-640x427.jpg 640w\" sizes=\"(max-width: 1024px) 100vw, 1024px\" \/><\/figure>\n\n\n\n<figure class=\"wp-block-image size-large\"><img width=\"1024\" height=\"682\" src=\"https:\/\/cenal.gob.ve\/wp-content\/uploads\/2026\/04\/IMG_20260429_132707_248-1024x682.jpg\" alt=\"\" class=\"wp-image-27817\" srcset=\"https:\/\/cenal.gob.ve\/wp-content\/uploads\/2026\/04\/IMG_20260429_132707_248-1024x682.jpg 1024w, https:\/\/cenal.gob.ve\/wp-content\/uploads\/2026\/04\/IMG_20260429_132707_248-300x200.jpg 300w, https:\/\/cenal.gob.ve\/wp-content\/uploads\/2026\/04\/IMG_20260429_132707_248-768x512.jpg 768w, https:\/\/cenal.gob.ve\/wp-content\/uploads\/2026\/04\/IMG_20260429_132707_248-1536x1024.jpg 1536w, https:\/\/cenal.gob.ve\/wp-content\/uploads\/2026\/04\/IMG_20260429_132707_248-2048x1365.jpg 2048w, https:\/\/cenal.gob.ve\/wp-content\/uploads\/2026\/04\/IMG_20260429_132707_248-640x427.jpg 640w\" sizes=\"(max-width: 1024px) 100vw, 1024px\" \/><\/figure>\n","protected":false},"excerpt":{"rendered":"<p>Doce de diecisiete obras teatrales de Luis Britto Garc\u00eda llevadas a escena fueron compiladas en el libro Dramas de la Patria, una novedad editorial venezolana presentada por este escritor e [&hellip;]<\/p>\n","protected":false},"author":10,"featured_media":27840,"comment_status":"open","ping_status":"closed","sticky":false,"template":"","format":"standard","meta":{"spay_email":"","jetpack_publicize_message":"","jetpack_is_tweetstorm":false,"jetpack_publicize_feature_enabled":true},"categories":[2],"tags":[81,211,212,9],"yoast_head":"<!-- This site is optimized with the Yoast SEO plugin v19.8 - https:\/\/yoast.com\/wordpress\/plugins\/seo\/ -->\n<title>Luis Britto present\u00f3 en la 38.\u00aa FILBo su compilaci\u00f3n teatral Dramas de la Patria<\/title>\n<meta name=\"robots\" content=\"index, follow, max-snippet:-1, max-image-preview:large, max-video-preview:-1\" \/>\n<link rel=\"canonical\" href=\"https:\/\/cenal.gob.ve\/?p=27814\" \/>\n<meta property=\"og:locale\" content=\"es_ES\" \/>\n<meta property=\"og:type\" content=\"article\" \/>\n<meta property=\"og:title\" content=\"Luis Britto present\u00f3 en la 38.\u00aa FILBo su compilaci\u00f3n teatral Dramas de la Patria\" \/>\n<meta property=\"og:description\" content=\"Doce de diecisiete obras teatrales de Luis Britto Garc\u00eda llevadas a escena fueron compiladas en el libro Dramas de la Patria, una novedad editorial venezolana presentada por este escritor e [&hellip;]\" \/>\n<meta property=\"og:url\" content=\"https:\/\/cenal.gob.ve\/?p=27814\" \/>\n<meta property=\"og:site_name\" content=\"Cenal\" \/>\n<meta property=\"article:published_time\" content=\"2026-04-29T17:57:32+00:00\" \/>\n<meta property=\"article:modified_time\" content=\"2026-04-29T18:40:43+00:00\" \/>\n<meta property=\"og:image\" content=\"http:\/\/cenal.gob.ve\/wp-content\/uploads\/2026\/04\/IMG-20260429-WA0088-1.jpg\" \/>\n\t<meta property=\"og:image:width\" content=\"1280\" \/>\n\t<meta property=\"og:image:height\" content=\"853\" \/>\n\t<meta property=\"og:image:type\" content=\"image\/jpeg\" \/>\n<meta name=\"author\" content=\"Prensa Cenal\" \/>\n<meta name=\"twitter:card\" content=\"summary_large_image\" \/>\n<meta name=\"twitter:label1\" content=\"Written by\" \/>\n\t<meta name=\"twitter:data1\" content=\"Prensa Cenal\" \/>\n\t<meta name=\"twitter:label2\" content=\"Est. reading time\" \/>\n\t<meta name=\"twitter:data2\" content=\"4 minutos\" \/>\n<script type=\"application\/ld+json\" class=\"yoast-schema-graph\">{\"@context\":\"https:\/\/schema.org\",\"@graph\":[{\"@type\":\"Article\",\"@id\":\"https:\/\/cenal.gob.ve\/?p=27814#article\",\"isPartOf\":{\"@id\":\"https:\/\/cenal.gob.ve\/?p=27814\"},\"author\":{\"name\":\"Prensa Cenal\",\"@id\":\"https:\/\/cenal.gob.ve\/#\/schema\/person\/e3ed34623f400ffab8bc7a63b2f5533f\"},\"headline\":\"Luis Britto present\u00f3 en la 38.\u00aa FILBo su compilaci\u00f3n teatral Dramas de la Patria\",\"datePublished\":\"2026-04-29T17:57:32+00:00\",\"dateModified\":\"2026-04-29T18:40:43+00:00\",\"mainEntityOfPage\":{\"@id\":\"https:\/\/cenal.gob.ve\/?p=27814\"},\"wordCount\":715,\"commentCount\":0,\"publisher\":{\"@id\":\"https:\/\/cenal.gob.ve\/#organization\"},\"keywords\":[\"Libros\",\"Literatura\",\"Literatura venezolana\",\"Noticias\"],\"articleSection\":[\"Cenal\"],\"inLanguage\":\"es\",\"potentialAction\":[{\"@type\":\"CommentAction\",\"name\":\"Comment\",\"target\":[\"https:\/\/cenal.gob.ve\/?p=27814#respond\"]}]},{\"@type\":\"WebPage\",\"@id\":\"https:\/\/cenal.gob.ve\/?p=27814\",\"url\":\"https:\/\/cenal.gob.ve\/?p=27814\",\"name\":\"Luis Britto present\u00f3 en la 38.\u00aa FILBo su compilaci\u00f3n teatral Dramas de la Patria\",\"isPartOf\":{\"@id\":\"https:\/\/cenal.gob.ve\/#website\"},\"datePublished\":\"2026-04-29T17:57:32+00:00\",\"dateModified\":\"2026-04-29T18:40:43+00:00\",\"breadcrumb\":{\"@id\":\"https:\/\/cenal.gob.ve\/?p=27814#breadcrumb\"},\"inLanguage\":\"es\",\"potentialAction\":[{\"@type\":\"ReadAction\",\"target\":[\"https:\/\/cenal.gob.ve\/?p=27814\"]}]},{\"@type\":\"BreadcrumbList\",\"@id\":\"https:\/\/cenal.gob.ve\/?p=27814#breadcrumb\",\"itemListElement\":[{\"@type\":\"ListItem\",\"position\":1,\"name\":\"Home\",\"item\":\"https:\/\/cenal.gob.ve\/\"},{\"@type\":\"ListItem\",\"position\":2,\"name\":\"Luis Britto present\u00f3 en la 38.\u00aa FILBo su compilaci\u00f3n teatral Dramas de la Patria\"}]},{\"@type\":\"WebSite\",\"@id\":\"https:\/\/cenal.gob.ve\/#website\",\"url\":\"https:\/\/cenal.gob.ve\/\",\"name\":\"Cenal\",\"description\":\"\",\"publisher\":{\"@id\":\"https:\/\/cenal.gob.ve\/#organization\"},\"potentialAction\":[{\"@type\":\"SearchAction\",\"target\":{\"@type\":\"EntryPoint\",\"urlTemplate\":\"https:\/\/cenal.gob.ve\/?s={search_term_string}\"},\"query-input\":\"required name=search_term_string\"}],\"inLanguage\":\"es\"},{\"@type\":\"Organization\",\"@id\":\"https:\/\/cenal.gob.ve\/#organization\",\"name\":\"CENAL\",\"url\":\"https:\/\/cenal.gob.ve\/\",\"sameAs\":[],\"logo\":{\"@type\":\"ImageObject\",\"inLanguage\":\"es\",\"@id\":\"https:\/\/cenal.gob.ve\/#\/schema\/logo\/image\/\",\"url\":\"https:\/\/i0.wp.com\/cenal.gob.ve\/wp-content\/uploads\/2022\/10\/cropped-images.jpg?fit=512%2C512\",\"contentUrl\":\"https:\/\/i0.wp.com\/cenal.gob.ve\/wp-content\/uploads\/2022\/10\/cropped-images.jpg?fit=512%2C512\",\"width\":512,\"height\":512,\"caption\":\"CENAL\"},\"image\":{\"@id\":\"https:\/\/cenal.gob.ve\/#\/schema\/logo\/image\/\"}},{\"@type\":\"Person\",\"@id\":\"https:\/\/cenal.gob.ve\/#\/schema\/person\/e3ed34623f400ffab8bc7a63b2f5533f\",\"name\":\"Prensa Cenal\",\"image\":{\"@type\":\"ImageObject\",\"inLanguage\":\"es\",\"@id\":\"https:\/\/cenal.gob.ve\/#\/schema\/person\/image\/\",\"url\":\"https:\/\/secure.gravatar.com\/avatar\/594b4ed34090910c619ac3679001d491?s=96&d=mm&r=g\",\"contentUrl\":\"https:\/\/secure.gravatar.com\/avatar\/594b4ed34090910c619ac3679001d491?s=96&d=mm&r=g\",\"caption\":\"Prensa Cenal\"},\"url\":\"https:\/\/cenal.gob.ve\/?author=10\"}]}<\/script>\n<!-- \/ Yoast SEO plugin. -->","yoast_head_json":{"title":"Luis Britto present\u00f3 en la 38.\u00aa FILBo su compilaci\u00f3n teatral Dramas de la Patria","robots":{"index":"index","follow":"follow","max-snippet":"max-snippet:-1","max-image-preview":"max-image-preview:large","max-video-preview":"max-video-preview:-1"},"canonical":"https:\/\/cenal.gob.ve\/?p=27814","og_locale":"es_ES","og_type":"article","og_title":"Luis Britto present\u00f3 en la 38.\u00aa FILBo su compilaci\u00f3n teatral Dramas de la Patria","og_description":"Doce de diecisiete obras teatrales de Luis Britto Garc\u00eda llevadas a escena fueron compiladas en el libro Dramas de la Patria, una novedad editorial venezolana presentada por este escritor e [&hellip;]","og_url":"https:\/\/cenal.gob.ve\/?p=27814","og_site_name":"Cenal","article_published_time":"2026-04-29T17:57:32+00:00","article_modified_time":"2026-04-29T18:40:43+00:00","og_image":[{"width":1280,"height":853,"url":"http:\/\/cenal.gob.ve\/wp-content\/uploads\/2026\/04\/IMG-20260429-WA0088-1.jpg","type":"image\/jpeg"}],"author":"Prensa Cenal","twitter_card":"summary_large_image","twitter_misc":{"Written by":"Prensa Cenal","Est. reading time":"4 minutos"},"schema":{"@context":"https:\/\/schema.org","@graph":[{"@type":"Article","@id":"https:\/\/cenal.gob.ve\/?p=27814#article","isPartOf":{"@id":"https:\/\/cenal.gob.ve\/?p=27814"},"author":{"name":"Prensa Cenal","@id":"https:\/\/cenal.gob.ve\/#\/schema\/person\/e3ed34623f400ffab8bc7a63b2f5533f"},"headline":"Luis Britto present\u00f3 en la 38.\u00aa FILBo su compilaci\u00f3n teatral Dramas de la Patria","datePublished":"2026-04-29T17:57:32+00:00","dateModified":"2026-04-29T18:40:43+00:00","mainEntityOfPage":{"@id":"https:\/\/cenal.gob.ve\/?p=27814"},"wordCount":715,"commentCount":0,"publisher":{"@id":"https:\/\/cenal.gob.ve\/#organization"},"keywords":["Libros","Literatura","Literatura venezolana","Noticias"],"articleSection":["Cenal"],"inLanguage":"es","potentialAction":[{"@type":"CommentAction","name":"Comment","target":["https:\/\/cenal.gob.ve\/?p=27814#respond"]}]},{"@type":"WebPage","@id":"https:\/\/cenal.gob.ve\/?p=27814","url":"https:\/\/cenal.gob.ve\/?p=27814","name":"Luis Britto present\u00f3 en la 38.\u00aa FILBo su compilaci\u00f3n teatral Dramas de la Patria","isPartOf":{"@id":"https:\/\/cenal.gob.ve\/#website"},"datePublished":"2026-04-29T17:57:32+00:00","dateModified":"2026-04-29T18:40:43+00:00","breadcrumb":{"@id":"https:\/\/cenal.gob.ve\/?p=27814#breadcrumb"},"inLanguage":"es","potentialAction":[{"@type":"ReadAction","target":["https:\/\/cenal.gob.ve\/?p=27814"]}]},{"@type":"BreadcrumbList","@id":"https:\/\/cenal.gob.ve\/?p=27814#breadcrumb","itemListElement":[{"@type":"ListItem","position":1,"name":"Home","item":"https:\/\/cenal.gob.ve\/"},{"@type":"ListItem","position":2,"name":"Luis Britto present\u00f3 en la 38.\u00aa FILBo su compilaci\u00f3n teatral Dramas de la Patria"}]},{"@type":"WebSite","@id":"https:\/\/cenal.gob.ve\/#website","url":"https:\/\/cenal.gob.ve\/","name":"Cenal","description":"","publisher":{"@id":"https:\/\/cenal.gob.ve\/#organization"},"potentialAction":[{"@type":"SearchAction","target":{"@type":"EntryPoint","urlTemplate":"https:\/\/cenal.gob.ve\/?s={search_term_string}"},"query-input":"required name=search_term_string"}],"inLanguage":"es"},{"@type":"Organization","@id":"https:\/\/cenal.gob.ve\/#organization","name":"CENAL","url":"https:\/\/cenal.gob.ve\/","sameAs":[],"logo":{"@type":"ImageObject","inLanguage":"es","@id":"https:\/\/cenal.gob.ve\/#\/schema\/logo\/image\/","url":"https:\/\/i0.wp.com\/cenal.gob.ve\/wp-content\/uploads\/2022\/10\/cropped-images.jpg?fit=512%2C512","contentUrl":"https:\/\/i0.wp.com\/cenal.gob.ve\/wp-content\/uploads\/2022\/10\/cropped-images.jpg?fit=512%2C512","width":512,"height":512,"caption":"CENAL"},"image":{"@id":"https:\/\/cenal.gob.ve\/#\/schema\/logo\/image\/"}},{"@type":"Person","@id":"https:\/\/cenal.gob.ve\/#\/schema\/person\/e3ed34623f400ffab8bc7a63b2f5533f","name":"Prensa Cenal","image":{"@type":"ImageObject","inLanguage":"es","@id":"https:\/\/cenal.gob.ve\/#\/schema\/person\/image\/","url":"https:\/\/secure.gravatar.com\/avatar\/594b4ed34090910c619ac3679001d491?s=96&d=mm&r=g","contentUrl":"https:\/\/secure.gravatar.com\/avatar\/594b4ed34090910c619ac3679001d491?s=96&d=mm&r=g","caption":"Prensa Cenal"},"url":"https:\/\/cenal.gob.ve\/?author=10"}]}},"jetpack_featured_media_url":"https:\/\/cenal.gob.ve\/wp-content\/uploads\/2026\/04\/IMG-20260429-WA0088-1.jpg","jetpack_publicize_connections":[],"jetpack_shortlink":"https:\/\/wp.me\/p5FMhp-7eC","_links":{"self":[{"href":"https:\/\/cenal.gob.ve\/index.php?rest_route=\/wp\/v2\/posts\/27814"}],"collection":[{"href":"https:\/\/cenal.gob.ve\/index.php?rest_route=\/wp\/v2\/posts"}],"about":[{"href":"https:\/\/cenal.gob.ve\/index.php?rest_route=\/wp\/v2\/types\/post"}],"author":[{"embeddable":true,"href":"https:\/\/cenal.gob.ve\/index.php?rest_route=\/wp\/v2\/users\/10"}],"replies":[{"embeddable":true,"href":"https:\/\/cenal.gob.ve\/index.php?rest_route=%2Fwp%2Fv2%2Fcomments&post=27814"}],"version-history":[{"count":4,"href":"https:\/\/cenal.gob.ve\/index.php?rest_route=\/wp\/v2\/posts\/27814\/revisions"}],"predecessor-version":[{"id":27834,"href":"https:\/\/cenal.gob.ve\/index.php?rest_route=\/wp\/v2\/posts\/27814\/revisions\/27834"}],"wp:featuredmedia":[{"embeddable":true,"href":"https:\/\/cenal.gob.ve\/index.php?rest_route=\/wp\/v2\/media\/27840"}],"wp:attachment":[{"href":"https:\/\/cenal.gob.ve\/index.php?rest_route=%2Fwp%2Fv2%2Fmedia&parent=27814"}],"wp:term":[{"taxonomy":"category","embeddable":true,"href":"https:\/\/cenal.gob.ve\/index.php?rest_route=%2Fwp%2Fv2%2Fcategories&post=27814"},{"taxonomy":"post_tag","embeddable":true,"href":"https:\/\/cenal.gob.ve\/index.php?rest_route=%2Fwp%2Fv2%2Ftags&post=27814"}],"curies":[{"name":"wp","href":"https:\/\/api.w.org\/{rel}","templated":true}]}}