{"id":27845,"date":"2026-04-29T15:09:48","date_gmt":"2026-04-29T19:09:48","guid":{"rendered":"https:\/\/cenal.gob.ve\/?p=27845"},"modified":"2026-04-29T15:15:24","modified_gmt":"2026-04-29T19:15:24","slug":"luis-britto-en-filbo-con-andanada-de-relatos-breves","status":"publish","type":"post","link":"https:\/\/cenal.gob.ve\/?p=27845","title":{"rendered":"Luis Britto en FILBo con andanada de relatos breves"},"content":{"rendered":"\n<p>El escritor e intelectual Luis Britto Garc\u00eda comparti\u00f3 en la 38.\u00aa Feria Internacional del Libro de Bogot\u00e1 (FILBo) los or\u00edgenes de algunas de sus ficciones literarias a partir de la presentaci\u00f3n de su libro Anda Nada, con una nueva edici\u00f3n realizada por Monte \u00c1vila Editores Latinoamericana (2025).<\/p>\n\n\n\n<p>\u201cUna \u2018andanada\u2019 es el disparo simult\u00e1neo de todas las piezas de la banda de un buque de guerra. Entonces, esto es un conjunto de disparos de ca\u00f1ones de distintos tipos\u201d, coment\u00f3 Britto sobre su libro de relatos breves, que ha considerado ca\u00f1onazos y con los que los lectores ser\u00e1n impactados por juegos de palabras, s\u00e1tira humor, aventuras y m\u00e1s elementos que se derivan de la polifac\u00e9tica habilidad del reconocido autor y pensador venezolano.<\/p>\n\n\n\n<figure class=\"wp-block-image size-large\"><img width=\"1024\" height=\"682\" src=\"https:\/\/cenal.gob.ve\/wp-content\/uploads\/2026\/04\/IMG_20260429_132601_654-1-1024x682.jpg\" alt=\"\" class=\"wp-image-27846\" srcset=\"https:\/\/cenal.gob.ve\/wp-content\/uploads\/2026\/04\/IMG_20260429_132601_654-1-1024x682.jpg 1024w, https:\/\/cenal.gob.ve\/wp-content\/uploads\/2026\/04\/IMG_20260429_132601_654-1-300x200.jpg 300w, https:\/\/cenal.gob.ve\/wp-content\/uploads\/2026\/04\/IMG_20260429_132601_654-1-768x512.jpg 768w, https:\/\/cenal.gob.ve\/wp-content\/uploads\/2026\/04\/IMG_20260429_132601_654-1-1536x1024.jpg 1536w, https:\/\/cenal.gob.ve\/wp-content\/uploads\/2026\/04\/IMG_20260429_132601_654-1-2048x1365.jpg 2048w, https:\/\/cenal.gob.ve\/wp-content\/uploads\/2026\/04\/IMG_20260429_132601_654-1-640x427.jpg 640w\" sizes=\"(max-width: 1024px) 100vw, 1024px\" \/><\/figure>\n\n\n\n<p>De hecho, la portada refleja un ca\u00f1\u00f3n. \u201cEs original, lo fotografi\u00e9 en el museo naval de Hamburgo\u201d, destac\u00f3 Britto, quien tambi\u00e9n suma entre sus pasiones la fotograf\u00eda.<\/p>\n\n\n\n<p>Coment\u00f3 que muchos de los relatos contenidos en Anda Nada tienen algo que ver con la mar. \u201cSiempre ando persiguiendo la cuesti\u00f3n naval, porque como ya se dijo una vez: \u2018el que ha sido marinero, cuando ve la mar suspira\u201d.<\/p>\n\n\n\n<p>Britto reflexion\u00f3 junto a los presentes sobre su amplia obra literaria al punto de disculparse en tono de humor por haber escrito tanta literatura, la que defini\u00f3 como el resultado de una batalla continua del inter\u00e9s humano por el derecho a la ficci\u00f3n.<\/p>\n\n\n\n<p>\u201cLo cierto es que la literatura es una funda para escapar de la realidad\u201d, afirm\u00f3 el escritor.<\/p>\n\n\n\n<figure class=\"wp-block-image size-large\"><img width=\"1024\" height=\"682\" src=\"https:\/\/cenal.gob.ve\/wp-content\/uploads\/2026\/04\/IMG_20260429_132615_768-1024x682.jpg\" alt=\"\" class=\"wp-image-27848\" srcset=\"https:\/\/cenal.gob.ve\/wp-content\/uploads\/2026\/04\/IMG_20260429_132615_768-1024x682.jpg 1024w, https:\/\/cenal.gob.ve\/wp-content\/uploads\/2026\/04\/IMG_20260429_132615_768-300x200.jpg 300w, https:\/\/cenal.gob.ve\/wp-content\/uploads\/2026\/04\/IMG_20260429_132615_768-768x512.jpg 768w, https:\/\/cenal.gob.ve\/wp-content\/uploads\/2026\/04\/IMG_20260429_132615_768-1536x1024.jpg 1536w, https:\/\/cenal.gob.ve\/wp-content\/uploads\/2026\/04\/IMG_20260429_132615_768-2048x1365.jpg 2048w, https:\/\/cenal.gob.ve\/wp-content\/uploads\/2026\/04\/IMG_20260429_132615_768-640x427.jpg 640w\" sizes=\"(max-width: 1024px) 100vw, 1024px\" \/><\/figure>\n\n\n\n<p>Adem\u00e1s, mencion\u00f3 la presencia de los sue\u00f1os como insumo para la creaci\u00f3n literaria y como una necesidad para la vida.<\/p>\n\n\n\n<p>\u201cAhora, hay sue\u00f1os tan v\u00edvidos que uno despu\u00e9s no sabe si los so\u00f1\u00f3 o son realidad. Pero para m\u00ed en esta forma fue que se cre\u00f3 toda una cantidad de ciudades humanas, la religi\u00f3n, la novel\u00edstica, la poes\u00eda, la mitolog\u00eda\u2026 Todo tiene que ver con esa funci\u00f3n de la confusi\u00f3n del sue\u00f1o con la realidad y la narraci\u00f3n de esa realidad\u201d, refiri\u00f3.<\/p>\n\n\n\n<p>La obra Anda Nada est\u00e1 dividida en los cap\u00edtulos Primeras Piedras, Rinc\u00f3n de los muertos, Vitrales, Placeres ociosos, Tragedias literarias, Vida cotidiana, Vida secreta y los Di\u00e1logos del fin del mundo.<\/p>\n\n\n\n<p><strong>Faceta como dramaturgo<\/strong><\/p>\n\n\n\n<p>Adem\u00e1s de presentar Anda Nada, Luis Britto comparti\u00f3 en la 38.\u00aa FILBo su compilaci\u00f3n teatral Dramas de la Patria, que incluye doce de sus diecisiete obras teatrales llevadas a escena, bajo una coedici\u00f3n entre Monte \u00c1vila Editores Latinoamericana y la Compa\u00f1\u00eda Nacional de Teatro de Venezuela.<\/p>\n\n\n\n<figure class=\"wp-block-image size-large\"><img width=\"1024\" height=\"682\" src=\"https:\/\/cenal.gob.ve\/wp-content\/uploads\/2026\/04\/IMG_20260429_132638_622-1-1024x682.jpg\" alt=\"\" class=\"wp-image-27847\" srcset=\"https:\/\/cenal.gob.ve\/wp-content\/uploads\/2026\/04\/IMG_20260429_132638_622-1-1024x682.jpg 1024w, https:\/\/cenal.gob.ve\/wp-content\/uploads\/2026\/04\/IMG_20260429_132638_622-1-300x200.jpg 300w, https:\/\/cenal.gob.ve\/wp-content\/uploads\/2026\/04\/IMG_20260429_132638_622-1-768x512.jpg 768w, https:\/\/cenal.gob.ve\/wp-content\/uploads\/2026\/04\/IMG_20260429_132638_622-1-1536x1024.jpg 1536w, https:\/\/cenal.gob.ve\/wp-content\/uploads\/2026\/04\/IMG_20260429_132638_622-1-2048x1365.jpg 2048w, https:\/\/cenal.gob.ve\/wp-content\/uploads\/2026\/04\/IMG_20260429_132638_622-1-640x427.jpg 640w\" sizes=\"(max-width: 1024px) 100vw, 1024px\" \/><\/figure>\n\n\n\n<p>Esta publicaci\u00f3n incluye piezas teatrales como Venezuela tuya, con la que Britto debut\u00f3 en 1971 como dramaturgo; El tirano Aguirre o la conquista de El dorado y La misa del esclavo, con las que los espectadores han podido explorar la historia de un pa\u00eds vista desde sus tragedias m\u00ednimas y m\u00e1ximas.<\/p>\n\n\n\n<p>Luis Britto Garc\u00eda es Premio Nacional de Literatura, otorgado en 2002 por el conjunto de su obra, y fue declarado en 2025 Portador Patrimonial de la Naci\u00f3n. Su obra abarca m\u00e1s de noventa t\u00edtulos en g\u00e9neros como la novela, el ensayo, la dramaturgia, el gui\u00f3n de cine, el cuento, humor, dibujo, historia, estudios jur\u00eddicos y estudios culturales.<\/p>\n\n\n\n<p>Venezuela participa con el Ministerio del Poder Popular para la Cultura en la 38.\u00aa FILBo con m\u00e1s de 200 novedades editoriales producidas en el pa\u00eds y muestras de sus perspectivas literarias.<\/p>\n\n\n\n<figure class=\"wp-block-image size-large\"><img width=\"1024\" height=\"682\" src=\"https:\/\/cenal.gob.ve\/wp-content\/uploads\/2026\/04\/IMG_20260429_132707_248-2-1024x682.jpg\" alt=\"\" class=\"wp-image-27849\" srcset=\"https:\/\/cenal.gob.ve\/wp-content\/uploads\/2026\/04\/IMG_20260429_132707_248-2-1024x682.jpg 1024w, https:\/\/cenal.gob.ve\/wp-content\/uploads\/2026\/04\/IMG_20260429_132707_248-2-300x200.jpg 300w, https:\/\/cenal.gob.ve\/wp-content\/uploads\/2026\/04\/IMG_20260429_132707_248-2-768x512.jpg 768w, https:\/\/cenal.gob.ve\/wp-content\/uploads\/2026\/04\/IMG_20260429_132707_248-2-1536x1024.jpg 1536w, https:\/\/cenal.gob.ve\/wp-content\/uploads\/2026\/04\/IMG_20260429_132707_248-2-2048x1365.jpg 2048w, https:\/\/cenal.gob.ve\/wp-content\/uploads\/2026\/04\/IMG_20260429_132707_248-2-640x427.jpg 640w\" sizes=\"(max-width: 1024px) 100vw, 1024px\" \/><\/figure>\n","protected":false},"excerpt":{"rendered":"<p>El escritor e intelectual Luis Britto Garc\u00eda comparti\u00f3 en la 38.\u00aa Feria Internacional del Libro de Bogot\u00e1 (FILBo) los or\u00edgenes de algunas de sus ficciones literarias a partir de la [&hellip;]<\/p>\n","protected":false},"author":10,"featured_media":27824,"comment_status":"open","ping_status":"closed","sticky":false,"template":"","format":"standard","meta":{"spay_email":"","jetpack_publicize_message":"","jetpack_is_tweetstorm":false,"jetpack_publicize_feature_enabled":true},"categories":[2],"tags":[],"yoast_head":"<!-- This site is optimized with the Yoast SEO plugin v19.8 - https:\/\/yoast.com\/wordpress\/plugins\/seo\/ -->\n<title>Luis Britto en FILBo con andanada de relatos breves<\/title>\n<meta name=\"robots\" content=\"index, follow, max-snippet:-1, max-image-preview:large, max-video-preview:-1\" \/>\n<link rel=\"canonical\" href=\"https:\/\/cenal.gob.ve\/?p=27845\" \/>\n<meta property=\"og:locale\" content=\"es_ES\" \/>\n<meta property=\"og:type\" content=\"article\" \/>\n<meta property=\"og:title\" content=\"Luis Britto en FILBo con andanada de relatos breves\" \/>\n<meta property=\"og:description\" content=\"El escritor e intelectual Luis Britto Garc\u00eda comparti\u00f3 en la 38.\u00aa Feria Internacional del Libro de Bogot\u00e1 (FILBo) los or\u00edgenes de algunas de sus ficciones literarias a partir de la [&hellip;]\" \/>\n<meta property=\"og:url\" content=\"https:\/\/cenal.gob.ve\/?p=27845\" \/>\n<meta property=\"og:site_name\" content=\"Cenal\" \/>\n<meta property=\"article:published_time\" content=\"2026-04-29T19:09:48+00:00\" \/>\n<meta property=\"article:modified_time\" content=\"2026-04-29T19:15:24+00:00\" \/>\n<meta property=\"og:image\" content=\"http:\/\/cenal.gob.ve\/wp-content\/uploads\/2026\/04\/IMG_20260429_132611_482.jpg\" \/>\n\t<meta property=\"og:image:width\" content=\"2560\" \/>\n\t<meta property=\"og:image:height\" content=\"1706\" \/>\n\t<meta property=\"og:image:type\" content=\"image\/jpeg\" \/>\n<meta name=\"author\" content=\"Prensa Cenal\" \/>\n<meta name=\"twitter:card\" content=\"summary_large_image\" \/>\n<meta name=\"twitter:label1\" content=\"Written by\" \/>\n\t<meta name=\"twitter:data1\" content=\"Prensa Cenal\" \/>\n\t<meta name=\"twitter:label2\" content=\"Est. reading time\" \/>\n\t<meta name=\"twitter:data2\" content=\"4 minutos\" \/>\n<script type=\"application\/ld+json\" class=\"yoast-schema-graph\">{\"@context\":\"https:\/\/schema.org\",\"@graph\":[{\"@type\":\"Article\",\"@id\":\"https:\/\/cenal.gob.ve\/?p=27845#article\",\"isPartOf\":{\"@id\":\"https:\/\/cenal.gob.ve\/?p=27845\"},\"author\":{\"name\":\"Prensa Cenal\",\"@id\":\"https:\/\/cenal.gob.ve\/#\/schema\/person\/e3ed34623f400ffab8bc7a63b2f5533f\"},\"headline\":\"Luis Britto en FILBo con andanada de relatos breves\",\"datePublished\":\"2026-04-29T19:09:48+00:00\",\"dateModified\":\"2026-04-29T19:15:24+00:00\",\"mainEntityOfPage\":{\"@id\":\"https:\/\/cenal.gob.ve\/?p=27845\"},\"wordCount\":600,\"commentCount\":0,\"publisher\":{\"@id\":\"https:\/\/cenal.gob.ve\/#organization\"},\"articleSection\":[\"Cenal\"],\"inLanguage\":\"es\",\"potentialAction\":[{\"@type\":\"CommentAction\",\"name\":\"Comment\",\"target\":[\"https:\/\/cenal.gob.ve\/?p=27845#respond\"]}]},{\"@type\":\"WebPage\",\"@id\":\"https:\/\/cenal.gob.ve\/?p=27845\",\"url\":\"https:\/\/cenal.gob.ve\/?p=27845\",\"name\":\"Luis Britto en FILBo con andanada de relatos breves\",\"isPartOf\":{\"@id\":\"https:\/\/cenal.gob.ve\/#website\"},\"datePublished\":\"2026-04-29T19:09:48+00:00\",\"dateModified\":\"2026-04-29T19:15:24+00:00\",\"breadcrumb\":{\"@id\":\"https:\/\/cenal.gob.ve\/?p=27845#breadcrumb\"},\"inLanguage\":\"es\",\"potentialAction\":[{\"@type\":\"ReadAction\",\"target\":[\"https:\/\/cenal.gob.ve\/?p=27845\"]}]},{\"@type\":\"BreadcrumbList\",\"@id\":\"https:\/\/cenal.gob.ve\/?p=27845#breadcrumb\",\"itemListElement\":[{\"@type\":\"ListItem\",\"position\":1,\"name\":\"Home\",\"item\":\"https:\/\/cenal.gob.ve\/\"},{\"@type\":\"ListItem\",\"position\":2,\"name\":\"Luis Britto en FILBo con andanada de relatos breves\"}]},{\"@type\":\"WebSite\",\"@id\":\"https:\/\/cenal.gob.ve\/#website\",\"url\":\"https:\/\/cenal.gob.ve\/\",\"name\":\"Cenal\",\"description\":\"\",\"publisher\":{\"@id\":\"https:\/\/cenal.gob.ve\/#organization\"},\"potentialAction\":[{\"@type\":\"SearchAction\",\"target\":{\"@type\":\"EntryPoint\",\"urlTemplate\":\"https:\/\/cenal.gob.ve\/?s={search_term_string}\"},\"query-input\":\"required name=search_term_string\"}],\"inLanguage\":\"es\"},{\"@type\":\"Organization\",\"@id\":\"https:\/\/cenal.gob.ve\/#organization\",\"name\":\"CENAL\",\"url\":\"https:\/\/cenal.gob.ve\/\",\"sameAs\":[],\"logo\":{\"@type\":\"ImageObject\",\"inLanguage\":\"es\",\"@id\":\"https:\/\/cenal.gob.ve\/#\/schema\/logo\/image\/\",\"url\":\"https:\/\/i0.wp.com\/cenal.gob.ve\/wp-content\/uploads\/2022\/10\/cropped-images.jpg?fit=512%2C512\",\"contentUrl\":\"https:\/\/i0.wp.com\/cenal.gob.ve\/wp-content\/uploads\/2022\/10\/cropped-images.jpg?fit=512%2C512\",\"width\":512,\"height\":512,\"caption\":\"CENAL\"},\"image\":{\"@id\":\"https:\/\/cenal.gob.ve\/#\/schema\/logo\/image\/\"}},{\"@type\":\"Person\",\"@id\":\"https:\/\/cenal.gob.ve\/#\/schema\/person\/e3ed34623f400ffab8bc7a63b2f5533f\",\"name\":\"Prensa Cenal\",\"image\":{\"@type\":\"ImageObject\",\"inLanguage\":\"es\",\"@id\":\"https:\/\/cenal.gob.ve\/#\/schema\/person\/image\/\",\"url\":\"https:\/\/secure.gravatar.com\/avatar\/594b4ed34090910c619ac3679001d491?s=96&d=mm&r=g\",\"contentUrl\":\"https:\/\/secure.gravatar.com\/avatar\/594b4ed34090910c619ac3679001d491?s=96&d=mm&r=g\",\"caption\":\"Prensa Cenal\"},\"url\":\"https:\/\/cenal.gob.ve\/?author=10\"}]}<\/script>\n<!-- \/ Yoast SEO plugin. -->","yoast_head_json":{"title":"Luis Britto en FILBo con andanada de relatos breves","robots":{"index":"index","follow":"follow","max-snippet":"max-snippet:-1","max-image-preview":"max-image-preview:large","max-video-preview":"max-video-preview:-1"},"canonical":"https:\/\/cenal.gob.ve\/?p=27845","og_locale":"es_ES","og_type":"article","og_title":"Luis Britto en FILBo con andanada de relatos breves","og_description":"El escritor e intelectual Luis Britto Garc\u00eda comparti\u00f3 en la 38.\u00aa Feria Internacional del Libro de Bogot\u00e1 (FILBo) los or\u00edgenes de algunas de sus ficciones literarias a partir de la [&hellip;]","og_url":"https:\/\/cenal.gob.ve\/?p=27845","og_site_name":"Cenal","article_published_time":"2026-04-29T19:09:48+00:00","article_modified_time":"2026-04-29T19:15:24+00:00","og_image":[{"width":2560,"height":1706,"url":"http:\/\/cenal.gob.ve\/wp-content\/uploads\/2026\/04\/IMG_20260429_132611_482.jpg","type":"image\/jpeg"}],"author":"Prensa Cenal","twitter_card":"summary_large_image","twitter_misc":{"Written by":"Prensa Cenal","Est. reading time":"4 minutos"},"schema":{"@context":"https:\/\/schema.org","@graph":[{"@type":"Article","@id":"https:\/\/cenal.gob.ve\/?p=27845#article","isPartOf":{"@id":"https:\/\/cenal.gob.ve\/?p=27845"},"author":{"name":"Prensa Cenal","@id":"https:\/\/cenal.gob.ve\/#\/schema\/person\/e3ed34623f400ffab8bc7a63b2f5533f"},"headline":"Luis Britto en FILBo con andanada de relatos breves","datePublished":"2026-04-29T19:09:48+00:00","dateModified":"2026-04-29T19:15:24+00:00","mainEntityOfPage":{"@id":"https:\/\/cenal.gob.ve\/?p=27845"},"wordCount":600,"commentCount":0,"publisher":{"@id":"https:\/\/cenal.gob.ve\/#organization"},"articleSection":["Cenal"],"inLanguage":"es","potentialAction":[{"@type":"CommentAction","name":"Comment","target":["https:\/\/cenal.gob.ve\/?p=27845#respond"]}]},{"@type":"WebPage","@id":"https:\/\/cenal.gob.ve\/?p=27845","url":"https:\/\/cenal.gob.ve\/?p=27845","name":"Luis Britto en FILBo con andanada de relatos breves","isPartOf":{"@id":"https:\/\/cenal.gob.ve\/#website"},"datePublished":"2026-04-29T19:09:48+00:00","dateModified":"2026-04-29T19:15:24+00:00","breadcrumb":{"@id":"https:\/\/cenal.gob.ve\/?p=27845#breadcrumb"},"inLanguage":"es","potentialAction":[{"@type":"ReadAction","target":["https:\/\/cenal.gob.ve\/?p=27845"]}]},{"@type":"BreadcrumbList","@id":"https:\/\/cenal.gob.ve\/?p=27845#breadcrumb","itemListElement":[{"@type":"ListItem","position":1,"name":"Home","item":"https:\/\/cenal.gob.ve\/"},{"@type":"ListItem","position":2,"name":"Luis Britto en FILBo con andanada de relatos breves"}]},{"@type":"WebSite","@id":"https:\/\/cenal.gob.ve\/#website","url":"https:\/\/cenal.gob.ve\/","name":"Cenal","description":"","publisher":{"@id":"https:\/\/cenal.gob.ve\/#organization"},"potentialAction":[{"@type":"SearchAction","target":{"@type":"EntryPoint","urlTemplate":"https:\/\/cenal.gob.ve\/?s={search_term_string}"},"query-input":"required name=search_term_string"}],"inLanguage":"es"},{"@type":"Organization","@id":"https:\/\/cenal.gob.ve\/#organization","name":"CENAL","url":"https:\/\/cenal.gob.ve\/","sameAs":[],"logo":{"@type":"ImageObject","inLanguage":"es","@id":"https:\/\/cenal.gob.ve\/#\/schema\/logo\/image\/","url":"https:\/\/i0.wp.com\/cenal.gob.ve\/wp-content\/uploads\/2022\/10\/cropped-images.jpg?fit=512%2C512","contentUrl":"https:\/\/i0.wp.com\/cenal.gob.ve\/wp-content\/uploads\/2022\/10\/cropped-images.jpg?fit=512%2C512","width":512,"height":512,"caption":"CENAL"},"image":{"@id":"https:\/\/cenal.gob.ve\/#\/schema\/logo\/image\/"}},{"@type":"Person","@id":"https:\/\/cenal.gob.ve\/#\/schema\/person\/e3ed34623f400ffab8bc7a63b2f5533f","name":"Prensa Cenal","image":{"@type":"ImageObject","inLanguage":"es","@id":"https:\/\/cenal.gob.ve\/#\/schema\/person\/image\/","url":"https:\/\/secure.gravatar.com\/avatar\/594b4ed34090910c619ac3679001d491?s=96&d=mm&r=g","contentUrl":"https:\/\/secure.gravatar.com\/avatar\/594b4ed34090910c619ac3679001d491?s=96&d=mm&r=g","caption":"Prensa Cenal"},"url":"https:\/\/cenal.gob.ve\/?author=10"}]}},"jetpack_featured_media_url":"https:\/\/cenal.gob.ve\/wp-content\/uploads\/2026\/04\/IMG_20260429_132611_482.jpg","jetpack_publicize_connections":[],"jetpack_shortlink":"https:\/\/wp.me\/p5FMhp-7f7","_links":{"self":[{"href":"https:\/\/cenal.gob.ve\/index.php?rest_route=\/wp\/v2\/posts\/27845"}],"collection":[{"href":"https:\/\/cenal.gob.ve\/index.php?rest_route=\/wp\/v2\/posts"}],"about":[{"href":"https:\/\/cenal.gob.ve\/index.php?rest_route=\/wp\/v2\/types\/post"}],"author":[{"embeddable":true,"href":"https:\/\/cenal.gob.ve\/index.php?rest_route=\/wp\/v2\/users\/10"}],"replies":[{"embeddable":true,"href":"https:\/\/cenal.gob.ve\/index.php?rest_route=%2Fwp%2Fv2%2Fcomments&post=27845"}],"version-history":[{"count":2,"href":"https:\/\/cenal.gob.ve\/index.php?rest_route=\/wp\/v2\/posts\/27845\/revisions"}],"predecessor-version":[{"id":27852,"href":"https:\/\/cenal.gob.ve\/index.php?rest_route=\/wp\/v2\/posts\/27845\/revisions\/27852"}],"wp:featuredmedia":[{"embeddable":true,"href":"https:\/\/cenal.gob.ve\/index.php?rest_route=\/wp\/v2\/media\/27824"}],"wp:attachment":[{"href":"https:\/\/cenal.gob.ve\/index.php?rest_route=%2Fwp%2Fv2%2Fmedia&parent=27845"}],"wp:term":[{"taxonomy":"category","embeddable":true,"href":"https:\/\/cenal.gob.ve\/index.php?rest_route=%2Fwp%2Fv2%2Fcategories&post=27845"},{"taxonomy":"post_tag","embeddable":true,"href":"https:\/\/cenal.gob.ve\/index.php?rest_route=%2Fwp%2Fv2%2Ftags&post=27845"}],"curies":[{"name":"wp","href":"https:\/\/api.w.org\/{rel}","templated":true}]}}