{"id":27853,"date":"2026-04-29T17:38:10","date_gmt":"2026-04-29T21:38:10","guid":{"rendered":"https:\/\/cenal.gob.ve\/?p=27853"},"modified":"2026-04-29T17:38:16","modified_gmt":"2026-04-29T21:38:16","slug":"neguel-machado-y-la-decima-como-expresion-de-la-diversidad-cultural-venezolana-en-la-38-a-filbo","status":"publish","type":"post","link":"https:\/\/cenal.gob.ve\/?p=27853","title":{"rendered":"Neguel Machado y la d\u00e9cima como expresi\u00f3n de la diversidad cultural venezolana en la 38.\u00aa FILBo"},"content":{"rendered":"\n<p>Como un representante de las voces que desde distintos rincones de Venezuela han tejido sus vivencias en d\u00e9cimas, expresi\u00f3n de la poes\u00eda y creatividad popular, se present\u00f3 en la 38.\u00aa Feria Internacional del Libro de Bogot\u00e1 (FILBo) el poeta y decimista Neguel Machado, un cultor barlovente\u00f1o nacido y criado entre la oralidad.<\/p>\n\n\n\n<p>Machado a los 6 a\u00f1os sab\u00eda declamar Forentino y el Diablo, una obra emblem\u00e1tica del folclore venezolano escrita por Alberto Arvelo Torrealba, y sucesivamente fue aprendiendo m\u00e1s versos a trav\u00e9s de la narraci\u00f3n oral. En la actualidad participa en diferentes espacios literarios y culturales para explicar c\u00f3mo se estructura la d\u00e9cima y la importancia de la rima en la espinela.<\/p>\n\n\n\n<p><strong>Testimonio del ingenio popular<\/strong><\/p>\n\n\n\n<p>La d\u00e9cima como testimonio del ingenio popular brota en las faenas del campo, en las fiestas patronales, en los velorios de cruz, en los patios donde el cuatro y la tambora marcan el comp\u00e1s de la vida.<\/p>\n\n\n\n<p>Como muestra de ello y de la diversidad cultural venezolana, en la 38.\u00aa FILBo Neguel Machado present\u00f3 dos publicaciones que compilan creaciones de decimistas falconianos y zulianos editadas por El perro y la rana, una forma de registrar la memoria y fomentar tambi\u00e9n la lectura con p\u00e1ginas que invitan, con el o\u00eddo atento y el coraz\u00f3n abierto, a descubrir en cada d\u00e9cima una chispa de identidad.<\/p>\n\n\n\n<figure class=\"wp-block-image size-large\"><img width=\"1024\" height=\"682\" src=\"https:\/\/cenal.gob.ve\/wp-content\/uploads\/2026\/04\/IMG_20260429_172953_241-1024x682.jpg\" alt=\"\" class=\"wp-image-27855\" srcset=\"https:\/\/cenal.gob.ve\/wp-content\/uploads\/2026\/04\/IMG_20260429_172953_241-1024x682.jpg 1024w, https:\/\/cenal.gob.ve\/wp-content\/uploads\/2026\/04\/IMG_20260429_172953_241-300x200.jpg 300w, https:\/\/cenal.gob.ve\/wp-content\/uploads\/2026\/04\/IMG_20260429_172953_241-768x512.jpg 768w, https:\/\/cenal.gob.ve\/wp-content\/uploads\/2026\/04\/IMG_20260429_172953_241-1536x1024.jpg 1536w, https:\/\/cenal.gob.ve\/wp-content\/uploads\/2026\/04\/IMG_20260429_172953_241-2048x1365.jpg 2048w, https:\/\/cenal.gob.ve\/wp-content\/uploads\/2026\/04\/IMG_20260429_172953_241-640x427.jpg 640w\" sizes=\"(max-width: 1024px) 100vw, 1024px\" \/><\/figure>\n\n\n\n<p>&#8220;Estas antolog\u00edas, adem\u00e1s de recoger nuevas voces, tambi\u00e9n nos permiten reivindicar y exaltar a quienes anteriormente cultivaron este g\u00e9nero y son los mentores, y eso es muy importante, porque quiz\u00e1s muchos de ellos no tuvieron la oportunidad de ser publicados, de ser reflejados, de ser visibilizados&#8221;, coment\u00f3 Machado.<\/p>\n\n\n\n<p>Adem\u00e1s de tener arraigo en Zulia y Falc\u00f3n, tambi\u00e9n se evidencian grandes aportes al cultivo de la d\u00e9cima en Caracas y otros estados de Venezuela, como Miranda, Aragua, Carabobo, Lara, T\u00e1chira, M\u00e9rida, Sucre, Nueva Esparta, Monagas, Gu\u00e1rico, Anzo\u00e1tegui, La Guaira y Bol\u00edvar, se refiere en estas publicaciones.<\/p>\n\n\n\n<figure class=\"wp-block-image size-large\"><img width=\"1024\" height=\"682\" src=\"https:\/\/cenal.gob.ve\/wp-content\/uploads\/2026\/04\/IMG_20260429_173019_747-1024x682.jpg\" alt=\"\" class=\"wp-image-27856\" srcset=\"https:\/\/cenal.gob.ve\/wp-content\/uploads\/2026\/04\/IMG_20260429_173019_747-1024x682.jpg 1024w, https:\/\/cenal.gob.ve\/wp-content\/uploads\/2026\/04\/IMG_20260429_173019_747-300x200.jpg 300w, https:\/\/cenal.gob.ve\/wp-content\/uploads\/2026\/04\/IMG_20260429_173019_747-768x512.jpg 768w, https:\/\/cenal.gob.ve\/wp-content\/uploads\/2026\/04\/IMG_20260429_173019_747-1536x1024.jpg 1536w, https:\/\/cenal.gob.ve\/wp-content\/uploads\/2026\/04\/IMG_20260429_173019_747-2048x1365.jpg 2048w, https:\/\/cenal.gob.ve\/wp-content\/uploads\/2026\/04\/IMG_20260429_173019_747-640x427.jpg 640w\" sizes=\"(max-width: 1024px) 100vw, 1024px\" \/><\/figure>\n\n\n\n<p>Sobre la Antolog\u00eda de Decimistas Falconianos, en la que trabaj\u00f3 como compilador junto a Juan Echeverr\u00eda y Danni &#8220;Olegario Ortega&#8221;, Machado detall\u00f3 que incluye 37 cultores con 240 composiciones, 983 estrofas, donde se cuenta y canta a las costumbres, a los personajes y hechos hist\u00f3ricos, al amor, al humor y el sarcasmo, a lo patri\u00f3tico y libertario, a lo religioso, a lo culinario, al paisaje, al trino de la pajarera, al pescador, al padre, a la madre, a la familia, a la rebeld\u00eda, a la calma, a la negritud.<\/p>\n\n\n\n<p>&#8220;La obra, en su conjunto, presenta una notable sofisticaci\u00f3n t\u00e9cnica; se observan d\u00e9cimas encadenadas, esa d\u00e9cima que tiene que ver &#8216;donde t\u00fa terminas, arranco yo&#8217;; se observan d\u00e9cimas anaf\u00f3ricas, es decir, donde se repite la idea; la de pie forzado que te obliga a construir los primeros nueve versos para que terminen con el d\u00e9cimo&#8221;, ilustr\u00f3.<\/p>\n\n\n\n<figure class=\"wp-block-image size-large\"><img width=\"1024\" height=\"682\" src=\"https:\/\/cenal.gob.ve\/wp-content\/uploads\/2026\/04\/IMG_20260429_172956_253-1024x682.jpg\" alt=\"\" class=\"wp-image-27857\" srcset=\"https:\/\/cenal.gob.ve\/wp-content\/uploads\/2026\/04\/IMG_20260429_172956_253-1024x682.jpg 1024w, https:\/\/cenal.gob.ve\/wp-content\/uploads\/2026\/04\/IMG_20260429_172956_253-300x200.jpg 300w, https:\/\/cenal.gob.ve\/wp-content\/uploads\/2026\/04\/IMG_20260429_172956_253-768x512.jpg 768w, https:\/\/cenal.gob.ve\/wp-content\/uploads\/2026\/04\/IMG_20260429_172956_253-1536x1024.jpg 1536w, https:\/\/cenal.gob.ve\/wp-content\/uploads\/2026\/04\/IMG_20260429_172956_253-2048x1365.jpg 2048w, https:\/\/cenal.gob.ve\/wp-content\/uploads\/2026\/04\/IMG_20260429_172956_253-640x427.jpg 640w\" sizes=\"(max-width: 1024px) 100vw, 1024px\" \/><\/figure>\n\n\n\n<p>De acuerdo con Machado, esto indica que el decimista falconiano no es un improvisador r\u00fastico, sino un artesano de la palabra que domina las complejidades de la espinela.<\/p>\n\n\n\n<p>Por otra parte, Machado explic\u00f3 que la Antolog\u00eda de Decimistas zulianos, donde tambi\u00e9n fue compilador junto a Danni &#8220;Olegario&#8221; Ortega, re\u00fane a veinticuatro decimistas de generaci\u00f3n contempor\u00e1nea e incluye a dos colosos de este g\u00e9nero po\u00e9tico como lo son El Indio Miguel y Chevoche.<\/p>\n\n\n\n<p>En esta publicaci\u00f3n hay muestras de la cosmovisi\u00f3n zuliana, ejemplos de la sublime esencia del amor y ocurrencias y jocosidades del decimista zuliano, indic\u00f3 Machado.<\/p>\n\n\n\n<p><strong>Gran cantidad de variantes expresivas<\/strong><\/p>\n\n\n\n<p>Este g\u00e9nero po\u00e9tico, diseminado por todo el continente, en Venezuela tiene la mayor cantidad de variantes expresivas: jotas, galerones, gaitas zulianas, perijaneras, malague\u00f1as, puntos de navegante, salves y declamaciones, entre muchas otras expresiones.<\/p>\n\n\n\n<p>Algunos de los exponentes de la d\u00e9cima en Venezuela son Chel\u00edas Villarroel, Pedro Palmar, V\u00edctor Hugo M\u00e1rquez, Nicolasa G\u00f3mez, Julio Ram\u00edrez, Cruz Mar\u00eda Conopoi, Narciso Blanco, Mario Villasmil, Miguel Aldemar Gamboa, Juancito Pedr\u00f3n, Dalmirito Malaver, Enrique Vi\u00f1oles, Ignacio Mu\u00f1oz, Frank Calles, Ignacio Hern\u00e1ndez, Veda V\u00edlchez, entre muchos otros y otras.<\/p>\n\n\n\n<p>Venezuela participa con el Ministerio del Poder Popular para la Cultura en la 38.\u00aa FILBo, donde presenta m\u00e1s de 200 novedades editoriales producidas en el pa\u00eds y muestras de sus perspectivas literarias.<\/p>\n\n\n\n<figure class=\"wp-block-image size-large\"><img width=\"1024\" height=\"682\" src=\"https:\/\/cenal.gob.ve\/wp-content\/uploads\/2026\/04\/IMG_20260429_172936_364-1024x682.jpg\" alt=\"\" class=\"wp-image-27858\" srcset=\"https:\/\/cenal.gob.ve\/wp-content\/uploads\/2026\/04\/IMG_20260429_172936_364-1024x682.jpg 1024w, https:\/\/cenal.gob.ve\/wp-content\/uploads\/2026\/04\/IMG_20260429_172936_364-300x200.jpg 300w, https:\/\/cenal.gob.ve\/wp-content\/uploads\/2026\/04\/IMG_20260429_172936_364-768x512.jpg 768w, https:\/\/cenal.gob.ve\/wp-content\/uploads\/2026\/04\/IMG_20260429_172936_364-1536x1024.jpg 1536w, https:\/\/cenal.gob.ve\/wp-content\/uploads\/2026\/04\/IMG_20260429_172936_364-2048x1365.jpg 2048w, https:\/\/cenal.gob.ve\/wp-content\/uploads\/2026\/04\/IMG_20260429_172936_364-640x427.jpg 640w\" sizes=\"(max-width: 1024px) 100vw, 1024px\" \/><\/figure>\n\n\n\n<figure class=\"wp-block-image size-large\"><img width=\"1024\" height=\"682\" src=\"https:\/\/cenal.gob.ve\/wp-content\/uploads\/2026\/04\/IMG_20260429_172940_274-1024x682.jpg\" alt=\"\" class=\"wp-image-27859\" srcset=\"https:\/\/cenal.gob.ve\/wp-content\/uploads\/2026\/04\/IMG_20260429_172940_274-1024x682.jpg 1024w, https:\/\/cenal.gob.ve\/wp-content\/uploads\/2026\/04\/IMG_20260429_172940_274-300x200.jpg 300w, https:\/\/cenal.gob.ve\/wp-content\/uploads\/2026\/04\/IMG_20260429_172940_274-768x512.jpg 768w, https:\/\/cenal.gob.ve\/wp-content\/uploads\/2026\/04\/IMG_20260429_172940_274-1536x1024.jpg 1536w, https:\/\/cenal.gob.ve\/wp-content\/uploads\/2026\/04\/IMG_20260429_172940_274-2048x1365.jpg 2048w, https:\/\/cenal.gob.ve\/wp-content\/uploads\/2026\/04\/IMG_20260429_172940_274-640x427.jpg 640w\" sizes=\"(max-width: 1024px) 100vw, 1024px\" \/><\/figure>\n\n\n\n<figure class=\"wp-block-image size-large\"><img width=\"1024\" height=\"682\" src=\"https:\/\/cenal.gob.ve\/wp-content\/uploads\/2026\/04\/IMG_20260429_172933_240-1024x682.jpg\" alt=\"\" class=\"wp-image-27860\" srcset=\"https:\/\/cenal.gob.ve\/wp-content\/uploads\/2026\/04\/IMG_20260429_172933_240-1024x682.jpg 1024w, https:\/\/cenal.gob.ve\/wp-content\/uploads\/2026\/04\/IMG_20260429_172933_240-300x200.jpg 300w, https:\/\/cenal.gob.ve\/wp-content\/uploads\/2026\/04\/IMG_20260429_172933_240-768x512.jpg 768w, https:\/\/cenal.gob.ve\/wp-content\/uploads\/2026\/04\/IMG_20260429_172933_240-1536x1024.jpg 1536w, https:\/\/cenal.gob.ve\/wp-content\/uploads\/2026\/04\/IMG_20260429_172933_240-2048x1365.jpg 2048w, https:\/\/cenal.gob.ve\/wp-content\/uploads\/2026\/04\/IMG_20260429_172933_240-640x427.jpg 640w\" sizes=\"(max-width: 1024px) 100vw, 1024px\" \/><\/figure>\n","protected":false},"excerpt":{"rendered":"<p>Como un representante de las voces que desde distintos rincones de Venezuela han tejido sus vivencias en d\u00e9cimas, expresi\u00f3n de la poes\u00eda y creatividad popular, se present\u00f3 en la 38.\u00aa [&hellip;]<\/p>\n","protected":false},"author":10,"featured_media":27854,"comment_status":"open","ping_status":"closed","sticky":false,"template":"","format":"standard","meta":{"spay_email":"","jetpack_publicize_message":"","jetpack_is_tweetstorm":false,"jetpack_publicize_feature_enabled":true},"categories":[2],"tags":[81,211,212,9],"yoast_head":"<!-- This site is optimized with the Yoast SEO plugin v19.8 - https:\/\/yoast.com\/wordpress\/plugins\/seo\/ -->\n<title>Neguel Machado y la d\u00e9cima como expresi\u00f3n de la diversidad cultural venezolana en la 38.\u00aa FILBo<\/title>\n<meta name=\"robots\" content=\"index, follow, max-snippet:-1, max-image-preview:large, max-video-preview:-1\" \/>\n<link rel=\"canonical\" href=\"https:\/\/cenal.gob.ve\/?p=27853\" \/>\n<meta property=\"og:locale\" content=\"es_ES\" \/>\n<meta property=\"og:type\" content=\"article\" \/>\n<meta property=\"og:title\" content=\"Neguel Machado y la d\u00e9cima como expresi\u00f3n de la diversidad cultural venezolana en la 38.\u00aa FILBo\" \/>\n<meta property=\"og:description\" content=\"Como un representante de las voces que desde distintos rincones de Venezuela han tejido sus vivencias en d\u00e9cimas, expresi\u00f3n de la poes\u00eda y creatividad popular, se present\u00f3 en la 38.\u00aa [&hellip;]\" \/>\n<meta property=\"og:url\" content=\"https:\/\/cenal.gob.ve\/?p=27853\" \/>\n<meta property=\"og:site_name\" content=\"Cenal\" \/>\n<meta property=\"article:published_time\" content=\"2026-04-29T21:38:10+00:00\" \/>\n<meta property=\"article:modified_time\" content=\"2026-04-29T21:38:16+00:00\" \/>\n<meta property=\"og:image\" content=\"http:\/\/cenal.gob.ve\/wp-content\/uploads\/2026\/04\/IMG_20260429_173001_077.jpg\" \/>\n\t<meta property=\"og:image:width\" content=\"2560\" \/>\n\t<meta property=\"og:image:height\" content=\"1706\" \/>\n\t<meta property=\"og:image:type\" content=\"image\/jpeg\" \/>\n<meta name=\"author\" content=\"Prensa Cenal\" \/>\n<meta name=\"twitter:card\" content=\"summary_large_image\" \/>\n<meta name=\"twitter:label1\" content=\"Written by\" \/>\n\t<meta name=\"twitter:data1\" content=\"Prensa Cenal\" \/>\n\t<meta name=\"twitter:label2\" content=\"Est. reading time\" \/>\n\t<meta name=\"twitter:data2\" content=\"5 minutos\" \/>\n<script type=\"application\/ld+json\" class=\"yoast-schema-graph\">{\"@context\":\"https:\/\/schema.org\",\"@graph\":[{\"@type\":\"Article\",\"@id\":\"https:\/\/cenal.gob.ve\/?p=27853#article\",\"isPartOf\":{\"@id\":\"https:\/\/cenal.gob.ve\/?p=27853\"},\"author\":{\"name\":\"Prensa Cenal\",\"@id\":\"https:\/\/cenal.gob.ve\/#\/schema\/person\/e3ed34623f400ffab8bc7a63b2f5533f\"},\"headline\":\"Neguel Machado y la d\u00e9cima como expresi\u00f3n de la diversidad cultural venezolana en la 38.\u00aa FILBo\",\"datePublished\":\"2026-04-29T21:38:10+00:00\",\"dateModified\":\"2026-04-29T21:38:16+00:00\",\"mainEntityOfPage\":{\"@id\":\"https:\/\/cenal.gob.ve\/?p=27853\"},\"wordCount\":757,\"commentCount\":0,\"publisher\":{\"@id\":\"https:\/\/cenal.gob.ve\/#organization\"},\"keywords\":[\"Libros\",\"Literatura\",\"Literatura venezolana\",\"Noticias\"],\"articleSection\":[\"Cenal\"],\"inLanguage\":\"es\",\"potentialAction\":[{\"@type\":\"CommentAction\",\"name\":\"Comment\",\"target\":[\"https:\/\/cenal.gob.ve\/?p=27853#respond\"]}]},{\"@type\":\"WebPage\",\"@id\":\"https:\/\/cenal.gob.ve\/?p=27853\",\"url\":\"https:\/\/cenal.gob.ve\/?p=27853\",\"name\":\"Neguel Machado y la d\u00e9cima como expresi\u00f3n de la diversidad cultural venezolana en la 38.\u00aa FILBo\",\"isPartOf\":{\"@id\":\"https:\/\/cenal.gob.ve\/#website\"},\"datePublished\":\"2026-04-29T21:38:10+00:00\",\"dateModified\":\"2026-04-29T21:38:16+00:00\",\"breadcrumb\":{\"@id\":\"https:\/\/cenal.gob.ve\/?p=27853#breadcrumb\"},\"inLanguage\":\"es\",\"potentialAction\":[{\"@type\":\"ReadAction\",\"target\":[\"https:\/\/cenal.gob.ve\/?p=27853\"]}]},{\"@type\":\"BreadcrumbList\",\"@id\":\"https:\/\/cenal.gob.ve\/?p=27853#breadcrumb\",\"itemListElement\":[{\"@type\":\"ListItem\",\"position\":1,\"name\":\"Home\",\"item\":\"https:\/\/cenal.gob.ve\/\"},{\"@type\":\"ListItem\",\"position\":2,\"name\":\"Neguel Machado y la d\u00e9cima como expresi\u00f3n de la diversidad cultural venezolana en la 38.\u00aa FILBo\"}]},{\"@type\":\"WebSite\",\"@id\":\"https:\/\/cenal.gob.ve\/#website\",\"url\":\"https:\/\/cenal.gob.ve\/\",\"name\":\"Cenal\",\"description\":\"\",\"publisher\":{\"@id\":\"https:\/\/cenal.gob.ve\/#organization\"},\"potentialAction\":[{\"@type\":\"SearchAction\",\"target\":{\"@type\":\"EntryPoint\",\"urlTemplate\":\"https:\/\/cenal.gob.ve\/?s={search_term_string}\"},\"query-input\":\"required name=search_term_string\"}],\"inLanguage\":\"es\"},{\"@type\":\"Organization\",\"@id\":\"https:\/\/cenal.gob.ve\/#organization\",\"name\":\"CENAL\",\"url\":\"https:\/\/cenal.gob.ve\/\",\"sameAs\":[],\"logo\":{\"@type\":\"ImageObject\",\"inLanguage\":\"es\",\"@id\":\"https:\/\/cenal.gob.ve\/#\/schema\/logo\/image\/\",\"url\":\"https:\/\/i0.wp.com\/cenal.gob.ve\/wp-content\/uploads\/2022\/10\/cropped-images.jpg?fit=512%2C512\",\"contentUrl\":\"https:\/\/i0.wp.com\/cenal.gob.ve\/wp-content\/uploads\/2022\/10\/cropped-images.jpg?fit=512%2C512\",\"width\":512,\"height\":512,\"caption\":\"CENAL\"},\"image\":{\"@id\":\"https:\/\/cenal.gob.ve\/#\/schema\/logo\/image\/\"}},{\"@type\":\"Person\",\"@id\":\"https:\/\/cenal.gob.ve\/#\/schema\/person\/e3ed34623f400ffab8bc7a63b2f5533f\",\"name\":\"Prensa Cenal\",\"image\":{\"@type\":\"ImageObject\",\"inLanguage\":\"es\",\"@id\":\"https:\/\/cenal.gob.ve\/#\/schema\/person\/image\/\",\"url\":\"https:\/\/secure.gravatar.com\/avatar\/594b4ed34090910c619ac3679001d491?s=96&d=mm&r=g\",\"contentUrl\":\"https:\/\/secure.gravatar.com\/avatar\/594b4ed34090910c619ac3679001d491?s=96&d=mm&r=g\",\"caption\":\"Prensa Cenal\"},\"url\":\"https:\/\/cenal.gob.ve\/?author=10\"}]}<\/script>\n<!-- \/ Yoast SEO plugin. -->","yoast_head_json":{"title":"Neguel Machado y la d\u00e9cima como expresi\u00f3n de la diversidad cultural venezolana en la 38.\u00aa FILBo","robots":{"index":"index","follow":"follow","max-snippet":"max-snippet:-1","max-image-preview":"max-image-preview:large","max-video-preview":"max-video-preview:-1"},"canonical":"https:\/\/cenal.gob.ve\/?p=27853","og_locale":"es_ES","og_type":"article","og_title":"Neguel Machado y la d\u00e9cima como expresi\u00f3n de la diversidad cultural venezolana en la 38.\u00aa FILBo","og_description":"Como un representante de las voces que desde distintos rincones de Venezuela han tejido sus vivencias en d\u00e9cimas, expresi\u00f3n de la poes\u00eda y creatividad popular, se present\u00f3 en la 38.\u00aa [&hellip;]","og_url":"https:\/\/cenal.gob.ve\/?p=27853","og_site_name":"Cenal","article_published_time":"2026-04-29T21:38:10+00:00","article_modified_time":"2026-04-29T21:38:16+00:00","og_image":[{"width":2560,"height":1706,"url":"http:\/\/cenal.gob.ve\/wp-content\/uploads\/2026\/04\/IMG_20260429_173001_077.jpg","type":"image\/jpeg"}],"author":"Prensa Cenal","twitter_card":"summary_large_image","twitter_misc":{"Written by":"Prensa Cenal","Est. reading time":"5 minutos"},"schema":{"@context":"https:\/\/schema.org","@graph":[{"@type":"Article","@id":"https:\/\/cenal.gob.ve\/?p=27853#article","isPartOf":{"@id":"https:\/\/cenal.gob.ve\/?p=27853"},"author":{"name":"Prensa Cenal","@id":"https:\/\/cenal.gob.ve\/#\/schema\/person\/e3ed34623f400ffab8bc7a63b2f5533f"},"headline":"Neguel Machado y la d\u00e9cima como expresi\u00f3n de la diversidad cultural venezolana en la 38.\u00aa FILBo","datePublished":"2026-04-29T21:38:10+00:00","dateModified":"2026-04-29T21:38:16+00:00","mainEntityOfPage":{"@id":"https:\/\/cenal.gob.ve\/?p=27853"},"wordCount":757,"commentCount":0,"publisher":{"@id":"https:\/\/cenal.gob.ve\/#organization"},"keywords":["Libros","Literatura","Literatura venezolana","Noticias"],"articleSection":["Cenal"],"inLanguage":"es","potentialAction":[{"@type":"CommentAction","name":"Comment","target":["https:\/\/cenal.gob.ve\/?p=27853#respond"]}]},{"@type":"WebPage","@id":"https:\/\/cenal.gob.ve\/?p=27853","url":"https:\/\/cenal.gob.ve\/?p=27853","name":"Neguel Machado y la d\u00e9cima como expresi\u00f3n de la diversidad cultural venezolana en la 38.\u00aa FILBo","isPartOf":{"@id":"https:\/\/cenal.gob.ve\/#website"},"datePublished":"2026-04-29T21:38:10+00:00","dateModified":"2026-04-29T21:38:16+00:00","breadcrumb":{"@id":"https:\/\/cenal.gob.ve\/?p=27853#breadcrumb"},"inLanguage":"es","potentialAction":[{"@type":"ReadAction","target":["https:\/\/cenal.gob.ve\/?p=27853"]}]},{"@type":"BreadcrumbList","@id":"https:\/\/cenal.gob.ve\/?p=27853#breadcrumb","itemListElement":[{"@type":"ListItem","position":1,"name":"Home","item":"https:\/\/cenal.gob.ve\/"},{"@type":"ListItem","position":2,"name":"Neguel Machado y la d\u00e9cima como expresi\u00f3n de la diversidad cultural venezolana en la 38.\u00aa FILBo"}]},{"@type":"WebSite","@id":"https:\/\/cenal.gob.ve\/#website","url":"https:\/\/cenal.gob.ve\/","name":"Cenal","description":"","publisher":{"@id":"https:\/\/cenal.gob.ve\/#organization"},"potentialAction":[{"@type":"SearchAction","target":{"@type":"EntryPoint","urlTemplate":"https:\/\/cenal.gob.ve\/?s={search_term_string}"},"query-input":"required name=search_term_string"}],"inLanguage":"es"},{"@type":"Organization","@id":"https:\/\/cenal.gob.ve\/#organization","name":"CENAL","url":"https:\/\/cenal.gob.ve\/","sameAs":[],"logo":{"@type":"ImageObject","inLanguage":"es","@id":"https:\/\/cenal.gob.ve\/#\/schema\/logo\/image\/","url":"https:\/\/i0.wp.com\/cenal.gob.ve\/wp-content\/uploads\/2022\/10\/cropped-images.jpg?fit=512%2C512","contentUrl":"https:\/\/i0.wp.com\/cenal.gob.ve\/wp-content\/uploads\/2022\/10\/cropped-images.jpg?fit=512%2C512","width":512,"height":512,"caption":"CENAL"},"image":{"@id":"https:\/\/cenal.gob.ve\/#\/schema\/logo\/image\/"}},{"@type":"Person","@id":"https:\/\/cenal.gob.ve\/#\/schema\/person\/e3ed34623f400ffab8bc7a63b2f5533f","name":"Prensa Cenal","image":{"@type":"ImageObject","inLanguage":"es","@id":"https:\/\/cenal.gob.ve\/#\/schema\/person\/image\/","url":"https:\/\/secure.gravatar.com\/avatar\/594b4ed34090910c619ac3679001d491?s=96&d=mm&r=g","contentUrl":"https:\/\/secure.gravatar.com\/avatar\/594b4ed34090910c619ac3679001d491?s=96&d=mm&r=g","caption":"Prensa Cenal"},"url":"https:\/\/cenal.gob.ve\/?author=10"}]}},"jetpack_featured_media_url":"https:\/\/cenal.gob.ve\/wp-content\/uploads\/2026\/04\/IMG_20260429_173001_077.jpg","jetpack_publicize_connections":[],"jetpack_shortlink":"https:\/\/wp.me\/p5FMhp-7ff","_links":{"self":[{"href":"https:\/\/cenal.gob.ve\/index.php?rest_route=\/wp\/v2\/posts\/27853"}],"collection":[{"href":"https:\/\/cenal.gob.ve\/index.php?rest_route=\/wp\/v2\/posts"}],"about":[{"href":"https:\/\/cenal.gob.ve\/index.php?rest_route=\/wp\/v2\/types\/post"}],"author":[{"embeddable":true,"href":"https:\/\/cenal.gob.ve\/index.php?rest_route=\/wp\/v2\/users\/10"}],"replies":[{"embeddable":true,"href":"https:\/\/cenal.gob.ve\/index.php?rest_route=%2Fwp%2Fv2%2Fcomments&post=27853"}],"version-history":[{"count":2,"href":"https:\/\/cenal.gob.ve\/index.php?rest_route=\/wp\/v2\/posts\/27853\/revisions"}],"predecessor-version":[{"id":27862,"href":"https:\/\/cenal.gob.ve\/index.php?rest_route=\/wp\/v2\/posts\/27853\/revisions\/27862"}],"wp:featuredmedia":[{"embeddable":true,"href":"https:\/\/cenal.gob.ve\/index.php?rest_route=\/wp\/v2\/media\/27854"}],"wp:attachment":[{"href":"https:\/\/cenal.gob.ve\/index.php?rest_route=%2Fwp%2Fv2%2Fmedia&parent=27853"}],"wp:term":[{"taxonomy":"category","embeddable":true,"href":"https:\/\/cenal.gob.ve\/index.php?rest_route=%2Fwp%2Fv2%2Fcategories&post=27853"},{"taxonomy":"post_tag","embeddable":true,"href":"https:\/\/cenal.gob.ve\/index.php?rest_route=%2Fwp%2Fv2%2Ftags&post=27853"}],"curies":[{"name":"wp","href":"https:\/\/api.w.org\/{rel}","templated":true}]}}