{"id":27863,"date":"2026-04-29T19:49:55","date_gmt":"2026-04-29T23:49:55","guid":{"rendered":"https:\/\/cenal.gob.ve\/?p=27863"},"modified":"2026-04-29T19:56:02","modified_gmt":"2026-04-29T23:56:02","slug":"venezuela-comparte-en-filbo-publicaciones-que-propician-la-reflexion-critica-sobre-la-independencia-de-nuestra-america","status":"publish","type":"post","link":"https:\/\/cenal.gob.ve\/?p=27863","title":{"rendered":"Venezuela comparte en FILBo publicaciones que propician la reflexi\u00f3n cr\u00edtica sobre la independencia de Nuestra Am\u00e9rica"},"content":{"rendered":"\n<p>Publicaciones del Centro de Estudios Sim\u00f3n Bol\u00edvar que propician la reflexi\u00f3n cr\u00edtica sobre el proceso de Independencia de Nuestra Am\u00e9rica se encuentran entre las novedades editoriales que exhibe Venezuela en la 38.\u00aa Feria Internacional del Libro de Bogot\u00e1 (FILBo).<\/p>\n\n\n\n<p>Los lectores pueden acercarse con estos textos a momentos y figuras claves del proceso de emancipaci\u00f3n, a an\u00e1lisis del pensamiento bolivariano y al registro de sucesos de la historia moderna en Venezuela.<\/p>\n\n\n\n<p>Rosana \u00c1lvarez, historiadora e investigadora del CESB, ha estado a cargo de presentar parte del cat\u00e1logo editorial de esta instituci\u00f3n.<\/p>\n\n\n\n<figure class=\"wp-block-image size-large\"><img width=\"1024\" height=\"682\" src=\"https:\/\/cenal.gob.ve\/wp-content\/uploads\/2026\/04\/IMG_20260429_193626_515-1024x682.jpg\" alt=\"\" class=\"wp-image-27865\" srcset=\"https:\/\/cenal.gob.ve\/wp-content\/uploads\/2026\/04\/IMG_20260429_193626_515-1024x682.jpg 1024w, https:\/\/cenal.gob.ve\/wp-content\/uploads\/2026\/04\/IMG_20260429_193626_515-300x200.jpg 300w, https:\/\/cenal.gob.ve\/wp-content\/uploads\/2026\/04\/IMG_20260429_193626_515-768x512.jpg 768w, https:\/\/cenal.gob.ve\/wp-content\/uploads\/2026\/04\/IMG_20260429_193626_515-1536x1024.jpg 1536w, https:\/\/cenal.gob.ve\/wp-content\/uploads\/2026\/04\/IMG_20260429_193626_515-2048x1365.jpg 2048w, https:\/\/cenal.gob.ve\/wp-content\/uploads\/2026\/04\/IMG_20260429_193626_515-640x427.jpg 640w\" sizes=\"(max-width: 1024px) 100vw, 1024px\" \/><\/figure>\n\n\n\n<p>Entre estas publicaciones est\u00e1n El pensamiento del Libertador: econom\u00eda y sociedad, de Luis Britto Garc\u00eda; M\u00e1s que una batalla: Libertad; El Padre de Ayacucho: Resumen sucinto de la vida del general Sucre, de Sim\u00f3n Bol\u00edvar; Cuatro etapas de una batalla, de \u00c1ngel Garc\u00eda; Bol\u00edvar y Flora: tras la huella de una descendencia, de Valmore Carrero; Flora Trist\u00e1n. Feminista y Socialista.<\/p>\n\n\n\n<p>Tambi\u00e9n est\u00e1n los folletos Hugo Ch\u00e1vez, Poder Constituyente venezolano, de Alejandro L\u00f3pez, y De Yare al encuentro con el pueblo. Hugo Ch\u00e1vez 1992-1998, de Rosanna \u00c1lvarez, como parte de una l\u00ednea editorial del CESB dedicada a identificar, estudiar y analizar la presencia del pensamiento de Sim\u00f3n Bol\u00edvar en el planteamiento pol\u00edtico del l\u00edder revolucionario Hugo Ch\u00e1vez.<\/p>\n\n\n\n<figure class=\"wp-block-image size-large\"><img width=\"1024\" height=\"682\" src=\"https:\/\/cenal.gob.ve\/wp-content\/uploads\/2026\/04\/IMG_20260429_193545_074-1024x682.jpg\" alt=\"\" class=\"wp-image-27866\" srcset=\"https:\/\/cenal.gob.ve\/wp-content\/uploads\/2026\/04\/IMG_20260429_193545_074-1024x682.jpg 1024w, https:\/\/cenal.gob.ve\/wp-content\/uploads\/2026\/04\/IMG_20260429_193545_074-300x200.jpg 300w, https:\/\/cenal.gob.ve\/wp-content\/uploads\/2026\/04\/IMG_20260429_193545_074-768x512.jpg 768w, https:\/\/cenal.gob.ve\/wp-content\/uploads\/2026\/04\/IMG_20260429_193545_074-1536x1024.jpg 1536w, https:\/\/cenal.gob.ve\/wp-content\/uploads\/2026\/04\/IMG_20260429_193545_074-2048x1365.jpg 2048w, https:\/\/cenal.gob.ve\/wp-content\/uploads\/2026\/04\/IMG_20260429_193545_074-640x427.jpg 640w\" sizes=\"(max-width: 1024px) 100vw, 1024px\" \/><\/figure>\n\n\n\n<p>&#8220;Son dos folletos que buscan un poco ser un abreboca a una l\u00ednea de investigaci\u00f3n que considero que en Venezuela ya se est\u00e1 abriendo camino, que tiene que ver con el proceso de surgimiento, con ese proceso de conformaci\u00f3n y con la identidad de lo que fue esa propuesta de Hugo Ch\u00e1vez&#8221;, explic\u00f3 Rosanna \u00c1lvarez.<\/p>\n\n\n\n<p>Tambi\u00e9n, por ejemplo, el CESB rescata la riqueza discursiva de los textos fundamentales de Sim\u00f3n Bol\u00edvar, como la biograf\u00eda de su general Antonio Jos\u00e9 de Sucre, una detallada semblanza en la que el Libertador retrata con pinceladas humanas a su joven mariscal.<\/p>\n\n\n\n<p><strong>Bol\u00edvar ha dado para todo tipo de literatura <\/strong><\/p>\n\n\n\n<p>Asimismo, el CESB exhibe obras que invitan a indagar m\u00e1s en el aspecto personal de Sim\u00f3n Bol\u00edvar, incluyendo el libro de Valmore Carrero titulado Bol\u00edvar y Flora: tras la huella de una descendencia, que plantea la hip\u00f3tesis de una posible relaci\u00f3n de padre e hija entre el Libertador y la escritora y l\u00edder socialista, con base en diversos elementos de investigaci\u00f3n y an\u00e1lisis.<\/p>\n\n\n\n<figure class=\"wp-block-image size-large\"><img width=\"1024\" height=\"682\" src=\"https:\/\/cenal.gob.ve\/wp-content\/uploads\/2026\/04\/IMG_20260429_193509_487-1024x682.jpg\" alt=\"\" class=\"wp-image-27867\" srcset=\"https:\/\/cenal.gob.ve\/wp-content\/uploads\/2026\/04\/IMG_20260429_193509_487-1024x682.jpg 1024w, https:\/\/cenal.gob.ve\/wp-content\/uploads\/2026\/04\/IMG_20260429_193509_487-300x200.jpg 300w, https:\/\/cenal.gob.ve\/wp-content\/uploads\/2026\/04\/IMG_20260429_193509_487-768x512.jpg 768w, https:\/\/cenal.gob.ve\/wp-content\/uploads\/2026\/04\/IMG_20260429_193509_487-1536x1024.jpg 1536w, https:\/\/cenal.gob.ve\/wp-content\/uploads\/2026\/04\/IMG_20260429_193509_487-2048x1365.jpg 2048w, https:\/\/cenal.gob.ve\/wp-content\/uploads\/2026\/04\/IMG_20260429_193509_487-640x427.jpg 640w\" sizes=\"(max-width: 1024px) 100vw, 1024px\" \/><\/figure>\n\n\n\n<p>Tomando como ejemplo la obra de Valmore Carrero, quien es un artista interesado en la historia y ha propuesto su texto como un ensayo, Rosanna \u00c1lvarez tambi\u00e9n destac\u00f3 que el CESB ha abierto los espacios no s\u00f3lo para aquellos que estudian la historia como una disciplina u oficio, sino que &#8220;Bol\u00edvar ha dado para mucho y para todo tipo de literatura&#8221;.<\/p>\n\n\n\n<p>Venezuela participa en la FILBo a trav\u00e9s del Ministerio del Poder Popular para la Cultura con m\u00e1s de 200 novedades editoriales producidas en el pa\u00eds y una muestra de sus perspectivas literarias.<\/p>\n\n\n\n<figure class=\"wp-block-image size-large\"><img width=\"1024\" height=\"682\" src=\"https:\/\/cenal.gob.ve\/wp-content\/uploads\/2026\/04\/IMG_20260429_193517_855-1024x682.jpg\" alt=\"\" class=\"wp-image-27868\" srcset=\"https:\/\/cenal.gob.ve\/wp-content\/uploads\/2026\/04\/IMG_20260429_193517_855-1024x682.jpg 1024w, https:\/\/cenal.gob.ve\/wp-content\/uploads\/2026\/04\/IMG_20260429_193517_855-300x200.jpg 300w, https:\/\/cenal.gob.ve\/wp-content\/uploads\/2026\/04\/IMG_20260429_193517_855-768x512.jpg 768w, https:\/\/cenal.gob.ve\/wp-content\/uploads\/2026\/04\/IMG_20260429_193517_855-1536x1024.jpg 1536w, https:\/\/cenal.gob.ve\/wp-content\/uploads\/2026\/04\/IMG_20260429_193517_855-2048x1365.jpg 2048w, https:\/\/cenal.gob.ve\/wp-content\/uploads\/2026\/04\/IMG_20260429_193517_855-640x427.jpg 640w\" sizes=\"(max-width: 1024px) 100vw, 1024px\" \/><\/figure>\n\n\n\n<figure class=\"wp-block-image size-large\"><img width=\"1024\" height=\"682\" src=\"https:\/\/cenal.gob.ve\/wp-content\/uploads\/2026\/04\/IMG_20260429_193541_850-1024x682.jpg\" alt=\"\" class=\"wp-image-27869\" srcset=\"https:\/\/cenal.gob.ve\/wp-content\/uploads\/2026\/04\/IMG_20260429_193541_850-1024x682.jpg 1024w, https:\/\/cenal.gob.ve\/wp-content\/uploads\/2026\/04\/IMG_20260429_193541_850-300x200.jpg 300w, https:\/\/cenal.gob.ve\/wp-content\/uploads\/2026\/04\/IMG_20260429_193541_850-768x512.jpg 768w, https:\/\/cenal.gob.ve\/wp-content\/uploads\/2026\/04\/IMG_20260429_193541_850-1536x1024.jpg 1536w, https:\/\/cenal.gob.ve\/wp-content\/uploads\/2026\/04\/IMG_20260429_193541_850-2048x1365.jpg 2048w, https:\/\/cenal.gob.ve\/wp-content\/uploads\/2026\/04\/IMG_20260429_193541_850-640x427.jpg 640w\" sizes=\"(max-width: 1024px) 100vw, 1024px\" \/><\/figure>\n\n\n\n<figure class=\"wp-block-image size-large\"><img width=\"1024\" height=\"682\" src=\"https:\/\/cenal.gob.ve\/wp-content\/uploads\/2026\/04\/IMG_20260429_132707_248-3-1024x682.jpg\" alt=\"\" class=\"wp-image-27870\" srcset=\"https:\/\/cenal.gob.ve\/wp-content\/uploads\/2026\/04\/IMG_20260429_132707_248-3-1024x682.jpg 1024w, https:\/\/cenal.gob.ve\/wp-content\/uploads\/2026\/04\/IMG_20260429_132707_248-3-300x200.jpg 300w, https:\/\/cenal.gob.ve\/wp-content\/uploads\/2026\/04\/IMG_20260429_132707_248-3-768x512.jpg 768w, https:\/\/cenal.gob.ve\/wp-content\/uploads\/2026\/04\/IMG_20260429_132707_248-3-1536x1024.jpg 1536w, https:\/\/cenal.gob.ve\/wp-content\/uploads\/2026\/04\/IMG_20260429_132707_248-3-2048x1365.jpg 2048w, https:\/\/cenal.gob.ve\/wp-content\/uploads\/2026\/04\/IMG_20260429_132707_248-3-640x427.jpg 640w\" sizes=\"(max-width: 1024px) 100vw, 1024px\" \/><\/figure>\n","protected":false},"excerpt":{"rendered":"<p>Publicaciones del Centro de Estudios Sim\u00f3n Bol\u00edvar que propician la reflexi\u00f3n cr\u00edtica sobre el proceso de Independencia de Nuestra Am\u00e9rica se encuentran entre las novedades editoriales que exhibe Venezuela en [&hellip;]<\/p>\n","protected":false},"author":10,"featured_media":27864,"comment_status":"open","ping_status":"closed","sticky":false,"template":"","format":"standard","meta":{"spay_email":"","jetpack_publicize_message":"","jetpack_is_tweetstorm":false,"jetpack_publicize_feature_enabled":true},"categories":[2],"tags":[81,211,212,9],"yoast_head":"<!-- This site is optimized with the Yoast SEO plugin v19.8 - https:\/\/yoast.com\/wordpress\/plugins\/seo\/ -->\n<title>Venezuela comparte en FILBo publicaciones que propician la reflexi\u00f3n cr\u00edtica sobre la independencia de Nuestra Am\u00e9rica<\/title>\n<meta name=\"robots\" content=\"index, follow, max-snippet:-1, max-image-preview:large, max-video-preview:-1\" \/>\n<link rel=\"canonical\" href=\"https:\/\/cenal.gob.ve\/?p=27863\" \/>\n<meta property=\"og:locale\" content=\"es_ES\" \/>\n<meta property=\"og:type\" content=\"article\" \/>\n<meta property=\"og:title\" content=\"Venezuela comparte en FILBo publicaciones que propician la reflexi\u00f3n cr\u00edtica sobre la independencia de Nuestra Am\u00e9rica\" \/>\n<meta property=\"og:description\" content=\"Publicaciones del Centro de Estudios Sim\u00f3n Bol\u00edvar que propician la reflexi\u00f3n cr\u00edtica sobre el proceso de Independencia de Nuestra Am\u00e9rica se encuentran entre las novedades editoriales que exhibe Venezuela en [&hellip;]\" \/>\n<meta property=\"og:url\" content=\"https:\/\/cenal.gob.ve\/?p=27863\" \/>\n<meta property=\"og:site_name\" content=\"Cenal\" \/>\n<meta property=\"article:published_time\" content=\"2026-04-29T23:49:55+00:00\" \/>\n<meta property=\"article:modified_time\" content=\"2026-04-29T23:56:02+00:00\" \/>\n<meta property=\"og:image\" content=\"http:\/\/cenal.gob.ve\/wp-content\/uploads\/2026\/04\/IMG_20260429_193521_160.jpg\" \/>\n\t<meta property=\"og:image:width\" content=\"2560\" \/>\n\t<meta property=\"og:image:height\" content=\"1706\" \/>\n\t<meta property=\"og:image:type\" content=\"image\/jpeg\" \/>\n<meta name=\"author\" content=\"Prensa Cenal\" \/>\n<meta name=\"twitter:card\" content=\"summary_large_image\" \/>\n<meta name=\"twitter:label1\" content=\"Written by\" \/>\n\t<meta name=\"twitter:data1\" content=\"Prensa Cenal\" \/>\n\t<meta name=\"twitter:label2\" content=\"Est. reading time\" \/>\n\t<meta name=\"twitter:data2\" content=\"4 minutos\" \/>\n<script type=\"application\/ld+json\" class=\"yoast-schema-graph\">{\"@context\":\"https:\/\/schema.org\",\"@graph\":[{\"@type\":\"Article\",\"@id\":\"https:\/\/cenal.gob.ve\/?p=27863#article\",\"isPartOf\":{\"@id\":\"https:\/\/cenal.gob.ve\/?p=27863\"},\"author\":{\"name\":\"Prensa Cenal\",\"@id\":\"https:\/\/cenal.gob.ve\/#\/schema\/person\/e3ed34623f400ffab8bc7a63b2f5533f\"},\"headline\":\"Venezuela comparte en FILBo publicaciones que propician la reflexi\u00f3n cr\u00edtica sobre la independencia de Nuestra Am\u00e9rica\",\"datePublished\":\"2026-04-29T23:49:55+00:00\",\"dateModified\":\"2026-04-29T23:56:02+00:00\",\"mainEntityOfPage\":{\"@id\":\"https:\/\/cenal.gob.ve\/?p=27863\"},\"wordCount\":538,\"commentCount\":0,\"publisher\":{\"@id\":\"https:\/\/cenal.gob.ve\/#organization\"},\"keywords\":[\"Libros\",\"Literatura\",\"Literatura venezolana\",\"Noticias\"],\"articleSection\":[\"Cenal\"],\"inLanguage\":\"es\",\"potentialAction\":[{\"@type\":\"CommentAction\",\"name\":\"Comment\",\"target\":[\"https:\/\/cenal.gob.ve\/?p=27863#respond\"]}]},{\"@type\":\"WebPage\",\"@id\":\"https:\/\/cenal.gob.ve\/?p=27863\",\"url\":\"https:\/\/cenal.gob.ve\/?p=27863\",\"name\":\"Venezuela comparte en FILBo publicaciones que propician la reflexi\u00f3n cr\u00edtica sobre la independencia de Nuestra Am\u00e9rica\",\"isPartOf\":{\"@id\":\"https:\/\/cenal.gob.ve\/#website\"},\"datePublished\":\"2026-04-29T23:49:55+00:00\",\"dateModified\":\"2026-04-29T23:56:02+00:00\",\"breadcrumb\":{\"@id\":\"https:\/\/cenal.gob.ve\/?p=27863#breadcrumb\"},\"inLanguage\":\"es\",\"potentialAction\":[{\"@type\":\"ReadAction\",\"target\":[\"https:\/\/cenal.gob.ve\/?p=27863\"]}]},{\"@type\":\"BreadcrumbList\",\"@id\":\"https:\/\/cenal.gob.ve\/?p=27863#breadcrumb\",\"itemListElement\":[{\"@type\":\"ListItem\",\"position\":1,\"name\":\"Home\",\"item\":\"https:\/\/cenal.gob.ve\/\"},{\"@type\":\"ListItem\",\"position\":2,\"name\":\"Venezuela comparte en FILBo publicaciones que propician la reflexi\u00f3n cr\u00edtica sobre la independencia de Nuestra Am\u00e9rica\"}]},{\"@type\":\"WebSite\",\"@id\":\"https:\/\/cenal.gob.ve\/#website\",\"url\":\"https:\/\/cenal.gob.ve\/\",\"name\":\"Cenal\",\"description\":\"\",\"publisher\":{\"@id\":\"https:\/\/cenal.gob.ve\/#organization\"},\"potentialAction\":[{\"@type\":\"SearchAction\",\"target\":{\"@type\":\"EntryPoint\",\"urlTemplate\":\"https:\/\/cenal.gob.ve\/?s={search_term_string}\"},\"query-input\":\"required name=search_term_string\"}],\"inLanguage\":\"es\"},{\"@type\":\"Organization\",\"@id\":\"https:\/\/cenal.gob.ve\/#organization\",\"name\":\"CENAL\",\"url\":\"https:\/\/cenal.gob.ve\/\",\"sameAs\":[],\"logo\":{\"@type\":\"ImageObject\",\"inLanguage\":\"es\",\"@id\":\"https:\/\/cenal.gob.ve\/#\/schema\/logo\/image\/\",\"url\":\"https:\/\/i0.wp.com\/cenal.gob.ve\/wp-content\/uploads\/2022\/10\/cropped-images.jpg?fit=512%2C512\",\"contentUrl\":\"https:\/\/i0.wp.com\/cenal.gob.ve\/wp-content\/uploads\/2022\/10\/cropped-images.jpg?fit=512%2C512\",\"width\":512,\"height\":512,\"caption\":\"CENAL\"},\"image\":{\"@id\":\"https:\/\/cenal.gob.ve\/#\/schema\/logo\/image\/\"}},{\"@type\":\"Person\",\"@id\":\"https:\/\/cenal.gob.ve\/#\/schema\/person\/e3ed34623f400ffab8bc7a63b2f5533f\",\"name\":\"Prensa Cenal\",\"image\":{\"@type\":\"ImageObject\",\"inLanguage\":\"es\",\"@id\":\"https:\/\/cenal.gob.ve\/#\/schema\/person\/image\/\",\"url\":\"https:\/\/secure.gravatar.com\/avatar\/594b4ed34090910c619ac3679001d491?s=96&d=mm&r=g\",\"contentUrl\":\"https:\/\/secure.gravatar.com\/avatar\/594b4ed34090910c619ac3679001d491?s=96&d=mm&r=g\",\"caption\":\"Prensa Cenal\"},\"url\":\"https:\/\/cenal.gob.ve\/?author=10\"}]}<\/script>\n<!-- \/ Yoast SEO plugin. -->","yoast_head_json":{"title":"Venezuela comparte en FILBo publicaciones que propician la reflexi\u00f3n cr\u00edtica sobre la independencia de Nuestra Am\u00e9rica","robots":{"index":"index","follow":"follow","max-snippet":"max-snippet:-1","max-image-preview":"max-image-preview:large","max-video-preview":"max-video-preview:-1"},"canonical":"https:\/\/cenal.gob.ve\/?p=27863","og_locale":"es_ES","og_type":"article","og_title":"Venezuela comparte en FILBo publicaciones que propician la reflexi\u00f3n cr\u00edtica sobre la independencia de Nuestra Am\u00e9rica","og_description":"Publicaciones del Centro de Estudios Sim\u00f3n Bol\u00edvar que propician la reflexi\u00f3n cr\u00edtica sobre el proceso de Independencia de Nuestra Am\u00e9rica se encuentran entre las novedades editoriales que exhibe Venezuela en [&hellip;]","og_url":"https:\/\/cenal.gob.ve\/?p=27863","og_site_name":"Cenal","article_published_time":"2026-04-29T23:49:55+00:00","article_modified_time":"2026-04-29T23:56:02+00:00","og_image":[{"width":2560,"height":1706,"url":"http:\/\/cenal.gob.ve\/wp-content\/uploads\/2026\/04\/IMG_20260429_193521_160.jpg","type":"image\/jpeg"}],"author":"Prensa Cenal","twitter_card":"summary_large_image","twitter_misc":{"Written by":"Prensa Cenal","Est. reading time":"4 minutos"},"schema":{"@context":"https:\/\/schema.org","@graph":[{"@type":"Article","@id":"https:\/\/cenal.gob.ve\/?p=27863#article","isPartOf":{"@id":"https:\/\/cenal.gob.ve\/?p=27863"},"author":{"name":"Prensa Cenal","@id":"https:\/\/cenal.gob.ve\/#\/schema\/person\/e3ed34623f400ffab8bc7a63b2f5533f"},"headline":"Venezuela comparte en FILBo publicaciones que propician la reflexi\u00f3n cr\u00edtica sobre la independencia de Nuestra Am\u00e9rica","datePublished":"2026-04-29T23:49:55+00:00","dateModified":"2026-04-29T23:56:02+00:00","mainEntityOfPage":{"@id":"https:\/\/cenal.gob.ve\/?p=27863"},"wordCount":538,"commentCount":0,"publisher":{"@id":"https:\/\/cenal.gob.ve\/#organization"},"keywords":["Libros","Literatura","Literatura venezolana","Noticias"],"articleSection":["Cenal"],"inLanguage":"es","potentialAction":[{"@type":"CommentAction","name":"Comment","target":["https:\/\/cenal.gob.ve\/?p=27863#respond"]}]},{"@type":"WebPage","@id":"https:\/\/cenal.gob.ve\/?p=27863","url":"https:\/\/cenal.gob.ve\/?p=27863","name":"Venezuela comparte en FILBo publicaciones que propician la reflexi\u00f3n cr\u00edtica sobre la independencia de Nuestra Am\u00e9rica","isPartOf":{"@id":"https:\/\/cenal.gob.ve\/#website"},"datePublished":"2026-04-29T23:49:55+00:00","dateModified":"2026-04-29T23:56:02+00:00","breadcrumb":{"@id":"https:\/\/cenal.gob.ve\/?p=27863#breadcrumb"},"inLanguage":"es","potentialAction":[{"@type":"ReadAction","target":["https:\/\/cenal.gob.ve\/?p=27863"]}]},{"@type":"BreadcrumbList","@id":"https:\/\/cenal.gob.ve\/?p=27863#breadcrumb","itemListElement":[{"@type":"ListItem","position":1,"name":"Home","item":"https:\/\/cenal.gob.ve\/"},{"@type":"ListItem","position":2,"name":"Venezuela comparte en FILBo publicaciones que propician la reflexi\u00f3n cr\u00edtica sobre la independencia de Nuestra Am\u00e9rica"}]},{"@type":"WebSite","@id":"https:\/\/cenal.gob.ve\/#website","url":"https:\/\/cenal.gob.ve\/","name":"Cenal","description":"","publisher":{"@id":"https:\/\/cenal.gob.ve\/#organization"},"potentialAction":[{"@type":"SearchAction","target":{"@type":"EntryPoint","urlTemplate":"https:\/\/cenal.gob.ve\/?s={search_term_string}"},"query-input":"required name=search_term_string"}],"inLanguage":"es"},{"@type":"Organization","@id":"https:\/\/cenal.gob.ve\/#organization","name":"CENAL","url":"https:\/\/cenal.gob.ve\/","sameAs":[],"logo":{"@type":"ImageObject","inLanguage":"es","@id":"https:\/\/cenal.gob.ve\/#\/schema\/logo\/image\/","url":"https:\/\/i0.wp.com\/cenal.gob.ve\/wp-content\/uploads\/2022\/10\/cropped-images.jpg?fit=512%2C512","contentUrl":"https:\/\/i0.wp.com\/cenal.gob.ve\/wp-content\/uploads\/2022\/10\/cropped-images.jpg?fit=512%2C512","width":512,"height":512,"caption":"CENAL"},"image":{"@id":"https:\/\/cenal.gob.ve\/#\/schema\/logo\/image\/"}},{"@type":"Person","@id":"https:\/\/cenal.gob.ve\/#\/schema\/person\/e3ed34623f400ffab8bc7a63b2f5533f","name":"Prensa Cenal","image":{"@type":"ImageObject","inLanguage":"es","@id":"https:\/\/cenal.gob.ve\/#\/schema\/person\/image\/","url":"https:\/\/secure.gravatar.com\/avatar\/594b4ed34090910c619ac3679001d491?s=96&d=mm&r=g","contentUrl":"https:\/\/secure.gravatar.com\/avatar\/594b4ed34090910c619ac3679001d491?s=96&d=mm&r=g","caption":"Prensa Cenal"},"url":"https:\/\/cenal.gob.ve\/?author=10"}]}},"jetpack_featured_media_url":"https:\/\/cenal.gob.ve\/wp-content\/uploads\/2026\/04\/IMG_20260429_193521_160.jpg","jetpack_publicize_connections":[],"jetpack_shortlink":"https:\/\/wp.me\/p5FMhp-7fp","_links":{"self":[{"href":"https:\/\/cenal.gob.ve\/index.php?rest_route=\/wp\/v2\/posts\/27863"}],"collection":[{"href":"https:\/\/cenal.gob.ve\/index.php?rest_route=\/wp\/v2\/posts"}],"about":[{"href":"https:\/\/cenal.gob.ve\/index.php?rest_route=\/wp\/v2\/types\/post"}],"author":[{"embeddable":true,"href":"https:\/\/cenal.gob.ve\/index.php?rest_route=\/wp\/v2\/users\/10"}],"replies":[{"embeddable":true,"href":"https:\/\/cenal.gob.ve\/index.php?rest_route=%2Fwp%2Fv2%2Fcomments&post=27863"}],"version-history":[{"count":4,"href":"https:\/\/cenal.gob.ve\/index.php?rest_route=\/wp\/v2\/posts\/27863\/revisions"}],"predecessor-version":[{"id":27874,"href":"https:\/\/cenal.gob.ve\/index.php?rest_route=\/wp\/v2\/posts\/27863\/revisions\/27874"}],"wp:featuredmedia":[{"embeddable":true,"href":"https:\/\/cenal.gob.ve\/index.php?rest_route=\/wp\/v2\/media\/27864"}],"wp:attachment":[{"href":"https:\/\/cenal.gob.ve\/index.php?rest_route=%2Fwp%2Fv2%2Fmedia&parent=27863"}],"wp:term":[{"taxonomy":"category","embeddable":true,"href":"https:\/\/cenal.gob.ve\/index.php?rest_route=%2Fwp%2Fv2%2Fcategories&post=27863"},{"taxonomy":"post_tag","embeddable":true,"href":"https:\/\/cenal.gob.ve\/index.php?rest_route=%2Fwp%2Fv2%2Ftags&post=27863"}],"curies":[{"name":"wp","href":"https:\/\/api.w.org\/{rel}","templated":true}]}}