{"id":27875,"date":"2026-05-01T15:23:51","date_gmt":"2026-05-01T19:23:51","guid":{"rendered":"https:\/\/cenal.gob.ve\/?p=27875"},"modified":"2026-05-01T16:41:01","modified_gmt":"2026-05-01T20:41:01","slug":"embajador-orlando-maniglia-resalta-presencia-de-produccion-literaria-venezolana-en-la-38-a-filbo","status":"publish","type":"post","link":"https:\/\/cenal.gob.ve\/?p=27875","title":{"rendered":"Embajador Orlando Maniglia resalta participaci\u00f3n de Venezuela en 38.\u00aa FILBo"},"content":{"rendered":"\n<p>El embajador de Venezuela en Colombia, Orlando Maniglia, asisti\u00f3 a la 38.\u00aa Feria Internacional del Libro de Bogot\u00e1 (FILBo), donde comparti\u00f3 con miembros de la delegaci\u00f3n venezolana que participa a trav\u00e9s del Ministerio del Poder Popular para la Cultura (MPPC).<\/p>\n\n\n\n<p>Durante su visita a la FILBo, el embajador hizo un recorrido por el estand de Venezuela a cargo del MPPC, donde apreci\u00f3 la oferta editorial del pa\u00eds compuesta por m\u00e1s de 200 t\u00edtulos literarios producidos por editoriales p\u00fablicas, privadas e independientes.<\/p>\n\n\n\n<figure class=\"wp-block-image size-large\"><img width=\"1024\" height=\"682\" src=\"https:\/\/cenal.gob.ve\/wp-content\/uploads\/2026\/05\/IMG-20260501-WA0026-1024x682.jpg\" alt=\"\" class=\"wp-image-27894\" srcset=\"https:\/\/cenal.gob.ve\/wp-content\/uploads\/2026\/05\/IMG-20260501-WA0026-1024x682.jpg 1024w, https:\/\/cenal.gob.ve\/wp-content\/uploads\/2026\/05\/IMG-20260501-WA0026-300x200.jpg 300w, https:\/\/cenal.gob.ve\/wp-content\/uploads\/2026\/05\/IMG-20260501-WA0026-768x512.jpg 768w, https:\/\/cenal.gob.ve\/wp-content\/uploads\/2026\/05\/IMG-20260501-WA0026-1536x1024.jpg 1536w, https:\/\/cenal.gob.ve\/wp-content\/uploads\/2026\/05\/IMG-20260501-WA0026-2048x1365.jpg 2048w, https:\/\/cenal.gob.ve\/wp-content\/uploads\/2026\/05\/IMG-20260501-WA0026-640x427.jpg 640w\" sizes=\"(max-width: 1024px) 100vw, 1024px\" \/><\/figure>\n\n\n\n<p>El diplom\u00e1tico ratific\u00f3 el compromiso de Venezuela con la cultura, la lectura y la promoci\u00f3n de autores en el marco de la m\u00e1xima fiesta literaria de Colombia, a la que defini\u00f3 como &#8220;una de las m\u00e1s importantes del mundo&#8221;.<\/p>\n\n\n\n<p>Adem\u00e1s, Maniglia resalt\u00f3 la FILBo como un significativo evento cultural en Bogot\u00e1, que describi\u00f3 como una ciudad hermosa e hist\u00f3rica, donde el Libertador Sim\u00f3n Bol\u00edvar residi\u00f3 parte de su vida.<\/p>\n\n\n\n<figure class=\"wp-block-image size-large\"><img width=\"1024\" height=\"623\" src=\"https:\/\/cenal.gob.ve\/wp-content\/uploads\/2026\/05\/IMG_20260501_150941-1024x623.jpg\" alt=\"\" class=\"wp-image-27883\" srcset=\"https:\/\/cenal.gob.ve\/wp-content\/uploads\/2026\/05\/IMG_20260501_150941-1024x623.jpg 1024w, https:\/\/cenal.gob.ve\/wp-content\/uploads\/2026\/05\/IMG_20260501_150941-300x183.jpg 300w, https:\/\/cenal.gob.ve\/wp-content\/uploads\/2026\/05\/IMG_20260501_150941-768x467.jpg 768w, https:\/\/cenal.gob.ve\/wp-content\/uploads\/2026\/05\/IMG_20260501_150941-640x390.jpg 640w, https:\/\/cenal.gob.ve\/wp-content\/uploads\/2026\/05\/IMG_20260501_150941.jpg 1280w\" sizes=\"(max-width: 1024px) 100vw, 1024px\" \/><\/figure>\n\n\n\n<p>La delegaci\u00f3n de autores venezolanos en la FILBo incluy\u00f3 al reconocido escritor e intelectual Luis Britto Garc\u00eda, Premio Nacional de Literatura y Portador Patrimonial de la Naci\u00f3n, a quien el embajador Maniglia salud\u00f3 y exalt\u00f3 como &#8220;un amigo de siempre, un venezolano insigne&#8221;.<\/p>\n\n\n\n<p>Igualmente han presentado libros en la 38.\u00aa FILBo los escritores venezolanos Benito Yrady, presidente del Centro de la Diversidad Cultural; Mirla Alcib\u00edades, ganadora este a\u00f1o del Premio Nacional de Cultura en Humanidades; Rosanna \u00c1lvarez, historiadora dedicada al an\u00e1lisis y difusi\u00f3n del pensamiento bolivariano; Aminta Bele\u00f1o, autora de publicaciones centradas en la igualdad y defensa de g\u00e9nero, y Neguel Machado, poeta, decimista, promotor cultural y exponente de la cultura afrovenezolana.<\/p>\n\n\n\n<figure class=\"wp-block-image size-large\"><img width=\"1024\" height=\"682\" src=\"https:\/\/cenal.gob.ve\/wp-content\/uploads\/2026\/05\/IMG-20260501-WA0024-1024x682.jpg\" alt=\"\" class=\"wp-image-27890\" srcset=\"https:\/\/cenal.gob.ve\/wp-content\/uploads\/2026\/05\/IMG-20260501-WA0024-1024x682.jpg 1024w, https:\/\/cenal.gob.ve\/wp-content\/uploads\/2026\/05\/IMG-20260501-WA0024-300x200.jpg 300w, https:\/\/cenal.gob.ve\/wp-content\/uploads\/2026\/05\/IMG-20260501-WA0024-768x512.jpg 768w, https:\/\/cenal.gob.ve\/wp-content\/uploads\/2026\/05\/IMG-20260501-WA0024-1536x1024.jpg 1536w, https:\/\/cenal.gob.ve\/wp-content\/uploads\/2026\/05\/IMG-20260501-WA0024-2048x1365.jpg 2048w, https:\/\/cenal.gob.ve\/wp-content\/uploads\/2026\/05\/IMG-20260501-WA0024-640x427.jpg 640w\" sizes=\"(max-width: 1024px) 100vw, 1024px\" \/><\/figure>\n\n\n\n<p>Entre las editoriales p\u00fablicas, privadas e independientes que participan por Venezuela a trav\u00e9s del MPPC est\u00e1n El perro y la rana, Monte \u00c1vila Editores Latinoamericana, Biblioteca Ayacucho, Iguana Ediciones, Ediciones Telesur, Bisara, Acirema y Trinchera.<\/p>\n\n\n\n<p>Tambi\u00e9n est\u00e1n los sellos editoriales de la Fundaci\u00f3n para la Cultura y las Artes (Fundarte) de la Alcald\u00eda de Caracas, el Centro de Estudios Sim\u00f3n Bol\u00edvar y el Instituto de Altos Estudios del Pensamiento del Comandante Supremo Hugo Ch\u00e1vez Fr\u00edas.<\/p>\n\n\n\n<p>Adem\u00e1s de la oferta editorial que brinda el MPPC est\u00e1 la C\u00e1mara Venezolana del Libro con un stand donde pueden apreciarse otras novedades de editoriales y autores independientes.<\/p>\n\n\n\n<p>La FILBo, pr\u00f3xima a cerrar este 4 de mayo, es organizada por Corferias y la C\u00e1mara Colombiana del Libro (CCL). Este a\u00f1o cuenta con India como Pa\u00eds Invitado de Honor y Boyac\u00e1 como Departamento Invitado. La programaci\u00f3n gira en torno al eje tem\u00e1tico \u201cEscucharnos es leernos\u201d, una invitaci\u00f3n a entender la vida desde el sosiego, la calma y el silencio.<\/p>\n\n\n\n<figure class=\"wp-block-image size-large\"><img width=\"1024\" height=\"682\" src=\"https:\/\/cenal.gob.ve\/wp-content\/uploads\/2026\/05\/IMG_20260501_145245_711-1-1024x682.jpg\" alt=\"\" class=\"wp-image-27879\" srcset=\"https:\/\/cenal.gob.ve\/wp-content\/uploads\/2026\/05\/IMG_20260501_145245_711-1-1024x682.jpg 1024w, https:\/\/cenal.gob.ve\/wp-content\/uploads\/2026\/05\/IMG_20260501_145245_711-1-300x200.jpg 300w, https:\/\/cenal.gob.ve\/wp-content\/uploads\/2026\/05\/IMG_20260501_145245_711-1-768x512.jpg 768w, https:\/\/cenal.gob.ve\/wp-content\/uploads\/2026\/05\/IMG_20260501_145245_711-1-640x427.jpg 640w, https:\/\/cenal.gob.ve\/wp-content\/uploads\/2026\/05\/IMG_20260501_145245_711-1.jpg 1280w\" sizes=\"(max-width: 1024px) 100vw, 1024px\" \/><\/figure>\n\n\n\n<figure class=\"wp-block-image size-large is-resized\"><img src=\"https:\/\/cenal.gob.ve\/wp-content\/uploads\/2026\/05\/IMG_20260501_145310_083-1-1024x682.jpg\" alt=\"\" class=\"wp-image-27878\" width=\"378\" height=\"252\" srcset=\"https:\/\/cenal.gob.ve\/wp-content\/uploads\/2026\/05\/IMG_20260501_145310_083-1-1024x682.jpg 1024w, https:\/\/cenal.gob.ve\/wp-content\/uploads\/2026\/05\/IMG_20260501_145310_083-1-300x200.jpg 300w, https:\/\/cenal.gob.ve\/wp-content\/uploads\/2026\/05\/IMG_20260501_145310_083-1-768x512.jpg 768w, https:\/\/cenal.gob.ve\/wp-content\/uploads\/2026\/05\/IMG_20260501_145310_083-1-640x427.jpg 640w, https:\/\/cenal.gob.ve\/wp-content\/uploads\/2026\/05\/IMG_20260501_145310_083-1.jpg 1280w\" sizes=\"(max-width: 378px) 100vw, 378px\" \/><\/figure>\n\n\n\n<figure class=\"wp-block-image size-large\"><img width=\"1024\" height=\"682\" src=\"https:\/\/cenal.gob.ve\/wp-content\/uploads\/2026\/05\/IMG-20260501-WA0027-1024x682.jpg\" alt=\"\" class=\"wp-image-27893\" srcset=\"https:\/\/cenal.gob.ve\/wp-content\/uploads\/2026\/05\/IMG-20260501-WA0027-1024x682.jpg 1024w, https:\/\/cenal.gob.ve\/wp-content\/uploads\/2026\/05\/IMG-20260501-WA0027-300x200.jpg 300w, https:\/\/cenal.gob.ve\/wp-content\/uploads\/2026\/05\/IMG-20260501-WA0027-768x512.jpg 768w, https:\/\/cenal.gob.ve\/wp-content\/uploads\/2026\/05\/IMG-20260501-WA0027-1536x1024.jpg 1536w, https:\/\/cenal.gob.ve\/wp-content\/uploads\/2026\/05\/IMG-20260501-WA0027-2048x1365.jpg 2048w, https:\/\/cenal.gob.ve\/wp-content\/uploads\/2026\/05\/IMG-20260501-WA0027-640x427.jpg 640w\" sizes=\"(max-width: 1024px) 100vw, 1024px\" \/><\/figure>\n","protected":false},"excerpt":{"rendered":"<p>El embajador de Venezuela en Colombia, Orlando Maniglia, asisti\u00f3 a la 38.\u00aa Feria Internacional del Libro de Bogot\u00e1 (FILBo), donde comparti\u00f3 con miembros de la delegaci\u00f3n venezolana que participa a [&hellip;]<\/p>\n","protected":false},"author":10,"featured_media":27876,"comment_status":"open","ping_status":"closed","sticky":false,"template":"","format":"standard","meta":{"spay_email":"","jetpack_publicize_message":"","jetpack_is_tweetstorm":false,"jetpack_publicize_feature_enabled":true},"categories":[2],"tags":[81,211,212,9],"yoast_head":"<!-- This site is optimized with the Yoast SEO plugin v19.8 - https:\/\/yoast.com\/wordpress\/plugins\/seo\/ -->\n<title>Embajador Orlando Maniglia resalta participaci\u00f3n de Venezuela en 38.\u00aa FILBo<\/title>\n<meta name=\"robots\" content=\"index, follow, max-snippet:-1, max-image-preview:large, max-video-preview:-1\" \/>\n<link rel=\"canonical\" href=\"https:\/\/cenal.gob.ve\/?p=27875\" \/>\n<meta property=\"og:locale\" content=\"es_ES\" \/>\n<meta property=\"og:type\" content=\"article\" \/>\n<meta property=\"og:title\" content=\"Embajador Orlando Maniglia resalta participaci\u00f3n de Venezuela en 38.\u00aa FILBo\" \/>\n<meta property=\"og:description\" content=\"El embajador de Venezuela en Colombia, Orlando Maniglia, asisti\u00f3 a la 38.\u00aa Feria Internacional del Libro de Bogot\u00e1 (FILBo), donde comparti\u00f3 con miembros de la delegaci\u00f3n venezolana que participa a [&hellip;]\" \/>\n<meta property=\"og:url\" content=\"https:\/\/cenal.gob.ve\/?p=27875\" \/>\n<meta property=\"og:site_name\" content=\"Cenal\" \/>\n<meta property=\"article:published_time\" content=\"2026-05-01T19:23:51+00:00\" \/>\n<meta property=\"article:modified_time\" content=\"2026-05-01T20:41:01+00:00\" \/>\n<meta property=\"og:image\" content=\"http:\/\/cenal.gob.ve\/wp-content\/uploads\/2026\/05\/IMG_20260501_145245_711.jpg\" \/>\n\t<meta property=\"og:image:width\" content=\"1280\" \/>\n\t<meta property=\"og:image:height\" content=\"853\" \/>\n\t<meta property=\"og:image:type\" content=\"image\/jpeg\" \/>\n<meta name=\"author\" content=\"Prensa Cenal\" \/>\n<meta name=\"twitter:card\" content=\"summary_large_image\" \/>\n<meta name=\"twitter:label1\" content=\"Written by\" \/>\n\t<meta name=\"twitter:data1\" content=\"Prensa Cenal\" \/>\n\t<meta name=\"twitter:label2\" content=\"Est. reading time\" \/>\n\t<meta name=\"twitter:data2\" content=\"4 minutos\" \/>\n<script type=\"application\/ld+json\" class=\"yoast-schema-graph\">{\"@context\":\"https:\/\/schema.org\",\"@graph\":[{\"@type\":\"Article\",\"@id\":\"https:\/\/cenal.gob.ve\/?p=27875#article\",\"isPartOf\":{\"@id\":\"https:\/\/cenal.gob.ve\/?p=27875\"},\"author\":{\"name\":\"Prensa Cenal\",\"@id\":\"https:\/\/cenal.gob.ve\/#\/schema\/person\/e3ed34623f400ffab8bc7a63b2f5533f\"},\"headline\":\"Embajador Orlando Maniglia resalta participaci\u00f3n de Venezuela en 38.\u00aa FILBo\",\"datePublished\":\"2026-05-01T19:23:51+00:00\",\"dateModified\":\"2026-05-01T20:41:01+00:00\",\"mainEntityOfPage\":{\"@id\":\"https:\/\/cenal.gob.ve\/?p=27875\"},\"wordCount\":474,\"commentCount\":0,\"publisher\":{\"@id\":\"https:\/\/cenal.gob.ve\/#organization\"},\"keywords\":[\"Libros\",\"Literatura\",\"Literatura venezolana\",\"Noticias\"],\"articleSection\":[\"Cenal\"],\"inLanguage\":\"es\",\"potentialAction\":[{\"@type\":\"CommentAction\",\"name\":\"Comment\",\"target\":[\"https:\/\/cenal.gob.ve\/?p=27875#respond\"]}]},{\"@type\":\"WebPage\",\"@id\":\"https:\/\/cenal.gob.ve\/?p=27875\",\"url\":\"https:\/\/cenal.gob.ve\/?p=27875\",\"name\":\"Embajador Orlando Maniglia resalta participaci\u00f3n de Venezuela en 38.\u00aa FILBo\",\"isPartOf\":{\"@id\":\"https:\/\/cenal.gob.ve\/#website\"},\"datePublished\":\"2026-05-01T19:23:51+00:00\",\"dateModified\":\"2026-05-01T20:41:01+00:00\",\"breadcrumb\":{\"@id\":\"https:\/\/cenal.gob.ve\/?p=27875#breadcrumb\"},\"inLanguage\":\"es\",\"potentialAction\":[{\"@type\":\"ReadAction\",\"target\":[\"https:\/\/cenal.gob.ve\/?p=27875\"]}]},{\"@type\":\"BreadcrumbList\",\"@id\":\"https:\/\/cenal.gob.ve\/?p=27875#breadcrumb\",\"itemListElement\":[{\"@type\":\"ListItem\",\"position\":1,\"name\":\"Home\",\"item\":\"https:\/\/cenal.gob.ve\/\"},{\"@type\":\"ListItem\",\"position\":2,\"name\":\"Embajador Orlando Maniglia resalta participaci\u00f3n de Venezuela en 38.\u00aa FILBo\"}]},{\"@type\":\"WebSite\",\"@id\":\"https:\/\/cenal.gob.ve\/#website\",\"url\":\"https:\/\/cenal.gob.ve\/\",\"name\":\"Cenal\",\"description\":\"\",\"publisher\":{\"@id\":\"https:\/\/cenal.gob.ve\/#organization\"},\"potentialAction\":[{\"@type\":\"SearchAction\",\"target\":{\"@type\":\"EntryPoint\",\"urlTemplate\":\"https:\/\/cenal.gob.ve\/?s={search_term_string}\"},\"query-input\":\"required name=search_term_string\"}],\"inLanguage\":\"es\"},{\"@type\":\"Organization\",\"@id\":\"https:\/\/cenal.gob.ve\/#organization\",\"name\":\"CENAL\",\"url\":\"https:\/\/cenal.gob.ve\/\",\"sameAs\":[],\"logo\":{\"@type\":\"ImageObject\",\"inLanguage\":\"es\",\"@id\":\"https:\/\/cenal.gob.ve\/#\/schema\/logo\/image\/\",\"url\":\"https:\/\/i0.wp.com\/cenal.gob.ve\/wp-content\/uploads\/2022\/10\/cropped-images.jpg?fit=512%2C512\",\"contentUrl\":\"https:\/\/i0.wp.com\/cenal.gob.ve\/wp-content\/uploads\/2022\/10\/cropped-images.jpg?fit=512%2C512\",\"width\":512,\"height\":512,\"caption\":\"CENAL\"},\"image\":{\"@id\":\"https:\/\/cenal.gob.ve\/#\/schema\/logo\/image\/\"}},{\"@type\":\"Person\",\"@id\":\"https:\/\/cenal.gob.ve\/#\/schema\/person\/e3ed34623f400ffab8bc7a63b2f5533f\",\"name\":\"Prensa Cenal\",\"image\":{\"@type\":\"ImageObject\",\"inLanguage\":\"es\",\"@id\":\"https:\/\/cenal.gob.ve\/#\/schema\/person\/image\/\",\"url\":\"https:\/\/secure.gravatar.com\/avatar\/594b4ed34090910c619ac3679001d491?s=96&d=mm&r=g\",\"contentUrl\":\"https:\/\/secure.gravatar.com\/avatar\/594b4ed34090910c619ac3679001d491?s=96&d=mm&r=g\",\"caption\":\"Prensa Cenal\"},\"url\":\"https:\/\/cenal.gob.ve\/?author=10\"}]}<\/script>\n<!-- \/ Yoast SEO plugin. -->","yoast_head_json":{"title":"Embajador Orlando Maniglia resalta participaci\u00f3n de Venezuela en 38.\u00aa FILBo","robots":{"index":"index","follow":"follow","max-snippet":"max-snippet:-1","max-image-preview":"max-image-preview:large","max-video-preview":"max-video-preview:-1"},"canonical":"https:\/\/cenal.gob.ve\/?p=27875","og_locale":"es_ES","og_type":"article","og_title":"Embajador Orlando Maniglia resalta participaci\u00f3n de Venezuela en 38.\u00aa FILBo","og_description":"El embajador de Venezuela en Colombia, Orlando Maniglia, asisti\u00f3 a la 38.\u00aa Feria Internacional del Libro de Bogot\u00e1 (FILBo), donde comparti\u00f3 con miembros de la delegaci\u00f3n venezolana que participa a [&hellip;]","og_url":"https:\/\/cenal.gob.ve\/?p=27875","og_site_name":"Cenal","article_published_time":"2026-05-01T19:23:51+00:00","article_modified_time":"2026-05-01T20:41:01+00:00","og_image":[{"width":1280,"height":853,"url":"http:\/\/cenal.gob.ve\/wp-content\/uploads\/2026\/05\/IMG_20260501_145245_711.jpg","type":"image\/jpeg"}],"author":"Prensa Cenal","twitter_card":"summary_large_image","twitter_misc":{"Written by":"Prensa Cenal","Est. reading time":"4 minutos"},"schema":{"@context":"https:\/\/schema.org","@graph":[{"@type":"Article","@id":"https:\/\/cenal.gob.ve\/?p=27875#article","isPartOf":{"@id":"https:\/\/cenal.gob.ve\/?p=27875"},"author":{"name":"Prensa Cenal","@id":"https:\/\/cenal.gob.ve\/#\/schema\/person\/e3ed34623f400ffab8bc7a63b2f5533f"},"headline":"Embajador Orlando Maniglia resalta participaci\u00f3n de Venezuela en 38.\u00aa FILBo","datePublished":"2026-05-01T19:23:51+00:00","dateModified":"2026-05-01T20:41:01+00:00","mainEntityOfPage":{"@id":"https:\/\/cenal.gob.ve\/?p=27875"},"wordCount":474,"commentCount":0,"publisher":{"@id":"https:\/\/cenal.gob.ve\/#organization"},"keywords":["Libros","Literatura","Literatura venezolana","Noticias"],"articleSection":["Cenal"],"inLanguage":"es","potentialAction":[{"@type":"CommentAction","name":"Comment","target":["https:\/\/cenal.gob.ve\/?p=27875#respond"]}]},{"@type":"WebPage","@id":"https:\/\/cenal.gob.ve\/?p=27875","url":"https:\/\/cenal.gob.ve\/?p=27875","name":"Embajador Orlando Maniglia resalta participaci\u00f3n de Venezuela en 38.\u00aa FILBo","isPartOf":{"@id":"https:\/\/cenal.gob.ve\/#website"},"datePublished":"2026-05-01T19:23:51+00:00","dateModified":"2026-05-01T20:41:01+00:00","breadcrumb":{"@id":"https:\/\/cenal.gob.ve\/?p=27875#breadcrumb"},"inLanguage":"es","potentialAction":[{"@type":"ReadAction","target":["https:\/\/cenal.gob.ve\/?p=27875"]}]},{"@type":"BreadcrumbList","@id":"https:\/\/cenal.gob.ve\/?p=27875#breadcrumb","itemListElement":[{"@type":"ListItem","position":1,"name":"Home","item":"https:\/\/cenal.gob.ve\/"},{"@type":"ListItem","position":2,"name":"Embajador Orlando Maniglia resalta participaci\u00f3n de Venezuela en 38.\u00aa FILBo"}]},{"@type":"WebSite","@id":"https:\/\/cenal.gob.ve\/#website","url":"https:\/\/cenal.gob.ve\/","name":"Cenal","description":"","publisher":{"@id":"https:\/\/cenal.gob.ve\/#organization"},"potentialAction":[{"@type":"SearchAction","target":{"@type":"EntryPoint","urlTemplate":"https:\/\/cenal.gob.ve\/?s={search_term_string}"},"query-input":"required name=search_term_string"}],"inLanguage":"es"},{"@type":"Organization","@id":"https:\/\/cenal.gob.ve\/#organization","name":"CENAL","url":"https:\/\/cenal.gob.ve\/","sameAs":[],"logo":{"@type":"ImageObject","inLanguage":"es","@id":"https:\/\/cenal.gob.ve\/#\/schema\/logo\/image\/","url":"https:\/\/i0.wp.com\/cenal.gob.ve\/wp-content\/uploads\/2022\/10\/cropped-images.jpg?fit=512%2C512","contentUrl":"https:\/\/i0.wp.com\/cenal.gob.ve\/wp-content\/uploads\/2022\/10\/cropped-images.jpg?fit=512%2C512","width":512,"height":512,"caption":"CENAL"},"image":{"@id":"https:\/\/cenal.gob.ve\/#\/schema\/logo\/image\/"}},{"@type":"Person","@id":"https:\/\/cenal.gob.ve\/#\/schema\/person\/e3ed34623f400ffab8bc7a63b2f5533f","name":"Prensa Cenal","image":{"@type":"ImageObject","inLanguage":"es","@id":"https:\/\/cenal.gob.ve\/#\/schema\/person\/image\/","url":"https:\/\/secure.gravatar.com\/avatar\/594b4ed34090910c619ac3679001d491?s=96&d=mm&r=g","contentUrl":"https:\/\/secure.gravatar.com\/avatar\/594b4ed34090910c619ac3679001d491?s=96&d=mm&r=g","caption":"Prensa Cenal"},"url":"https:\/\/cenal.gob.ve\/?author=10"}]}},"jetpack_featured_media_url":"https:\/\/cenal.gob.ve\/wp-content\/uploads\/2026\/05\/IMG_20260501_145245_711.jpg","jetpack_publicize_connections":[],"jetpack_shortlink":"https:\/\/wp.me\/p5FMhp-7fB","_links":{"self":[{"href":"https:\/\/cenal.gob.ve\/index.php?rest_route=\/wp\/v2\/posts\/27875"}],"collection":[{"href":"https:\/\/cenal.gob.ve\/index.php?rest_route=\/wp\/v2\/posts"}],"about":[{"href":"https:\/\/cenal.gob.ve\/index.php?rest_route=\/wp\/v2\/types\/post"}],"author":[{"embeddable":true,"href":"https:\/\/cenal.gob.ve\/index.php?rest_route=\/wp\/v2\/users\/10"}],"replies":[{"embeddable":true,"href":"https:\/\/cenal.gob.ve\/index.php?rest_route=%2Fwp%2Fv2%2Fcomments&post=27875"}],"version-history":[{"count":10,"href":"https:\/\/cenal.gob.ve\/index.php?rest_route=\/wp\/v2\/posts\/27875\/revisions"}],"predecessor-version":[{"id":27896,"href":"https:\/\/cenal.gob.ve\/index.php?rest_route=\/wp\/v2\/posts\/27875\/revisions\/27896"}],"wp:featuredmedia":[{"embeddable":true,"href":"https:\/\/cenal.gob.ve\/index.php?rest_route=\/wp\/v2\/media\/27876"}],"wp:attachment":[{"href":"https:\/\/cenal.gob.ve\/index.php?rest_route=%2Fwp%2Fv2%2Fmedia&parent=27875"}],"wp:term":[{"taxonomy":"category","embeddable":true,"href":"https:\/\/cenal.gob.ve\/index.php?rest_route=%2Fwp%2Fv2%2Fcategories&post=27875"},{"taxonomy":"post_tag","embeddable":true,"href":"https:\/\/cenal.gob.ve\/index.php?rest_route=%2Fwp%2Fv2%2Ftags&post=27875"}],"curies":[{"name":"wp","href":"https:\/\/api.w.org\/{rel}","templated":true}]}}