{"id":6395,"date":"2018-11-30T11:04:41","date_gmt":"2018-11-30T15:04:41","guid":{"rendered":"http:\/\/www.cenal.gob.ve\/?p=6395"},"modified":"2022-03-09T11:43:04","modified_gmt":"2022-03-09T15:43:04","slug":"mirla-alcibiades-sumar-jovenes-lectores-es-una-tarea-imprescindible","status":"publish","type":"post","link":"https:\/\/cenal.gob.ve\/?p=6395","title":{"rendered":"Mirla Alcib\u00edades: Sumar j\u00f3venes lectores es una tarea imprescindible"},"content":{"rendered":"<p style=\"text-align: justify;\"><span style=\"font-family: times new roman, times, serif; font-size: 12pt;\">Durante el conversatorio <em>La espiritualidad en Andr\u00e9s Bello, <\/em>organizado por el Centro Nacional del Libro (Cenal), a prop\u00f3sito del natalicio de este insigne venezolano, la investigadora Mirla Alcib\u00edades indic\u00f3 que sumar j\u00f3venes lectores es una tarea imprescindible.<\/span><\/p>\n<p style=\"text-align: justify;\"><span style=\"font-family: times new roman, times, serif; font-size: 12pt;\">\u00a0\u201cHay que ganarnos a los muchachos pero con argumentos distintos\u201d, dijo al compartir su revisi\u00f3n y an\u00e1lisis sobre aspectos personales, sensibles y espirituales de la vida del escritor, humanista, pedagogo y fil\u00f3sofo Andr\u00e9s Bello este 29 de noviembre en los espacios de la Biblioteca P\u00fablica Sim\u00f3n Rodr\u00edguez.<\/span><\/p>\n<p style=\"text-align: justify;\"><span style=\"font-family: times new roman, times, serif; font-size: 12pt;\">La tambi\u00e9n escritora consider\u00f3 que para lograr este prop\u00f3sito se pueden rescatar de la historia y literatura las actuaciones y aportes de las grandes mujeres y hombres, como Don Andr\u00e9s Bello, puesto que en el estudio de su cotidianidad existen diversos aspectos y debates para la reflexi\u00f3n. En ese sentido, acot\u00f3 que a trav\u00e9s de las experiencias espirituales de este autor se han podido visualizar temas relacionados con la masoner\u00eda, los cuales ya se hablaban en su \u00e9poca, incluso de forma abierta y con menor temor a la iglesia.<\/span><\/p>\n<p style=\"text-align: justify;\"><span style=\"font-family: times new roman, times, serif; font-size: 12pt;\">\u00a0Agreg\u00f3 que, si bien no se han encontrado escritos donde Bello hable con detalles sobre esta etapa de su vida, hay tres obras po\u00e9ticas que s\u00ed reflejan estas tem\u00e1ticas misteriosas y extrasensoriales, que son<em> Los Fantasmas<\/em> (1842)\u00a0 <em>Los Duendes <\/em>(1843) y <em>Las se\u00f1ales de la muerte<\/em> (1852).<\/span><\/p>\n<p style=\"text-align: justify;\"><span style=\"font-family: times new roman, times, serif; font-size: 12pt;\">La ponente relat\u00f3 dos an\u00e9cdotas, a su juicio sorprendentes y aterradoras, de uno de los mentores del Libertador. La primera de estas fue cuando Bello escuch\u00f3 la voz de su madre ya difunta y, la segunda, en 1898, al cumplir 33 a\u00f1os de fallecido. En ese entonces sus restos fueron exhumados para ser trasladados a un mausoleo junto a su esposa Isabel Dumm de Bello, todos los presentes se sorprendieron porque el rostro del maestro Bello estaba intacto y, al tener contacto con el aire, se fue rasgando hasta convertirse en cenizas, solo qued\u00f3 su calavera.<\/span><\/p>\n<p style=\"text-align: justify;\"><span style=\"font-family: times new roman, times, serif; font-size: 12pt;\">Mirla Alcib\u00edades es investigadora jubilada del Centro de Estudios Latinoamericanos R\u00f3mulo Gallegos (Celarg), autora de art\u00edculos publicados en revistas especializadas de Venezuela, Latinoam\u00e9rica, Estados Unidos y Europa. Ha escrito m\u00e1s de quince libros, el m\u00e1s reciente <em>Literatura y naci\u00f3n en El Cojo Ilustrado. La \u00edntima satisfacci\u00f3n de Jes\u00fas Mar\u00eda Herrera Irigoyen, <\/em>publicado por la Fundaci\u00f3n Bigott en el a\u00f1o 2017.<\/span><\/p>\n<p style=\"text-align: justify;\"><span style=\"font-family: times new roman, times, serif; font-size: 12pt;\">Ganadora del premio \u00fanico de ensayo, en ocasi\u00f3n del centenario de la revista <em>El Cojo Ilustrado<\/em>, otorgado por la Academia de la Lengua en 1993; tambi\u00e9n recibi\u00f3 en el a\u00f1o 2002, el Premio de Ensayo<em> Mariano Pic\u00f3n Salas<\/em> con su aporte <em>La heroica aventura de construir una rep\u00fablica. Familia-naci\u00f3n en el ochocientos venezolano; <\/em>en el 2006 obtuvo un premio especial del Centro Nacional del Libro por su obra <em>Periodismo y literatura en Concepci\u00f3n Acevedo de Tailhardat<\/em>; entre otros reconocimientos por sus aportes a la investigaci\u00f3n de la literatura, en especial la realizada en Latinoam\u00e9rica.<\/span><\/p>\n<p style=\"text-align: justify;\"><span style=\"font-family: times new roman, times, serif; font-size: 12pt;\">\u00a0<\/span><\/p>\n<p style=\"text-align: justify;\"><span style=\"font-family: times new roman, times, serif; font-size: 12pt;\"><strong>Prensa Cenal.<\/strong><\/span><\/p>\n","protected":false},"excerpt":{"rendered":"<p>Durante el conversatorio La espiritualidad en Andr\u00e9s Bello, organizado por el Centro Nacional del Libro (Cenal), a prop\u00f3sito del natalicio de este insigne venezolano, la investigadora Mirla Alcib\u00edades indic\u00f3 que [&hellip;]<\/p>\n","protected":false},"author":10,"featured_media":6397,"comment_status":"open","ping_status":"open","sticky":false,"template":"","format":"standard","meta":{"spay_email":"","jetpack_publicize_message":"","jetpack_is_tweetstorm":false,"jetpack_publicize_feature_enabled":true},"categories":[1],"tags":[],"yoast_head":"<!-- This site is optimized with the Yoast SEO plugin v19.8 - https:\/\/yoast.com\/wordpress\/plugins\/seo\/ -->\n<title>Mirla Alcib\u00edades: Sumar j\u00f3venes lectores es una tarea imprescindible<\/title>\n<meta name=\"robots\" content=\"index, follow, max-snippet:-1, max-image-preview:large, max-video-preview:-1\" \/>\n<link rel=\"canonical\" href=\"https:\/\/cenal.gob.ve\/?p=6395\" \/>\n<meta property=\"og:locale\" content=\"es_ES\" \/>\n<meta property=\"og:type\" content=\"article\" \/>\n<meta property=\"og:title\" content=\"Mirla Alcib\u00edades: Sumar j\u00f3venes lectores es una tarea imprescindible\" \/>\n<meta property=\"og:description\" content=\"Durante el conversatorio La espiritualidad en Andr\u00e9s Bello, organizado por el Centro Nacional del Libro (Cenal), a prop\u00f3sito del natalicio de este insigne venezolano, la investigadora Mirla Alcib\u00edades indic\u00f3 que [&hellip;]\" \/>\n<meta property=\"og:url\" content=\"https:\/\/cenal.gob.ve\/?p=6395\" \/>\n<meta property=\"og:site_name\" content=\"Cenal\" \/>\n<meta property=\"article:published_time\" content=\"2018-11-30T15:04:41+00:00\" \/>\n<meta property=\"article:modified_time\" content=\"2022-03-09T15:43:04+00:00\" \/>\n<meta property=\"og:image\" content=\"https:\/\/i0.wp.com\/cenal.gob.ve\/wp-content\/uploads\/2018\/11\/DSCF1003-scaled.jpg?fit=2560%2C1920&ssl=1\" \/>\n\t<meta property=\"og:image:width\" content=\"2560\" \/>\n\t<meta property=\"og:image:height\" content=\"1920\" \/>\n\t<meta property=\"og:image:type\" content=\"image\/jpeg\" \/>\n<meta name=\"author\" content=\"Prensa Cenal\" \/>\n<meta name=\"twitter:card\" content=\"summary_large_image\" \/>\n<meta name=\"twitter:label1\" content=\"Written by\" \/>\n\t<meta name=\"twitter:data1\" content=\"Prensa Cenal\" \/>\n\t<meta name=\"twitter:label2\" content=\"Est. reading time\" \/>\n\t<meta name=\"twitter:data2\" content=\"3 minutos\" \/>\n<script type=\"application\/ld+json\" class=\"yoast-schema-graph\">{\"@context\":\"https:\/\/schema.org\",\"@graph\":[{\"@type\":\"Article\",\"@id\":\"https:\/\/cenal.gob.ve\/?p=6395#article\",\"isPartOf\":{\"@id\":\"https:\/\/cenal.gob.ve\/?p=6395\"},\"author\":{\"name\":\"Prensa Cenal\",\"@id\":\"https:\/\/cenal.gob.ve\/#\/schema\/person\/e3ed34623f400ffab8bc7a63b2f5533f\"},\"headline\":\"Mirla Alcib\u00edades: Sumar j\u00f3venes lectores es una tarea imprescindible\",\"datePublished\":\"2018-11-30T15:04:41+00:00\",\"dateModified\":\"2022-03-09T15:43:04+00:00\",\"mainEntityOfPage\":{\"@id\":\"https:\/\/cenal.gob.ve\/?p=6395\"},\"wordCount\":516,\"commentCount\":0,\"publisher\":{\"@id\":\"https:\/\/cenal.gob.ve\/#organization\"},\"articleSection\":[\"Sin categoria\"],\"inLanguage\":\"es\",\"potentialAction\":[{\"@type\":\"CommentAction\",\"name\":\"Comment\",\"target\":[\"https:\/\/cenal.gob.ve\/?p=6395#respond\"]}]},{\"@type\":\"WebPage\",\"@id\":\"https:\/\/cenal.gob.ve\/?p=6395\",\"url\":\"https:\/\/cenal.gob.ve\/?p=6395\",\"name\":\"Mirla Alcib\u00edades: Sumar j\u00f3venes lectores es una tarea imprescindible\",\"isPartOf\":{\"@id\":\"https:\/\/cenal.gob.ve\/#website\"},\"datePublished\":\"2018-11-30T15:04:41+00:00\",\"dateModified\":\"2022-03-09T15:43:04+00:00\",\"breadcrumb\":{\"@id\":\"https:\/\/cenal.gob.ve\/?p=6395#breadcrumb\"},\"inLanguage\":\"es\",\"potentialAction\":[{\"@type\":\"ReadAction\",\"target\":[\"https:\/\/cenal.gob.ve\/?p=6395\"]}]},{\"@type\":\"BreadcrumbList\",\"@id\":\"https:\/\/cenal.gob.ve\/?p=6395#breadcrumb\",\"itemListElement\":[{\"@type\":\"ListItem\",\"position\":1,\"name\":\"Home\",\"item\":\"https:\/\/cenal.gob.ve\/\"},{\"@type\":\"ListItem\",\"position\":2,\"name\":\"Mirla Alcib\u00edades: Sumar j\u00f3venes lectores es una tarea imprescindible\"}]},{\"@type\":\"WebSite\",\"@id\":\"https:\/\/cenal.gob.ve\/#website\",\"url\":\"https:\/\/cenal.gob.ve\/\",\"name\":\"Cenal\",\"description\":\"\",\"publisher\":{\"@id\":\"https:\/\/cenal.gob.ve\/#organization\"},\"potentialAction\":[{\"@type\":\"SearchAction\",\"target\":{\"@type\":\"EntryPoint\",\"urlTemplate\":\"https:\/\/cenal.gob.ve\/?s={search_term_string}\"},\"query-input\":\"required name=search_term_string\"}],\"inLanguage\":\"es\"},{\"@type\":\"Organization\",\"@id\":\"https:\/\/cenal.gob.ve\/#organization\",\"name\":\"CENAL\",\"url\":\"https:\/\/cenal.gob.ve\/\",\"sameAs\":[],\"logo\":{\"@type\":\"ImageObject\",\"inLanguage\":\"es\",\"@id\":\"https:\/\/cenal.gob.ve\/#\/schema\/logo\/image\/\",\"url\":\"https:\/\/i0.wp.com\/cenal.gob.ve\/wp-content\/uploads\/2022\/10\/cropped-images.jpg?fit=512%2C512\",\"contentUrl\":\"https:\/\/i0.wp.com\/cenal.gob.ve\/wp-content\/uploads\/2022\/10\/cropped-images.jpg?fit=512%2C512\",\"width\":512,\"height\":512,\"caption\":\"CENAL\"},\"image\":{\"@id\":\"https:\/\/cenal.gob.ve\/#\/schema\/logo\/image\/\"}},{\"@type\":\"Person\",\"@id\":\"https:\/\/cenal.gob.ve\/#\/schema\/person\/e3ed34623f400ffab8bc7a63b2f5533f\",\"name\":\"Prensa Cenal\",\"image\":{\"@type\":\"ImageObject\",\"inLanguage\":\"es\",\"@id\":\"https:\/\/cenal.gob.ve\/#\/schema\/person\/image\/\",\"url\":\"https:\/\/secure.gravatar.com\/avatar\/594b4ed34090910c619ac3679001d491?s=96&d=mm&r=g\",\"contentUrl\":\"https:\/\/secure.gravatar.com\/avatar\/594b4ed34090910c619ac3679001d491?s=96&d=mm&r=g\",\"caption\":\"Prensa Cenal\"},\"url\":\"https:\/\/cenal.gob.ve\/?author=10\"}]}<\/script>\n<!-- \/ Yoast SEO plugin. -->","yoast_head_json":{"title":"Mirla Alcib\u00edades: Sumar j\u00f3venes lectores es una tarea imprescindible","robots":{"index":"index","follow":"follow","max-snippet":"max-snippet:-1","max-image-preview":"max-image-preview:large","max-video-preview":"max-video-preview:-1"},"canonical":"https:\/\/cenal.gob.ve\/?p=6395","og_locale":"es_ES","og_type":"article","og_title":"Mirla Alcib\u00edades: Sumar j\u00f3venes lectores es una tarea imprescindible","og_description":"Durante el conversatorio La espiritualidad en Andr\u00e9s Bello, organizado por el Centro Nacional del Libro (Cenal), a prop\u00f3sito del natalicio de este insigne venezolano, la investigadora Mirla Alcib\u00edades indic\u00f3 que [&hellip;]","og_url":"https:\/\/cenal.gob.ve\/?p=6395","og_site_name":"Cenal","article_published_time":"2018-11-30T15:04:41+00:00","article_modified_time":"2022-03-09T15:43:04+00:00","og_image":[{"width":2560,"height":1920,"url":"https:\/\/i0.wp.com\/cenal.gob.ve\/wp-content\/uploads\/2018\/11\/DSCF1003-scaled.jpg?fit=2560%2C1920&ssl=1","type":"image\/jpeg"}],"author":"Prensa Cenal","twitter_card":"summary_large_image","twitter_misc":{"Written by":"Prensa Cenal","Est. reading time":"3 minutos"},"schema":{"@context":"https:\/\/schema.org","@graph":[{"@type":"Article","@id":"https:\/\/cenal.gob.ve\/?p=6395#article","isPartOf":{"@id":"https:\/\/cenal.gob.ve\/?p=6395"},"author":{"name":"Prensa Cenal","@id":"https:\/\/cenal.gob.ve\/#\/schema\/person\/e3ed34623f400ffab8bc7a63b2f5533f"},"headline":"Mirla Alcib\u00edades: Sumar j\u00f3venes lectores es una tarea imprescindible","datePublished":"2018-11-30T15:04:41+00:00","dateModified":"2022-03-09T15:43:04+00:00","mainEntityOfPage":{"@id":"https:\/\/cenal.gob.ve\/?p=6395"},"wordCount":516,"commentCount":0,"publisher":{"@id":"https:\/\/cenal.gob.ve\/#organization"},"articleSection":["Sin categoria"],"inLanguage":"es","potentialAction":[{"@type":"CommentAction","name":"Comment","target":["https:\/\/cenal.gob.ve\/?p=6395#respond"]}]},{"@type":"WebPage","@id":"https:\/\/cenal.gob.ve\/?p=6395","url":"https:\/\/cenal.gob.ve\/?p=6395","name":"Mirla Alcib\u00edades: Sumar j\u00f3venes lectores es una tarea imprescindible","isPartOf":{"@id":"https:\/\/cenal.gob.ve\/#website"},"datePublished":"2018-11-30T15:04:41+00:00","dateModified":"2022-03-09T15:43:04+00:00","breadcrumb":{"@id":"https:\/\/cenal.gob.ve\/?p=6395#breadcrumb"},"inLanguage":"es","potentialAction":[{"@type":"ReadAction","target":["https:\/\/cenal.gob.ve\/?p=6395"]}]},{"@type":"BreadcrumbList","@id":"https:\/\/cenal.gob.ve\/?p=6395#breadcrumb","itemListElement":[{"@type":"ListItem","position":1,"name":"Home","item":"https:\/\/cenal.gob.ve\/"},{"@type":"ListItem","position":2,"name":"Mirla Alcib\u00edades: Sumar j\u00f3venes lectores es una tarea imprescindible"}]},{"@type":"WebSite","@id":"https:\/\/cenal.gob.ve\/#website","url":"https:\/\/cenal.gob.ve\/","name":"Cenal","description":"","publisher":{"@id":"https:\/\/cenal.gob.ve\/#organization"},"potentialAction":[{"@type":"SearchAction","target":{"@type":"EntryPoint","urlTemplate":"https:\/\/cenal.gob.ve\/?s={search_term_string}"},"query-input":"required name=search_term_string"}],"inLanguage":"es"},{"@type":"Organization","@id":"https:\/\/cenal.gob.ve\/#organization","name":"CENAL","url":"https:\/\/cenal.gob.ve\/","sameAs":[],"logo":{"@type":"ImageObject","inLanguage":"es","@id":"https:\/\/cenal.gob.ve\/#\/schema\/logo\/image\/","url":"https:\/\/i0.wp.com\/cenal.gob.ve\/wp-content\/uploads\/2022\/10\/cropped-images.jpg?fit=512%2C512","contentUrl":"https:\/\/i0.wp.com\/cenal.gob.ve\/wp-content\/uploads\/2022\/10\/cropped-images.jpg?fit=512%2C512","width":512,"height":512,"caption":"CENAL"},"image":{"@id":"https:\/\/cenal.gob.ve\/#\/schema\/logo\/image\/"}},{"@type":"Person","@id":"https:\/\/cenal.gob.ve\/#\/schema\/person\/e3ed34623f400ffab8bc7a63b2f5533f","name":"Prensa Cenal","image":{"@type":"ImageObject","inLanguage":"es","@id":"https:\/\/cenal.gob.ve\/#\/schema\/person\/image\/","url":"https:\/\/secure.gravatar.com\/avatar\/594b4ed34090910c619ac3679001d491?s=96&d=mm&r=g","contentUrl":"https:\/\/secure.gravatar.com\/avatar\/594b4ed34090910c619ac3679001d491?s=96&d=mm&r=g","caption":"Prensa Cenal"},"url":"https:\/\/cenal.gob.ve\/?author=10"}]}},"jetpack_featured_media_url":"https:\/\/cenal.gob.ve\/wp-content\/uploads\/2018\/11\/DSCF1003-scaled.jpg","jetpack_publicize_connections":[],"jetpack_shortlink":"https:\/\/wp.me\/p5FMhp-1F9","_links":{"self":[{"href":"https:\/\/cenal.gob.ve\/index.php?rest_route=\/wp\/v2\/posts\/6395"}],"collection":[{"href":"https:\/\/cenal.gob.ve\/index.php?rest_route=\/wp\/v2\/posts"}],"about":[{"href":"https:\/\/cenal.gob.ve\/index.php?rest_route=\/wp\/v2\/types\/post"}],"author":[{"embeddable":true,"href":"https:\/\/cenal.gob.ve\/index.php?rest_route=\/wp\/v2\/users\/10"}],"replies":[{"embeddable":true,"href":"https:\/\/cenal.gob.ve\/index.php?rest_route=%2Fwp%2Fv2%2Fcomments&post=6395"}],"version-history":[{"count":1,"href":"https:\/\/cenal.gob.ve\/index.php?rest_route=\/wp\/v2\/posts\/6395\/revisions"}],"predecessor-version":[{"id":15254,"href":"https:\/\/cenal.gob.ve\/index.php?rest_route=\/wp\/v2\/posts\/6395\/revisions\/15254"}],"wp:featuredmedia":[{"embeddable":true,"href":"https:\/\/cenal.gob.ve\/index.php?rest_route=\/wp\/v2\/media\/6397"}],"wp:attachment":[{"href":"https:\/\/cenal.gob.ve\/index.php?rest_route=%2Fwp%2Fv2%2Fmedia&parent=6395"}],"wp:term":[{"taxonomy":"category","embeddable":true,"href":"https:\/\/cenal.gob.ve\/index.php?rest_route=%2Fwp%2Fv2%2Fcategories&post=6395"},{"taxonomy":"post_tag","embeddable":true,"href":"https:\/\/cenal.gob.ve\/index.php?rest_route=%2Fwp%2Fv2%2Ftags&post=6395"}],"curies":[{"name":"wp","href":"https:\/\/api.w.org\/{rel}","templated":true}]}}