{"id":6404,"date":"2018-12-10T12:58:35","date_gmt":"2018-12-10T16:58:35","guid":{"rendered":"http:\/\/www.cenal.gob.ve\/?p=6404"},"modified":"2022-03-09T11:43:04","modified_gmt":"2022-03-09T15:43:04","slug":"cenal-invita-a-recital-de-poesia-en-homenaje-a-maria-calcano","status":"publish","type":"post","link":"https:\/\/cenal.gob.ve\/?p=6404","title":{"rendered":"Cenal invita a recital de poes\u00eda en homenaje a Mar\u00eda Calca\u00f1o"},"content":{"rendered":"<p style=\"text-align: justify;\"><span style=\"font-family: times new roman, times, serif; font-size: 12pt;\">A prop\u00f3sito del natalicio de la poeta Mar\u00eda Calca\u00f1o, el Centro Nacional del Libro (Cenal) invita este 12 de diciembre al p\u00fablico en general al \u201cRecital de poes\u00eda er\u00f3tica femenina\u201d en homenaje a la autora zuliana.<\/span><\/p>\n<p style=\"text-align: justify;\"><span style=\"font-family: times new roman, times, serif; font-size: 12pt;\">Con la investigadora Maribel Prieto en la moderaci\u00f3n, las poetas Ivonne Thompson, Yanuva Le\u00f3n, Mar\u00eda Eugenia Inojosa, Indira Carpio, Nidesca Su\u00e1rez y Rossana Mar\u00edn se pasear\u00e1n por los m\u00e1s intensos poemas de Calca\u00f1o, como <em>Grito indomable<\/em>, <em>Tarde<\/em>, <em>Zeta<\/em>, <em>Nueva<\/em>, <em>Recodo<\/em>, <em>Hombre<\/em> <em>lejano<\/em>, <em>Me ha de bastar la vida<\/em>, <em>Piedras preciosas<\/em>, <em>Totalidad<\/em>, <em>Madrugada<\/em>, entre otros.\u00a0<\/span><\/p>\n<p style=\"text-align: justify;\"><span style=\"font-family: times new roman, times, serif; font-size: 12pt;\">El encuentro, que tambi\u00e9n permitir\u00e1 conversar sobre la vida, obra y aportes de la escritora, se realizar\u00e1 a las 4:00 pm en la Casa de Nuestra Am\u00e9rica Jos\u00e9 Mart\u00ed, ubicada en la esquina de Veroes, bulevar Pante\u00f3n, Veroes a Jesuitas 311, parroquia Altagracia.<\/span><\/p>\n<p style=\"text-align: justify;\"><span style=\"font-family: times new roman, times, serif; font-size: 12pt;\"><strong>Asumi\u00f3 la modernidad<\/strong><\/span><\/p>\n<p style=\"text-align: justify;\"><span style=\"font-family: times new roman, times, serif; font-size: 12pt;\">Mar\u00eda Calca\u00f1o, marabina, nacida el 12 de diciembre de 1906, fue una insigne poeta que los obst\u00e1culos de g\u00e9nero encontrados en vida y lo oculta que estuvo su obra durante d\u00e9cadas la llevaron a obtener un reconocimiento tard\u00edo.<\/span><\/p>\n<p style=\"text-align: justify;\"><span style=\"font-family: times new roman, times, serif; font-size: 12pt;\">Se cuenta como una de las primeras venezolanas en asumir \u00a0la modernidad a trav\u00e9s de la libertad y el goce de la expresi\u00f3n.<\/span><\/p>\n<p style=\"text-align: justify;\"><span style=\"font-family: times new roman, times, serif; font-size: 12pt;\">Antonio Arr\u00e1iz y Jos\u00e9 Rafael Pocaterra, entra\u00f1ables amigos de Calca\u00f1o, difundieron su poemario <em>Alas fatales<\/em> (1935), al parecer el \u00fanico libro completo que public\u00f3.<\/span><\/p>\n<p style=\"text-align: justify;\"><span style=\"font-family: times new roman, times, serif; font-size: 12pt;\">Estudiosos de esta poeta afirman que sus otros dos poemarios <em>Canciones que oyeron mis \u00faltimas mu\u00f1ecas<\/em> (1956) y <em>Entre la luna y los hombres <\/em>(1961) se publicaron despu\u00e9s de su fallecimiento en su natal ciudad el 23 de diciembre de 1956. Otros plantean que s\u00ed fueron publicados en vida<\/span><\/p>\n<p style=\"text-align: justify;\"><span style=\"font-family: times new roman, times, serif; font-size: 12pt;\">En 2015, la Fundaci\u00f3n Editorial El perro y la rana edit\u00f3 una selecci\u00f3n po\u00e9tica de la obra de Calca\u00f1o, lo que permiti\u00f3 difundir otros t\u00edtulos como <em>La<\/em> h<em>erm\u00e9tica maravillada<\/em> (1938) con sus poemas <em>M\u00fasica para pedir Vodka<\/em> y<em> La Mujer de fuego<\/em>.<br \/>\n<\/span><\/p>\n<p style=\"text-align: justify;\"><span style=\"font-family: times new roman, times, serif; font-size: 12pt;\"><strong>Prensa Cenal<\/strong><\/span><\/p>\n","protected":false},"excerpt":{"rendered":"<p>A prop\u00f3sito del natalicio de la poeta Mar\u00eda Calca\u00f1o, el Centro Nacional del Libro (Cenal) invita este 12 de diciembre al p\u00fablico en general al \u201cRecital de poes\u00eda er\u00f3tica femenina\u201d [&hellip;]<\/p>\n","protected":false},"author":10,"featured_media":6409,"comment_status":"open","ping_status":"open","sticky":false,"template":"","format":"standard","meta":{"spay_email":"","jetpack_publicize_message":"","jetpack_is_tweetstorm":false,"jetpack_publicize_feature_enabled":true},"categories":[1],"tags":[],"yoast_head":"<!-- This site is optimized with the Yoast SEO plugin v19.8 - https:\/\/yoast.com\/wordpress\/plugins\/seo\/ -->\n<title>Cenal invita a recital de poes\u00eda en homenaje a Mar\u00eda Calca\u00f1o<\/title>\n<meta name=\"robots\" content=\"index, follow, max-snippet:-1, max-image-preview:large, max-video-preview:-1\" \/>\n<link rel=\"canonical\" href=\"https:\/\/cenal.gob.ve\/?p=6404\" \/>\n<meta property=\"og:locale\" content=\"es_ES\" \/>\n<meta property=\"og:type\" content=\"article\" \/>\n<meta property=\"og:title\" content=\"Cenal invita a recital de poes\u00eda en homenaje a Mar\u00eda Calca\u00f1o\" \/>\n<meta property=\"og:description\" content=\"A prop\u00f3sito del natalicio de la poeta Mar\u00eda Calca\u00f1o, el Centro Nacional del Libro (Cenal) invita este 12 de diciembre al p\u00fablico en general al \u201cRecital de poes\u00eda er\u00f3tica femenina\u201d [&hellip;]\" \/>\n<meta property=\"og:url\" content=\"https:\/\/cenal.gob.ve\/?p=6404\" \/>\n<meta property=\"og:site_name\" content=\"Cenal\" \/>\n<meta property=\"article:published_time\" content=\"2018-12-10T16:58:35+00:00\" \/>\n<meta property=\"article:modified_time\" content=\"2022-03-09T15:43:04+00:00\" \/>\n<meta property=\"og:image\" content=\"https:\/\/i0.wp.com\/cenal.gob.ve\/wp-content\/uploads\/2018\/12\/dia-16Recital-5.png?fit=982%2C1005&ssl=1\" \/>\n\t<meta property=\"og:image:width\" content=\"982\" \/>\n\t<meta property=\"og:image:height\" content=\"1005\" \/>\n\t<meta property=\"og:image:type\" content=\"image\/png\" \/>\n<meta name=\"author\" content=\"Prensa Cenal\" \/>\n<meta name=\"twitter:card\" content=\"summary_large_image\" \/>\n<meta name=\"twitter:label1\" content=\"Written by\" \/>\n\t<meta name=\"twitter:data1\" content=\"Prensa Cenal\" \/>\n\t<meta name=\"twitter:label2\" content=\"Est. reading time\" \/>\n\t<meta name=\"twitter:data2\" content=\"2 minutos\" \/>\n<script type=\"application\/ld+json\" class=\"yoast-schema-graph\">{\"@context\":\"https:\/\/schema.org\",\"@graph\":[{\"@type\":\"Article\",\"@id\":\"https:\/\/cenal.gob.ve\/?p=6404#article\",\"isPartOf\":{\"@id\":\"https:\/\/cenal.gob.ve\/?p=6404\"},\"author\":{\"name\":\"Prensa Cenal\",\"@id\":\"https:\/\/cenal.gob.ve\/#\/schema\/person\/e3ed34623f400ffab8bc7a63b2f5533f\"},\"headline\":\"Cenal invita a recital de poes\u00eda en homenaje a Mar\u00eda Calca\u00f1o\",\"datePublished\":\"2018-12-10T16:58:35+00:00\",\"dateModified\":\"2022-03-09T15:43:04+00:00\",\"mainEntityOfPage\":{\"@id\":\"https:\/\/cenal.gob.ve\/?p=6404\"},\"wordCount\":353,\"commentCount\":0,\"publisher\":{\"@id\":\"https:\/\/cenal.gob.ve\/#organization\"},\"articleSection\":[\"Sin categoria\"],\"inLanguage\":\"es\",\"potentialAction\":[{\"@type\":\"CommentAction\",\"name\":\"Comment\",\"target\":[\"https:\/\/cenal.gob.ve\/?p=6404#respond\"]}]},{\"@type\":\"WebPage\",\"@id\":\"https:\/\/cenal.gob.ve\/?p=6404\",\"url\":\"https:\/\/cenal.gob.ve\/?p=6404\",\"name\":\"Cenal invita a recital de poes\u00eda en homenaje a Mar\u00eda Calca\u00f1o\",\"isPartOf\":{\"@id\":\"https:\/\/cenal.gob.ve\/#website\"},\"datePublished\":\"2018-12-10T16:58:35+00:00\",\"dateModified\":\"2022-03-09T15:43:04+00:00\",\"breadcrumb\":{\"@id\":\"https:\/\/cenal.gob.ve\/?p=6404#breadcrumb\"},\"inLanguage\":\"es\",\"potentialAction\":[{\"@type\":\"ReadAction\",\"target\":[\"https:\/\/cenal.gob.ve\/?p=6404\"]}]},{\"@type\":\"BreadcrumbList\",\"@id\":\"https:\/\/cenal.gob.ve\/?p=6404#breadcrumb\",\"itemListElement\":[{\"@type\":\"ListItem\",\"position\":1,\"name\":\"Home\",\"item\":\"https:\/\/cenal.gob.ve\/\"},{\"@type\":\"ListItem\",\"position\":2,\"name\":\"Cenal invita a recital de poes\u00eda en homenaje a Mar\u00eda Calca\u00f1o\"}]},{\"@type\":\"WebSite\",\"@id\":\"https:\/\/cenal.gob.ve\/#website\",\"url\":\"https:\/\/cenal.gob.ve\/\",\"name\":\"Cenal\",\"description\":\"\",\"publisher\":{\"@id\":\"https:\/\/cenal.gob.ve\/#organization\"},\"potentialAction\":[{\"@type\":\"SearchAction\",\"target\":{\"@type\":\"EntryPoint\",\"urlTemplate\":\"https:\/\/cenal.gob.ve\/?s={search_term_string}\"},\"query-input\":\"required name=search_term_string\"}],\"inLanguage\":\"es\"},{\"@type\":\"Organization\",\"@id\":\"https:\/\/cenal.gob.ve\/#organization\",\"name\":\"CENAL\",\"url\":\"https:\/\/cenal.gob.ve\/\",\"sameAs\":[],\"logo\":{\"@type\":\"ImageObject\",\"inLanguage\":\"es\",\"@id\":\"https:\/\/cenal.gob.ve\/#\/schema\/logo\/image\/\",\"url\":\"https:\/\/i0.wp.com\/cenal.gob.ve\/wp-content\/uploads\/2022\/10\/cropped-images.jpg?fit=512%2C512\",\"contentUrl\":\"https:\/\/i0.wp.com\/cenal.gob.ve\/wp-content\/uploads\/2022\/10\/cropped-images.jpg?fit=512%2C512\",\"width\":512,\"height\":512,\"caption\":\"CENAL\"},\"image\":{\"@id\":\"https:\/\/cenal.gob.ve\/#\/schema\/logo\/image\/\"}},{\"@type\":\"Person\",\"@id\":\"https:\/\/cenal.gob.ve\/#\/schema\/person\/e3ed34623f400ffab8bc7a63b2f5533f\",\"name\":\"Prensa Cenal\",\"image\":{\"@type\":\"ImageObject\",\"inLanguage\":\"es\",\"@id\":\"https:\/\/cenal.gob.ve\/#\/schema\/person\/image\/\",\"url\":\"https:\/\/secure.gravatar.com\/avatar\/594b4ed34090910c619ac3679001d491?s=96&d=mm&r=g\",\"contentUrl\":\"https:\/\/secure.gravatar.com\/avatar\/594b4ed34090910c619ac3679001d491?s=96&d=mm&r=g\",\"caption\":\"Prensa Cenal\"},\"url\":\"https:\/\/cenal.gob.ve\/?author=10\"}]}<\/script>\n<!-- \/ Yoast SEO plugin. -->","yoast_head_json":{"title":"Cenal invita a recital de poes\u00eda en homenaje a Mar\u00eda Calca\u00f1o","robots":{"index":"index","follow":"follow","max-snippet":"max-snippet:-1","max-image-preview":"max-image-preview:large","max-video-preview":"max-video-preview:-1"},"canonical":"https:\/\/cenal.gob.ve\/?p=6404","og_locale":"es_ES","og_type":"article","og_title":"Cenal invita a recital de poes\u00eda en homenaje a Mar\u00eda Calca\u00f1o","og_description":"A prop\u00f3sito del natalicio de la poeta Mar\u00eda Calca\u00f1o, el Centro Nacional del Libro (Cenal) invita este 12 de diciembre al p\u00fablico en general al \u201cRecital de poes\u00eda er\u00f3tica femenina\u201d [&hellip;]","og_url":"https:\/\/cenal.gob.ve\/?p=6404","og_site_name":"Cenal","article_published_time":"2018-12-10T16:58:35+00:00","article_modified_time":"2022-03-09T15:43:04+00:00","og_image":[{"width":982,"height":1005,"url":"https:\/\/i0.wp.com\/cenal.gob.ve\/wp-content\/uploads\/2018\/12\/dia-16Recital-5.png?fit=982%2C1005&ssl=1","type":"image\/png"}],"author":"Prensa Cenal","twitter_card":"summary_large_image","twitter_misc":{"Written by":"Prensa Cenal","Est. reading time":"2 minutos"},"schema":{"@context":"https:\/\/schema.org","@graph":[{"@type":"Article","@id":"https:\/\/cenal.gob.ve\/?p=6404#article","isPartOf":{"@id":"https:\/\/cenal.gob.ve\/?p=6404"},"author":{"name":"Prensa Cenal","@id":"https:\/\/cenal.gob.ve\/#\/schema\/person\/e3ed34623f400ffab8bc7a63b2f5533f"},"headline":"Cenal invita a recital de poes\u00eda en homenaje a Mar\u00eda Calca\u00f1o","datePublished":"2018-12-10T16:58:35+00:00","dateModified":"2022-03-09T15:43:04+00:00","mainEntityOfPage":{"@id":"https:\/\/cenal.gob.ve\/?p=6404"},"wordCount":353,"commentCount":0,"publisher":{"@id":"https:\/\/cenal.gob.ve\/#organization"},"articleSection":["Sin categoria"],"inLanguage":"es","potentialAction":[{"@type":"CommentAction","name":"Comment","target":["https:\/\/cenal.gob.ve\/?p=6404#respond"]}]},{"@type":"WebPage","@id":"https:\/\/cenal.gob.ve\/?p=6404","url":"https:\/\/cenal.gob.ve\/?p=6404","name":"Cenal invita a recital de poes\u00eda en homenaje a Mar\u00eda Calca\u00f1o","isPartOf":{"@id":"https:\/\/cenal.gob.ve\/#website"},"datePublished":"2018-12-10T16:58:35+00:00","dateModified":"2022-03-09T15:43:04+00:00","breadcrumb":{"@id":"https:\/\/cenal.gob.ve\/?p=6404#breadcrumb"},"inLanguage":"es","potentialAction":[{"@type":"ReadAction","target":["https:\/\/cenal.gob.ve\/?p=6404"]}]},{"@type":"BreadcrumbList","@id":"https:\/\/cenal.gob.ve\/?p=6404#breadcrumb","itemListElement":[{"@type":"ListItem","position":1,"name":"Home","item":"https:\/\/cenal.gob.ve\/"},{"@type":"ListItem","position":2,"name":"Cenal invita a recital de poes\u00eda en homenaje a Mar\u00eda Calca\u00f1o"}]},{"@type":"WebSite","@id":"https:\/\/cenal.gob.ve\/#website","url":"https:\/\/cenal.gob.ve\/","name":"Cenal","description":"","publisher":{"@id":"https:\/\/cenal.gob.ve\/#organization"},"potentialAction":[{"@type":"SearchAction","target":{"@type":"EntryPoint","urlTemplate":"https:\/\/cenal.gob.ve\/?s={search_term_string}"},"query-input":"required name=search_term_string"}],"inLanguage":"es"},{"@type":"Organization","@id":"https:\/\/cenal.gob.ve\/#organization","name":"CENAL","url":"https:\/\/cenal.gob.ve\/","sameAs":[],"logo":{"@type":"ImageObject","inLanguage":"es","@id":"https:\/\/cenal.gob.ve\/#\/schema\/logo\/image\/","url":"https:\/\/i0.wp.com\/cenal.gob.ve\/wp-content\/uploads\/2022\/10\/cropped-images.jpg?fit=512%2C512","contentUrl":"https:\/\/i0.wp.com\/cenal.gob.ve\/wp-content\/uploads\/2022\/10\/cropped-images.jpg?fit=512%2C512","width":512,"height":512,"caption":"CENAL"},"image":{"@id":"https:\/\/cenal.gob.ve\/#\/schema\/logo\/image\/"}},{"@type":"Person","@id":"https:\/\/cenal.gob.ve\/#\/schema\/person\/e3ed34623f400ffab8bc7a63b2f5533f","name":"Prensa Cenal","image":{"@type":"ImageObject","inLanguage":"es","@id":"https:\/\/cenal.gob.ve\/#\/schema\/person\/image\/","url":"https:\/\/secure.gravatar.com\/avatar\/594b4ed34090910c619ac3679001d491?s=96&d=mm&r=g","contentUrl":"https:\/\/secure.gravatar.com\/avatar\/594b4ed34090910c619ac3679001d491?s=96&d=mm&r=g","caption":"Prensa Cenal"},"url":"https:\/\/cenal.gob.ve\/?author=10"}]}},"jetpack_featured_media_url":"https:\/\/cenal.gob.ve\/wp-content\/uploads\/2018\/12\/dia-16Recital-5.png","jetpack_publicize_connections":[],"jetpack_shortlink":"https:\/\/wp.me\/p5FMhp-1Fi","_links":{"self":[{"href":"https:\/\/cenal.gob.ve\/index.php?rest_route=\/wp\/v2\/posts\/6404"}],"collection":[{"href":"https:\/\/cenal.gob.ve\/index.php?rest_route=\/wp\/v2\/posts"}],"about":[{"href":"https:\/\/cenal.gob.ve\/index.php?rest_route=\/wp\/v2\/types\/post"}],"author":[{"embeddable":true,"href":"https:\/\/cenal.gob.ve\/index.php?rest_route=\/wp\/v2\/users\/10"}],"replies":[{"embeddable":true,"href":"https:\/\/cenal.gob.ve\/index.php?rest_route=%2Fwp%2Fv2%2Fcomments&post=6404"}],"version-history":[{"count":1,"href":"https:\/\/cenal.gob.ve\/index.php?rest_route=\/wp\/v2\/posts\/6404\/revisions"}],"predecessor-version":[{"id":15252,"href":"https:\/\/cenal.gob.ve\/index.php?rest_route=\/wp\/v2\/posts\/6404\/revisions\/15252"}],"wp:featuredmedia":[{"embeddable":true,"href":"https:\/\/cenal.gob.ve\/index.php?rest_route=\/wp\/v2\/media\/6409"}],"wp:attachment":[{"href":"https:\/\/cenal.gob.ve\/index.php?rest_route=%2Fwp%2Fv2%2Fmedia&parent=6404"}],"wp:term":[{"taxonomy":"category","embeddable":true,"href":"https:\/\/cenal.gob.ve\/index.php?rest_route=%2Fwp%2Fv2%2Fcategories&post=6404"},{"taxonomy":"post_tag","embeddable":true,"href":"https:\/\/cenal.gob.ve\/index.php?rest_route=%2Fwp%2Fv2%2Ftags&post=6404"}],"curies":[{"name":"wp","href":"https:\/\/api.w.org\/{rel}","templated":true}]}}