{"id":8765,"date":"2019-08-28T09:04:41","date_gmt":"2019-08-28T13:04:41","guid":{"rendered":"http:\/\/www.cenal.gob.ve\/?p=8765"},"modified":"2022-04-27T13:01:03","modified_gmt":"2022-04-27T17:01:03","slug":"ganadores-becas-de-estimulo-a-la-creacion-literaria-2019","status":"publish","type":"post","link":"https:\/\/cenal.gob.ve\/?p=8765","title":{"rendered":"Ganadores Becas de Est\u00edmulo a la Creaci\u00f3n Literaria 2019"},"content":{"rendered":"<p style=\"text-align: left;\"><span style=\"font-size: 12pt; font-family: arial, helvetica, sans-serif;\">El Centro Nacional del Libro, ente adscrito al Ministerio del Poder Popular para la Cultura, presenta los ganadores de las Becas de Est\u00edmulo a la Creaci\u00f3n Literaria 2019<\/span><\/p>\n<p style=\"text-align: justify;\"><span style=\"font-size: 12pt; font-family: arial, helvetica, sans-serif;\"><strong>G\u00c9NERO NARRATIVA<\/strong><\/span><\/p>\n<p style=\"text-align: justify;\"><span style=\"font-size: 12pt; font-family: arial, helvetica, sans-serif;\"><strong>&#8211; Miguel Enrique Ortega Trujillo<\/strong>\u00a0(1994). Joven escritor. Actualmente cursa medicina en la Universidad de Carabobo.<\/span><\/p>\n<p style=\"text-align: justify;\"><span style=\"font-size: 12pt; font-family: arial, helvetica, sans-serif;\"><strong>&#8211; Yajaira Gonz\u00e1lez.<\/strong>\u00a0Escritora y creativa con m\u00e1s de 30 a\u00f1os de experiencia en distintos medios: cine, radio, teatro, televisi\u00f3n y publicidad. Se form\u00f3 profesionalmente en teatro y guion de cine en San Antonio de los Ba\u00f1os, Cuba. En su quehacer destacan su trabajo como creativa en Telesur (2007-2009) y directora de la Escuela de Medios de Producci\u00f3n Audiovisual, Fundaci\u00f3n \u00c1vila Tv (2011-2012). Actualmente imparte talleres de guion audiovisual y humor audiovisual en la Escuela de Escritores. Escritora de contenidos en CIC, Caracas. Es la escritora, productora y directora de La Puerta, El Ascensor, cortometrajes premiados por el Consejo Nacional de la Cultura, Festival Nacional de s\u00faper 8, Concejo Municipal del Distrito Federal, Asociaci\u00f3n Nacional de Autores Cinematogr\u00e1ficos.<\/span><\/p>\n<p style=\"text-align: justify;\"><span style=\"font-size: 12pt; font-family: arial, helvetica, sans-serif;\"><strong>&#8211; F\u00e9lix Guti\u00e9rrez.<\/strong>\u00a0Periodista, cronista, editor y radiodifusor. Corresponsal de la Agencia Venezolana de Noticias (AVN), redactor del peri\u00f3dico chileno El Ciudadano y forma parte de la directiva de la estaci\u00f3n de radio Ciudad Stereo 89.7 FM de Barquisimeto. Fue profesor de G\u00e9neros Period\u00edsticos de la Universidad Ferm\u00edn Toro (UFT) de Barquisimeto (1999). Es autor de los libros \u201cLas ciudades y las mujeres. De la cr\u00f3nica a la poes\u00eda (Barquisimeto, 2013); \u201cCr\u00f3nicas de soles y lunas\u201d (Barquisimeto, 1999) y \u201cLa ciudad de las nieblas. Cr\u00f3nicas, reportajes, entrevistas y ensayos\u201d (Caracas, 2004). Es Premio Nacional de Periodismo Municipal (1995) y premio regional, estadal y municipal de periodismo en Barquisimeto y M\u00e9rida (1994 al 2018).<\/span><\/p>\n<p style=\"text-align: justify;\"><span style=\"font-size: 12pt; font-family: arial, helvetica, sans-serif;\"><strong>&#8211; Mar\u00eda Elvira Gonz\u00e1lez.<\/strong>\u00a0Docente en Venezuela y en Beijing. Traductora. Obra: El resplandor de sor Juana (Fundarte, 2008); Voces de Fondo, Beca est\u00edmulo a la creaci\u00f3n 2011; Cuentos breves. Fundaci\u00f3n y direcci\u00f3n de la revista Libros de Venezuela de circulaci\u00f3n en bibliotecas de todo el mundo durante ocho a\u00f1os.<\/span><\/p>\n<p style=\"text-align: justify;\"><span style=\"font-size: 12pt; font-family: arial, helvetica, sans-serif;\"><strong>&#8211; Juan Rodrigo Urso.<\/strong>\u00a0Joven escritor caraque\u00f1o. En 2012, con diez a\u00f1os de edad, fue el finalista m\u00e1s joven del III Concurso Internacional de Microrrelatos del \u201cMuseo de la Palabra\u201d (Espa\u00f1a), en el que participaron 22.571 escritores de 119 pa\u00edses. En 2016, fue el primer extranjero en obtener Menci\u00f3n Publicaci\u00f3n en el Concurso Literario de la Biblioteca Popular del Paran\u00e1 (Argentina). Adem\u00e1s, ha obtenido menciones de honor en el II Concurso de Microrrelatos Fundaci\u00f3n ISEKIN (Espa\u00f1a, 2016), I Concurso \u201cMicrorrelatos por Nepal\u201d (Espa\u00f1a, 2016), I Concurso de Microrrelatos C\u00f3micos \u201cBreves Carcajadas\u201d (Espa\u00f1a, 2017), III Concurso de Microrrelatos \u201cInspiraciones Nocturnas\u201d (Espa\u00f1a, 2017), Concurso Literario de la Biblioteca Popular de Paran\u00e1 2017 (Argentina) y el Concurso Literario Terminemos el Cuento (Bolivia, 2017). En 2019, se alz\u00f3 como ganador del V Certamen de Microrrelatos \u201cJavier Tomeo\u201d (Espa\u00f1a). Textos suyos han sido publicados en las antolog\u00edas: \u201cMorir Tan Luego: Premios del Concurso Literario Biblioteca Popular Del Paran\u00e1. Edici\u00f3n 2017\u201d. Ediciones Biblioteca Popular del Paran\u00e1, Argentina, 2018. Relato publicado: \u201cInstant\u00e1neas de la pobreza callejera\u201d. P\u00e1ginas 81-84. \u201cCrujidos: Premios del Concurso Literario Biblioteca Popular Del Paran\u00e1. Edici\u00f3n 2016\u201d. Ediciones Biblioteca Popular del Paran\u00e1, Argentina, 2017. Relato publicado: \u201cN\u00e1ufragos\u201d. P\u00e1ginas 75-77. \u201cS\u00f3lo50: Grandes historias en pocas palabras. Antolog\u00eda de microliteratura 2010-2012\u201d. Ediciones S\u00f3lo50, Caracas, Venezuela, 2013. Selecci\u00f3n de haik\u00fas. P\u00e1ginas 6-8. \u201cFinalistas del III Concurso Internacional de Microrrelatos Museo de la Palabra\u201d. Fundaci\u00f3n C\u00e9sar Egido Serrano, Madrid, Espa\u00f1a, 2013. Relato publicado: \u201cEl sue\u00f1o de una estatua\u201d.<\/span><\/p>\n<p style=\"text-align: justify;\"><span style=\"font-size: 12pt; font-family: arial, helvetica, sans-serif;\"><strong>G\u00c9NERO LITERATURA INFANTIL<\/strong><\/span><\/p>\n<p style=\"text-align: justify;\"><span style=\"font-size: 12pt; font-family: arial, helvetica, sans-serif;\"><strong>&#8211; Alberto Camacho Rivas<\/strong>\u00a0(Anaco, 1986). Escritor e ilustrador. Actualmente estudiante de Educaci\u00f3n menci\u00f3n Castellano y Literatura en la Universidad de Los Andes &#8211; NURR (Trujillo &#8211; Trujillo). Investigador en el Laboratorio de Investigaciones Semi\u00f3ticas y Literarias (LISyL) de la ULA-NURR.<\/span><\/p>\n<p style=\"text-align: justify;\"><span style=\"font-size: 12pt; font-family: arial, helvetica, sans-serif;\"><strong>&#8211; Igar Yurimia Bosc\u00e1n Le\u00f3n.<\/strong>\u00a0Licenciada en Letras (UCV). Ms. en Tecnolog\u00eda Educativa. Poeta, correctora de prueba, PNI, locutora, profesora universitaria. Por m\u00e1s de 25 a\u00f1os ha trabajado el periodismo cultural en los altos mirandinos. Gan\u00f3 recientemente el Premio de Poes\u00eda para la mujer Ana Enriqueta Ter\u00e1n (Carabobo. 2019). Ha publicado Poemas (1983); Ne\u00f3n (2000 \/2018); Ama de casa (2016); R\u00edo de hierba (2017); Piel que ata (2018).<\/span><\/p>\n<p style=\"text-align: justify;\"><span style=\"font-size: 12pt; font-family: arial, helvetica, sans-serif;\"><strong>&#8211; Ra\u00fal Garc\u00eda Palma.<\/strong>\u00a0Docente y escritor. Profesor de Sociolog\u00eda en la Universidad Nacional Experimental de los Llanos Occidentales Ezequiel Zamora (Unellez). Ha publicado los poemarios Ya no vas a poder tejer el cielo. Poes\u00eda 1988-89 (Caracas, Centro de Estudios Latinoamericanos R\u00f3mulo Gallegos, Celarg, 1990; Colecci\u00f3n Voces Nuevas); Un lugar pr\u00f3ximo a ser fecundo (Barinas, Icam, 1995); Lugar sin monumentos (M\u00e9rida, Mucuglifo, 2005) y No sabemos d\u00f3nde tejer su forma (Caracas, El perro y la rana, 2005), y los libros de ensayo Historia y ficci\u00f3n en Armas Alfonzo (Barinas, Fundaci\u00f3n Cultural, 2000); Armas Alfonzo. Ensayos sobre su obra (Caracas, Consejo Nacional de la Cultura, Conac, 2000) y El ensayo lez\u00e1mico (Caracas, El perro y la rana, 2007).<\/span><\/p>\n<p style=\"text-align: justify;\"><span style=\"font-size: 12pt; font-family: arial, helvetica, sans-serif;\"><strong>&#8211; Dayana Milagros Rada.<\/strong>\u00a0Administradora y escritora. Ha nutrido su formaci\u00f3n con diferentes talleres en el \u00e1rea de la literatura, lo que le ha permitido desarrollar publicaciones como Rese\u00f1a del libro \u201cCielo, mar y amor\u201d de William Rodr\u00edguez Campos en la Revista UNA Investig@ci\u00f3n, N\u00b0 20, diciembre 2018; cuento \u201cEl bosque tropical de Sara y Carlos\u201d, en el libro colectivo Armario de letras, Editorial Caza de Versos, Nuevo Le\u00f3n, M\u00e9xico, abril 2018; cuento \u201cEl beso de la abuela\u201d, en la Revista Tricolor n\u00famero 400, abril 2017, Rese\u00f1a cr\u00edtica \u201cPara conocer a Teresa Carre\u00f1o\u201d 24\/10\/2018; Relato \u201cTeresa y el Titanic\u201d 12\/09\/2018; Rese\u00f1a cr\u00edtica \u201cTeresita y el misterio del piano\u201d 03\/07\/2018 y Ensayo \u201cLa m\u00fasica, mujer indomable\u201d en lapaginadeteresa.blogspot.com del Centro Documental Teatro Teresa Carre\u00f1o; relato \u201cMirada confusa\u201d 03\/06\/2017 y el poema \u201cEn tu ausencia\u201d 14\/12\/2017 en LiteraUNA.blogspot.com de la Universidad Nacional Abierta.<\/span><\/p>\n<p style=\"text-align: justify;\"><span style=\"font-size: 12pt; font-family: arial, helvetica, sans-serif;\"><strong>G\u00c9NERO C\u00d3MIC \/ NOVELA GR\u00c1FICA<\/strong><\/span><\/p>\n<p style=\"text-align: justify;\"><span style=\"font-size: 12pt; font-family: arial, helvetica, sans-serif;\"><strong>&#8211; Osvaldo Barreto<\/strong>\u00a0(1972). Dise\u00f1ador gr\u00e1fico y realizador de c\u00f3mics. Profesor de ilustraci\u00f3n, teor\u00eda de la imagen, dibujo de la figura humana, diagramaci\u00f3n y expresi\u00f3n gr\u00e1fica. Fund\u00f3 junto a otros artistas el grupo Jau en 1996, un grupo transdisciplinario dedicado al arte contempor\u00e1neo, la poes\u00eda y el dise\u00f1o gr\u00e1fico. Desde 1998 comienza a escribir y dibujar c\u00f3mics; FundaJAU se convierte en la editorial que publica sus trabajos. Ha publicado seis t\u00edtulos, cuatro de ellos en formato comicbook y dos fanzines. Sus historietas han aparecido en diversas revistas impresas y digitales a nivel local y nacional. Tambi\u00e9n ha difundido el c\u00f3mic a trav\u00e9s de exposiciones. Obtuvo el 1er lugar en el Concurso Nacional de Caricatura del Fondo Editorial El perro y la rana (2015).<\/span><\/p>\n<p style=\"text-align: justify;\"><span style=\"font-size: 12pt; font-family: arial, helvetica, sans-serif;\"><strong>&#8211; Mar\u00eda Isabel Milagro Portilla<\/strong>\u00a0(Caracas, 1990). Desde los 11 a\u00f1os ha creado historias de ficci\u00f3n, a las que paulatinamente fue incorporando el dibujo. Su pasi\u00f3n por los c\u00f3mics la adentr\u00f3 en el mundo de la animaci\u00f3n. Estudi\u00f3 animaci\u00f3n 2d y tom\u00f3 cursos de programaci\u00f3n para desempe\u00f1arse como dise\u00f1ador gr\u00e1fico, lo que le ha permitido hacer videos animados cortos, historietas y cuentos para ni\u00f1os. Es autora de dos historias. Entre sus prop\u00f3sitos est\u00e1 crear superh\u00e9roes m\u00e1s criollos e identificados con Latinoam\u00e9rica.<\/span><\/p>\n<p style=\"text-align: justify;\"><span style=\"font-size: 12pt; font-family: arial, helvetica, sans-serif;\"><strong>&#8211; Luis Enrique Araujo Pirona<\/strong>\u00a0(Maracaibo, 1968). Dise\u00f1ador gr\u00e1fico con t\u00edtulos en Artes Pl\u00e1sticas menci\u00f3n dise\u00f1o gr\u00e1fico y en Educaci\u00f3n. Es ilustrador, artista pl\u00e1stico. Profesor de dibujo, semi\u00f3tica, computaci\u00f3n gr\u00e1fica. Obtuvo el premio FEAP creativo (2001). Se especializ\u00f3 en 2006 en t\u00e9cnicas de animaci\u00f3n en c\u00f3mic. En 2015 obtuvo en el III Sal\u00f3n de Artes Digital del BOD una menci\u00f3n honor\u00edfica con la obra Nuestras tradiciones. En la actualidad labora para la Alcald\u00eda de San Francisco en calidad de dise\u00f1ador gr\u00e1fico.<\/span><\/p>\n<p style=\"text-align: justify;\"><span style=\"font-size: 12pt; font-family: arial, helvetica, sans-serif;\"><strong>ENSAYO EN PROMOCI\u00d3N DEL LIBRO Y LA LECTURA<\/strong><\/span><\/p>\n<p style=\"text-align: justify;\"><span style=\"font-size: 12pt; font-family: arial, helvetica, sans-serif;\"><strong>&#8211; David Figueroa Figueroa<\/strong>\u00a0(San Felipe, 1945). Docente, poeta y narrador. Distinciones: Premio de poes\u00eda \u201cAquiles Nazoa\u201d ( Anzo\u00e1tegui, 1985) con Por el sol que agoniza. Menci\u00f3n de Honor de la Asociaci\u00f3n de Escritores de Venezuela, con El amor es una trompeta de sue\u00f1os (Caracas, 1980) y con Plural cercan\u00eda (Caracas, 1985). Primer Premio de Poes\u00eda en el V Concurso de Poes\u00eda \u201cJos\u00e9 Eugenio S\u00e1nchez Negr\u00f3n\u201d de la Casa de la Cultura de Ciudad Guayana (Ciudad Bol\u00edvar, 1990) con Tauroquia. Menci\u00f3n de Honor en el Concurso de Poes\u00eda \u201cMarco Aurelio Rojas\u201d (San Felipe, 1989) con La palabra como un r\u00edo. Primer Premio de Cuentos en el Concurso Nacional de Literatura \u201cMiguel Vicente Patacaliente\u201d (Barinas, 2005) con El Cucarachero juglar y otros relatos. Primer Premio de Poes\u00eda en el Concurso Nacional de Literatura \u201cMiguel Vicente Patacaliente\u201d (Barinas, 2006) con Tiovivo de Voces. Estudios, monograf\u00edas y ensayos: Creatividad y poes\u00eda en acci\u00f3n (Coautor, 2005) Obra po\u00e9tica: El amor es una trompeta de sue\u00f1os (1981). Ronda sin fin (1985) Plural cercan\u00eda (1987). Mariposas de sol (1989). Las Batallas de Eros (1993). Tiempo de colibr\u00ed (1994). Voces del Arca (1996). Tauroquia (1996). Cuando el r\u00edo se hacia palmeras (2000). Rondas del alba (2003). La palabra como un r\u00edo (2006). Alfabeto de lluvia (2007). Tiovivo de Voces (2006). Alfabeto de lluvia (2007). Americanto, Argentina 1993; El \u00e1mbito de la rosa, Argentina 1995; Golosina, Caracas 1999; Ca\u00f1a dulce, Caracas 1999; Antolog\u00eda 27F, Brasil 2010; El coraz\u00f3n de Venezuela, Caracas 2008, entre otras.<\/span><\/p>\n<p style=\"text-align: justify;\"><span style=\"font-size: 12pt; font-family: arial, helvetica, sans-serif;\"><strong>&#8211; Jos\u00e9 Gregorio Gonz\u00e1lez M\u00e1rquez<\/strong>\u00a0(La Azulita, 1965). Poeta y narrador. Ganador del Concurso \u201cCaminos del Sur\u201d de literatura infantil (Ministerio de la Cultura, 2006). Ganador Menci\u00f3n Publicaci\u00f3n del Concurso de Literatura Infantil \u201cMiguel Vicente Patacaliente\u201d Barinas, 2010. Ganador del VIII Premio Nacional del Libro (2014). Ganador de los Premios de Poes\u00eda y Poes\u00eda infantil del XIX Concurso de Literatura IPASME (2015). Ganador de la 7ma Bienal Nacional de Literatura Ram\u00f3n Palomares (2017). Ha publicado: Alegor\u00eda del Olvido (Mucuglifo,1991), Mujer Profana (ULA, 1995), Caballito de Madera (La Casa Tomada, 2004), En Cualquier Estaci\u00f3n (La Espada Rota, 2004), Espejos de la Insidia (Fondo Editorial IPASME, 2005), La Ranita Amarilla (El perro y la rana, 2006), Rostros de la Insidia (Ediciones Gitanjali, 2007), Rabipelao (FUNDECEM, 2007), La Tinta Invisible y otras historias (El perro y la rana, 2008 y 2012), Transe\u00fantes (Fondo Editorial IPASME, 2015), Golondrinas (Fondo Editorial IPASME, 2015), C\u00f3mo atrapar un tigre con pajaritos de papel: bestiario en la poes\u00eda infantil venezolana (Fondo Editorial IPASME, 2015), Entre el sue\u00f1o y la luz. Compilaci\u00f3n de nanas, canciones de cuna y arrullos de escritores venezolanos (Fondo Editorial IPASME, 2015), Falso Ejercicio (Negro sobre Blanco, 2016), Gajito de viento (Ediciones Madriguera, 2017), En el barrio sur. Poes\u00eda para ni\u00f1os Zunilda Borsani \u2013 Jos\u00e9 Gregorio Gonz\u00e1lez M\u00e1rquez (La Tinta Invisible Editores, 2017), Bol\u00edvar, el de los ni\u00f1os. Compilaci\u00f3n poemas Bol\u00edvar ni\u00f1o (Sistema Nacional de Imprentas Editorial el perro y la rana, 2017), La Flauta del agua. Compilaci\u00f3n de poes\u00eda para ni\u00f1os, autores venezolanos (FUNDECEM, 2017), Bajo la luna. Compilaci\u00f3n po\u00e9tica lunera (La Casa Tomada, 2018),<\/span><\/p>\n<p style=\"text-align: justify;\"><span style=\"font-size: 12pt; font-family: arial, helvetica, sans-serif;\"><strong>&#8211; Jos\u00e9 Carlos De N\u00f3brega<\/strong>\u00a0(Caracas, 1964). Ensayista, traductor y narrador. Licenciado en Educaci\u00f3n, menci\u00f3n Lengua y Literatura. Ha publicado los libros de ensayo \u2018Textos de la prisa\u2019 y \u2018Sucre, una lectura posible&#8217;, ambos en 1996, adem\u00e1s de \u2018Derivando a Valencia a la deriva\u2019 (2006). En narrativa, \u2018El drag\u00f3n Lusitano y otros relatos\u2019 (2013). Tradujo los poemarios &#8220;Las imaginaciones \/ El soldado raso&#8221; (2013) de Ledo Ivo y la novela &#8220;La Pasi\u00f3n seg\u00fan G.H.&#8221; (2014) de Clarice Lispector. Fue director de la revista La Tuna de Oro, editada por la UC. Form\u00f3 parte de la redacci\u00f3n de la revista Poes\u00eda, auspiciada por la misma casa de estudios. En 2007 su blog \u2018Salmos compulsivos\u2019 obtuvo el Premio Nacional del Libro a la mejor p\u00e1gina web.<\/span><\/p>\n<p style=\"text-align: justify;\"><span style=\"font-size: 12pt; font-family: arial, helvetica, sans-serif;\"><strong>G\u00c9NERO BIOGRAF\u00cdAS, MEMORIAS Y TESTIMONIOS<\/strong><\/span><\/p>\n<p style=\"text-align: justify;\"><span style=\"font-size: 12pt; font-family: arial, helvetica, sans-serif;\"><strong>&#8211; Carlos Alexi D\u00edaz Brice\u00f1o<\/strong>\u00a0(M\u00e9rida, 1972). Ingeniero en Sistemas y guionista de cine con maestr\u00eda en gui\u00f3n cinematogr\u00e1fico por la Universidad Aut\u00f3noma de Barcelona (UAB), Espa\u00f1a. Profesor de Historia del Cine en la Escuela de Medios Audiovisuales de la ULA.<\/span><\/p>\n<p style=\"text-align: justify;\"><span style=\"font-size: 12pt; font-family: arial, helvetica, sans-serif;\"><strong>&#8211; Oldman Botello.<\/strong>\u00a0Periodista y profesor. Actualmente se desempe\u00f1a como cronista oficial de la ciudad de Maracay desde 1981 y antes fue Cronista de Villa de Cura, su pueblo natal. Es miembro de la Academia Venezolana de la Lengua correspondiente de la Real Espa\u00f1ola; de la Academia Nacional de la Historia; Individuo de N\u00famero del Instituto Venezolano de Genealog\u00eda y de la Academia de la Historia de Aragua. Fue durante un bienio Presidente de la Asociaci\u00f3n Nacional de Cronistas de Venezuela. Es conferencista permanente en diversas instituciones nacionales y regionales. En el per\u00edodo 1994-1999 se desempe\u00f1\u00f3 como Diputado al Congreso por el estado Aragua y miembro de las Comisiones Permanentes de Cultura y de Turismo. Fue director de Relaciones P\u00fablicas de la Gobernaci\u00f3n del estado, Director de Relaciones P\u00fablicas de la Asamblea Legislativa del estado y secretario del Consejo Legislativo del estado Aragua.<\/span><\/p>\n<p style=\"text-align: justify;\"><span style=\"font-size: 12pt; font-family: arial, helvetica, sans-serif;\"><strong>&#8211; Kelly Pottella Guevara.<\/strong>\u00a0Soci\u00f3loga, poetiza y escritora caraque\u00f1a. Entre sus publicaciones como coautora destacan: en el 2007 \u201cConocimientos Tradicionales y Diversidad Biocultural. Nuevos Retos para la Construcci\u00f3n de Pol\u00edticas Locales\u201d (Universidad Federal De Goi\u00e1s-Brasil). En 2016 \u201cEvocando al Ara\u00f1ero\u201d (Monte \u00c1vila Editores) e \u201cImpacto de la Miner\u00eda Extractiva en el Cambio Clim\u00e1tico en comunidades afrodescendientes de Am\u00e9rica Latina y el Caribe\u201d (Centro de Desarrollo \u00c9tnico &#8211; CEDET). En 2012 \u201cAgua Plata\u201d (Fundaci\u00f3n Editorial El perro y la rana).<\/span><\/p>\n","protected":false},"excerpt":{"rendered":"<p>El Centro Nacional del Libro, ente adscrito al Ministerio del Poder Popular para la Cultura, presenta los ganadores de las Becas de Est\u00edmulo a la Creaci\u00f3n Literaria 2019 G\u00c9NERO NARRATIVA [&hellip;]<\/p>\n","protected":false},"author":10,"featured_media":8324,"comment_status":"open","ping_status":"open","sticky":false,"template":"","format":"standard","meta":{"spay_email":"","jetpack_publicize_message":"","jetpack_is_tweetstorm":false,"jetpack_publicize_feature_enabled":true},"categories":[34,67],"tags":[],"yoast_head":"<!-- This site is optimized with the Yoast SEO plugin v19.8 - https:\/\/yoast.com\/wordpress\/plugins\/seo\/ -->\n<title>Ganadores Becas de Est\u00edmulo a la Creaci\u00f3n Literaria 2019<\/title>\n<meta name=\"robots\" content=\"index, follow, max-snippet:-1, max-image-preview:large, max-video-preview:-1\" \/>\n<link rel=\"canonical\" href=\"https:\/\/cenal.gob.ve\/?p=8765\" \/>\n<meta property=\"og:locale\" content=\"es_ES\" \/>\n<meta property=\"og:type\" content=\"article\" \/>\n<meta property=\"og:title\" content=\"Ganadores Becas de Est\u00edmulo a la Creaci\u00f3n Literaria 2019\" \/>\n<meta property=\"og:description\" content=\"El Centro Nacional del Libro, ente adscrito al Ministerio del Poder Popular para la Cultura, presenta los ganadores de las Becas de Est\u00edmulo a la Creaci\u00f3n Literaria 2019 G\u00c9NERO NARRATIVA [&hellip;]\" \/>\n<meta property=\"og:url\" content=\"https:\/\/cenal.gob.ve\/?p=8765\" \/>\n<meta property=\"og:site_name\" content=\"Cenal\" \/>\n<meta property=\"article:published_time\" content=\"2019-08-28T13:04:41+00:00\" \/>\n<meta property=\"article:modified_time\" content=\"2022-04-27T17:01:03+00:00\" \/>\n<meta property=\"og:image\" content=\"https:\/\/i0.wp.com\/cenal.gob.ve\/wp-content\/uploads\/2019\/04\/homenaje-libro.jpg?fit=1200%2C668&ssl=1\" \/>\n\t<meta property=\"og:image:width\" content=\"1200\" \/>\n\t<meta property=\"og:image:height\" content=\"668\" \/>\n\t<meta property=\"og:image:type\" content=\"image\/jpeg\" \/>\n<meta name=\"author\" content=\"Prensa Cenal\" \/>\n<meta name=\"twitter:card\" content=\"summary_large_image\" \/>\n<meta name=\"twitter:label1\" content=\"Written by\" \/>\n\t<meta name=\"twitter:data1\" content=\"Prensa Cenal\" \/>\n\t<meta name=\"twitter:label2\" content=\"Est. reading time\" \/>\n\t<meta name=\"twitter:data2\" content=\"11 minutos\" \/>\n<script type=\"application\/ld+json\" class=\"yoast-schema-graph\">{\"@context\":\"https:\/\/schema.org\",\"@graph\":[{\"@type\":\"Article\",\"@id\":\"https:\/\/cenal.gob.ve\/?p=8765#article\",\"isPartOf\":{\"@id\":\"https:\/\/cenal.gob.ve\/?p=8765\"},\"author\":{\"name\":\"Prensa Cenal\",\"@id\":\"https:\/\/cenal.gob.ve\/#\/schema\/person\/e3ed34623f400ffab8bc7a63b2f5533f\"},\"headline\":\"Ganadores Becas de Est\u00edmulo a la Creaci\u00f3n Literaria 2019\",\"datePublished\":\"2019-08-28T13:04:41+00:00\",\"dateModified\":\"2022-04-27T17:01:03+00:00\",\"mainEntityOfPage\":{\"@id\":\"https:\/\/cenal.gob.ve\/?p=8765\"},\"wordCount\":2267,\"commentCount\":0,\"publisher\":{\"@id\":\"https:\/\/cenal.gob.ve\/#organization\"},\"articleSection\":[\"Becas\",\"Ganadores\"],\"inLanguage\":\"es\",\"potentialAction\":[{\"@type\":\"CommentAction\",\"name\":\"Comment\",\"target\":[\"https:\/\/cenal.gob.ve\/?p=8765#respond\"]}]},{\"@type\":\"WebPage\",\"@id\":\"https:\/\/cenal.gob.ve\/?p=8765\",\"url\":\"https:\/\/cenal.gob.ve\/?p=8765\",\"name\":\"Ganadores Becas de Est\u00edmulo a la Creaci\u00f3n Literaria 2019\",\"isPartOf\":{\"@id\":\"https:\/\/cenal.gob.ve\/#website\"},\"datePublished\":\"2019-08-28T13:04:41+00:00\",\"dateModified\":\"2022-04-27T17:01:03+00:00\",\"breadcrumb\":{\"@id\":\"https:\/\/cenal.gob.ve\/?p=8765#breadcrumb\"},\"inLanguage\":\"es\",\"potentialAction\":[{\"@type\":\"ReadAction\",\"target\":[\"https:\/\/cenal.gob.ve\/?p=8765\"]}]},{\"@type\":\"BreadcrumbList\",\"@id\":\"https:\/\/cenal.gob.ve\/?p=8765#breadcrumb\",\"itemListElement\":[{\"@type\":\"ListItem\",\"position\":1,\"name\":\"Home\",\"item\":\"https:\/\/cenal.gob.ve\/\"},{\"@type\":\"ListItem\",\"position\":2,\"name\":\"Ganadores Becas de Est\u00edmulo a la Creaci\u00f3n Literaria 2019\"}]},{\"@type\":\"WebSite\",\"@id\":\"https:\/\/cenal.gob.ve\/#website\",\"url\":\"https:\/\/cenal.gob.ve\/\",\"name\":\"Cenal\",\"description\":\"\",\"publisher\":{\"@id\":\"https:\/\/cenal.gob.ve\/#organization\"},\"potentialAction\":[{\"@type\":\"SearchAction\",\"target\":{\"@type\":\"EntryPoint\",\"urlTemplate\":\"https:\/\/cenal.gob.ve\/?s={search_term_string}\"},\"query-input\":\"required name=search_term_string\"}],\"inLanguage\":\"es\"},{\"@type\":\"Organization\",\"@id\":\"https:\/\/cenal.gob.ve\/#organization\",\"name\":\"CENAL\",\"url\":\"https:\/\/cenal.gob.ve\/\",\"sameAs\":[],\"logo\":{\"@type\":\"ImageObject\",\"inLanguage\":\"es\",\"@id\":\"https:\/\/cenal.gob.ve\/#\/schema\/logo\/image\/\",\"url\":\"https:\/\/i0.wp.com\/cenal.gob.ve\/wp-content\/uploads\/2022\/10\/cropped-images.jpg?fit=512%2C512\",\"contentUrl\":\"https:\/\/i0.wp.com\/cenal.gob.ve\/wp-content\/uploads\/2022\/10\/cropped-images.jpg?fit=512%2C512\",\"width\":512,\"height\":512,\"caption\":\"CENAL\"},\"image\":{\"@id\":\"https:\/\/cenal.gob.ve\/#\/schema\/logo\/image\/\"}},{\"@type\":\"Person\",\"@id\":\"https:\/\/cenal.gob.ve\/#\/schema\/person\/e3ed34623f400ffab8bc7a63b2f5533f\",\"name\":\"Prensa Cenal\",\"image\":{\"@type\":\"ImageObject\",\"inLanguage\":\"es\",\"@id\":\"https:\/\/cenal.gob.ve\/#\/schema\/person\/image\/\",\"url\":\"https:\/\/secure.gravatar.com\/avatar\/594b4ed34090910c619ac3679001d491?s=96&d=mm&r=g\",\"contentUrl\":\"https:\/\/secure.gravatar.com\/avatar\/594b4ed34090910c619ac3679001d491?s=96&d=mm&r=g\",\"caption\":\"Prensa Cenal\"},\"url\":\"https:\/\/cenal.gob.ve\/?author=10\"}]}<\/script>\n<!-- \/ Yoast SEO plugin. -->","yoast_head_json":{"title":"Ganadores Becas de Est\u00edmulo a la Creaci\u00f3n Literaria 2019","robots":{"index":"index","follow":"follow","max-snippet":"max-snippet:-1","max-image-preview":"max-image-preview:large","max-video-preview":"max-video-preview:-1"},"canonical":"https:\/\/cenal.gob.ve\/?p=8765","og_locale":"es_ES","og_type":"article","og_title":"Ganadores Becas de Est\u00edmulo a la Creaci\u00f3n Literaria 2019","og_description":"El Centro Nacional del Libro, ente adscrito al Ministerio del Poder Popular para la Cultura, presenta los ganadores de las Becas de Est\u00edmulo a la Creaci\u00f3n Literaria 2019 G\u00c9NERO NARRATIVA [&hellip;]","og_url":"https:\/\/cenal.gob.ve\/?p=8765","og_site_name":"Cenal","article_published_time":"2019-08-28T13:04:41+00:00","article_modified_time":"2022-04-27T17:01:03+00:00","og_image":[{"width":1200,"height":668,"url":"https:\/\/i0.wp.com\/cenal.gob.ve\/wp-content\/uploads\/2019\/04\/homenaje-libro.jpg?fit=1200%2C668&ssl=1","type":"image\/jpeg"}],"author":"Prensa Cenal","twitter_card":"summary_large_image","twitter_misc":{"Written by":"Prensa Cenal","Est. reading time":"11 minutos"},"schema":{"@context":"https:\/\/schema.org","@graph":[{"@type":"Article","@id":"https:\/\/cenal.gob.ve\/?p=8765#article","isPartOf":{"@id":"https:\/\/cenal.gob.ve\/?p=8765"},"author":{"name":"Prensa Cenal","@id":"https:\/\/cenal.gob.ve\/#\/schema\/person\/e3ed34623f400ffab8bc7a63b2f5533f"},"headline":"Ganadores Becas de Est\u00edmulo a la Creaci\u00f3n Literaria 2019","datePublished":"2019-08-28T13:04:41+00:00","dateModified":"2022-04-27T17:01:03+00:00","mainEntityOfPage":{"@id":"https:\/\/cenal.gob.ve\/?p=8765"},"wordCount":2267,"commentCount":0,"publisher":{"@id":"https:\/\/cenal.gob.ve\/#organization"},"articleSection":["Becas","Ganadores"],"inLanguage":"es","potentialAction":[{"@type":"CommentAction","name":"Comment","target":["https:\/\/cenal.gob.ve\/?p=8765#respond"]}]},{"@type":"WebPage","@id":"https:\/\/cenal.gob.ve\/?p=8765","url":"https:\/\/cenal.gob.ve\/?p=8765","name":"Ganadores Becas de Est\u00edmulo a la Creaci\u00f3n Literaria 2019","isPartOf":{"@id":"https:\/\/cenal.gob.ve\/#website"},"datePublished":"2019-08-28T13:04:41+00:00","dateModified":"2022-04-27T17:01:03+00:00","breadcrumb":{"@id":"https:\/\/cenal.gob.ve\/?p=8765#breadcrumb"},"inLanguage":"es","potentialAction":[{"@type":"ReadAction","target":["https:\/\/cenal.gob.ve\/?p=8765"]}]},{"@type":"BreadcrumbList","@id":"https:\/\/cenal.gob.ve\/?p=8765#breadcrumb","itemListElement":[{"@type":"ListItem","position":1,"name":"Home","item":"https:\/\/cenal.gob.ve\/"},{"@type":"ListItem","position":2,"name":"Ganadores Becas de Est\u00edmulo a la Creaci\u00f3n Literaria 2019"}]},{"@type":"WebSite","@id":"https:\/\/cenal.gob.ve\/#website","url":"https:\/\/cenal.gob.ve\/","name":"Cenal","description":"","publisher":{"@id":"https:\/\/cenal.gob.ve\/#organization"},"potentialAction":[{"@type":"SearchAction","target":{"@type":"EntryPoint","urlTemplate":"https:\/\/cenal.gob.ve\/?s={search_term_string}"},"query-input":"required name=search_term_string"}],"inLanguage":"es"},{"@type":"Organization","@id":"https:\/\/cenal.gob.ve\/#organization","name":"CENAL","url":"https:\/\/cenal.gob.ve\/","sameAs":[],"logo":{"@type":"ImageObject","inLanguage":"es","@id":"https:\/\/cenal.gob.ve\/#\/schema\/logo\/image\/","url":"https:\/\/i0.wp.com\/cenal.gob.ve\/wp-content\/uploads\/2022\/10\/cropped-images.jpg?fit=512%2C512","contentUrl":"https:\/\/i0.wp.com\/cenal.gob.ve\/wp-content\/uploads\/2022\/10\/cropped-images.jpg?fit=512%2C512","width":512,"height":512,"caption":"CENAL"},"image":{"@id":"https:\/\/cenal.gob.ve\/#\/schema\/logo\/image\/"}},{"@type":"Person","@id":"https:\/\/cenal.gob.ve\/#\/schema\/person\/e3ed34623f400ffab8bc7a63b2f5533f","name":"Prensa Cenal","image":{"@type":"ImageObject","inLanguage":"es","@id":"https:\/\/cenal.gob.ve\/#\/schema\/person\/image\/","url":"https:\/\/secure.gravatar.com\/avatar\/594b4ed34090910c619ac3679001d491?s=96&d=mm&r=g","contentUrl":"https:\/\/secure.gravatar.com\/avatar\/594b4ed34090910c619ac3679001d491?s=96&d=mm&r=g","caption":"Prensa Cenal"},"url":"https:\/\/cenal.gob.ve\/?author=10"}]}},"jetpack_featured_media_url":"https:\/\/cenal.gob.ve\/wp-content\/uploads\/2019\/04\/homenaje-libro.jpg","jetpack_publicize_connections":[],"jetpack_shortlink":"https:\/\/wp.me\/p5FMhp-2hn","_links":{"self":[{"href":"https:\/\/cenal.gob.ve\/index.php?rest_route=\/wp\/v2\/posts\/8765"}],"collection":[{"href":"https:\/\/cenal.gob.ve\/index.php?rest_route=\/wp\/v2\/posts"}],"about":[{"href":"https:\/\/cenal.gob.ve\/index.php?rest_route=\/wp\/v2\/types\/post"}],"author":[{"embeddable":true,"href":"https:\/\/cenal.gob.ve\/index.php?rest_route=\/wp\/v2\/users\/10"}],"replies":[{"embeddable":true,"href":"https:\/\/cenal.gob.ve\/index.php?rest_route=%2Fwp%2Fv2%2Fcomments&post=8765"}],"version-history":[{"count":1,"href":"https:\/\/cenal.gob.ve\/index.php?rest_route=\/wp\/v2\/posts\/8765\/revisions"}],"predecessor-version":[{"id":15073,"href":"https:\/\/cenal.gob.ve\/index.php?rest_route=\/wp\/v2\/posts\/8765\/revisions\/15073"}],"wp:featuredmedia":[{"embeddable":true,"href":"https:\/\/cenal.gob.ve\/index.php?rest_route=\/wp\/v2\/media\/8324"}],"wp:attachment":[{"href":"https:\/\/cenal.gob.ve\/index.php?rest_route=%2Fwp%2Fv2%2Fmedia&parent=8765"}],"wp:term":[{"taxonomy":"category","embeddable":true,"href":"https:\/\/cenal.gob.ve\/index.php?rest_route=%2Fwp%2Fv2%2Fcategories&post=8765"},{"taxonomy":"post_tag","embeddable":true,"href":"https:\/\/cenal.gob.ve\/index.php?rest_route=%2Fwp%2Fv2%2Ftags&post=8765"}],"curies":[{"name":"wp","href":"https:\/\/api.w.org\/{rel}","templated":true}]}}