{"id":8911,"date":"2020-04-03T12:59:57","date_gmt":"2020-04-03T16:59:57","guid":{"rendered":"http:\/\/www.cenal.gob.ve\/?p=8911"},"modified":"2023-06-25T14:38:22","modified_gmt":"2023-06-25T18:38:22","slug":"doctrina-del-libertador","status":"publish","type":"post","link":"https:\/\/cenal.gob.ve\/?p=8911","title":{"rendered":"Doctrina del Libertador"},"content":{"rendered":"<p><span class=\"texto_10\"><em><a href=\"http:\/\/www.cenal.gob.ve\/wp-content\/uploads\/2020\/04\/Doctrina-del-Libertador.jpg\"><img class=\"alignnone size-medium wp-image-8889 alignleft\" src=\"http:\/\/201.249.204.45:2022\/portal_cenal\/\/wp-content\/uploads\/2022\/03\/8911.jpg\" alt=\"Doctrina del Libertador\" width=\"214\" height=\"300\"><\/a><\/em><strong>Sim\u00f3n Bol\u00edvar<\/strong><br \/>\n<em>Manuel P\u00e9rez Vila. [Compilador]<\/em><br \/>\nISBN 978-980-276-474-7<br \/>\nFundaci\u00f3n Biblioteca Ayacucho.<br \/>\nCaracas, 1979<br \/>\n<\/span><\/p>\n<div align=\"justify\"><span class=\"texto_10\"><strong>Doctrina del Libertador<\/strong> presenta diversos aspectos del pensamiento de Sim\u00f3n Bol\u00edvar (Venezuela, 1783-Colombia, 1830). La selecci\u00f3n ha sido realizada con el prop\u00f3sito de no descuidar ninguna faceta importante del ideario bolivariano: los mensajes donde expone sus proyectos constitucionales; su concepto de la independencia y de la democracia; sus iniciativas en pro de la igualdad social; su lucha contra el peculado y la corrupci\u00f3n administrativa; sus ideas sobre el poder moral; su decidida promoci\u00f3n de la educaci\u00f3n y la cultura; su visi\u00f3n americanista y universal; su repudio de la esclavitud y de la mita; su defensa de la soberan\u00eda nacional; su protecci\u00f3n a la agricultura y a la industria, etc. El presente volumen reproduce \u00edntegramente y en riguroso orden cronol\u00f3gico cien documentos que obedecen a la necesidad de ofrecer en un solo corpus lo m\u00e1s representativo del pensamiento pol\u00edtico, econ\u00f3mico y social de Sim\u00f3n Bol\u00edvar.<\/span><\/div>\n<div align=\"justify\"><\/div>\n<div style=\"text-align: left\" align=\"justify\"><span style=\"font-family: arial, helvetica, sans-serif;font-size: 10pt\">Descarga libre<\/span><br \/>\n<a href=\"http:\/\/www.cenal.gob.ve\/?ddownload=8897\"><img class=\"alignnone size-full wp-image-6609\" src=\"http:\/\/201.249.204.45:2022\/portal_cenal\/\/wp-content\/uploads\/2022\/03\/1_8911.jpg\" alt=\"pdf\" width=\"30\" height=\"39\"><\/a><\/div>\n","protected":false},"excerpt":{"rendered":"<p>Sim\u00f3n Bol\u00edvar Manuel P\u00e9rez Vila. [Compilador] ISBN 978-980-276-474-7 Fundaci\u00f3n Biblioteca Ayacucho. Caracas, 1979 Doctrina del Libertador presenta diversos aspectos del pensamiento de Sim\u00f3n Bol\u00edvar (Venezuela, 1783-Colombia, 1830). La selecci\u00f3n ha [&hellip;]<\/p>\n","protected":false},"author":10,"featured_media":8914,"comment_status":"open","ping_status":"open","sticky":false,"template":"","format":"standard","meta":{"spay_email":"","jetpack_publicize_message":"","jetpack_is_tweetstorm":false,"jetpack_publicize_feature_enabled":true},"categories":[55,1],"tags":[82],"yoast_head":"<!-- This site is optimized with the Yoast SEO plugin v19.8 - https:\/\/yoast.com\/wordpress\/plugins\/seo\/ -->\n<title>Doctrina del Libertador<\/title>\n<meta name=\"robots\" content=\"index, follow, max-snippet:-1, max-image-preview:large, max-video-preview:-1\" \/>\n<link rel=\"canonical\" href=\"https:\/\/cenal.gob.ve\/?p=8911\" \/>\n<meta property=\"og:locale\" content=\"es_ES\" \/>\n<meta property=\"og:type\" content=\"article\" \/>\n<meta property=\"og:title\" content=\"Doctrina del Libertador\" \/>\n<meta property=\"og:description\" content=\"Sim\u00f3n Bol\u00edvar Manuel P\u00e9rez Vila. [Compilador] ISBN 978-980-276-474-7 Fundaci\u00f3n Biblioteca Ayacucho. Caracas, 1979 Doctrina del Libertador presenta diversos aspectos del pensamiento de Sim\u00f3n Bol\u00edvar (Venezuela, 1783-Colombia, 1830). La selecci\u00f3n ha [&hellip;]\" \/>\n<meta property=\"og:url\" content=\"https:\/\/cenal.gob.ve\/?p=8911\" \/>\n<meta property=\"og:site_name\" content=\"Cenal\" \/>\n<meta property=\"article:published_time\" content=\"2020-04-03T16:59:57+00:00\" \/>\n<meta property=\"article:modified_time\" content=\"2023-06-25T18:38:22+00:00\" \/>\n<meta property=\"og:image\" content=\"https:\/\/i0.wp.com\/cenal.gob.ve\/wp-content\/uploads\/2020\/04\/Biblioteca-Ayacucho.jpg?fit=800%2C445&ssl=1\" \/>\n\t<meta property=\"og:image:width\" content=\"800\" \/>\n\t<meta property=\"og:image:height\" content=\"445\" \/>\n\t<meta property=\"og:image:type\" content=\"image\/jpeg\" \/>\n<meta name=\"author\" content=\"Prensa Cenal\" \/>\n<meta name=\"twitter:card\" content=\"summary_large_image\" \/>\n<meta name=\"twitter:label1\" content=\"Written by\" \/>\n\t<meta name=\"twitter:data1\" content=\"Prensa Cenal\" \/>\n\t<meta name=\"twitter:label2\" content=\"Est. reading time\" \/>\n\t<meta name=\"twitter:data2\" content=\"2 minutos\" \/>\n<script type=\"application\/ld+json\" class=\"yoast-schema-graph\">{\"@context\":\"https:\/\/schema.org\",\"@graph\":[{\"@type\":\"Article\",\"@id\":\"https:\/\/cenal.gob.ve\/?p=8911#article\",\"isPartOf\":{\"@id\":\"https:\/\/cenal.gob.ve\/?p=8911\"},\"author\":{\"name\":\"Prensa Cenal\",\"@id\":\"https:\/\/cenal.gob.ve\/#\/schema\/person\/e3ed34623f400ffab8bc7a63b2f5533f\"},\"headline\":\"Doctrina del Libertador\",\"datePublished\":\"2020-04-03T16:59:57+00:00\",\"dateModified\":\"2023-06-25T18:38:22+00:00\",\"mainEntityOfPage\":{\"@id\":\"https:\/\/cenal.gob.ve\/?p=8911\"},\"wordCount\":183,\"commentCount\":2,\"publisher\":{\"@id\":\"https:\/\/cenal.gob.ve\/#organization\"},\"keywords\":[\"Sim\u00f3n Bol\u00edvar\"],\"articleSection\":[\"Libros\",\"Sin categoria\"],\"inLanguage\":\"es\",\"potentialAction\":[{\"@type\":\"CommentAction\",\"name\":\"Comment\",\"target\":[\"https:\/\/cenal.gob.ve\/?p=8911#respond\"]}]},{\"@type\":\"WebPage\",\"@id\":\"https:\/\/cenal.gob.ve\/?p=8911\",\"url\":\"https:\/\/cenal.gob.ve\/?p=8911\",\"name\":\"Doctrina del Libertador\",\"isPartOf\":{\"@id\":\"https:\/\/cenal.gob.ve\/#website\"},\"datePublished\":\"2020-04-03T16:59:57+00:00\",\"dateModified\":\"2023-06-25T18:38:22+00:00\",\"breadcrumb\":{\"@id\":\"https:\/\/cenal.gob.ve\/?p=8911#breadcrumb\"},\"inLanguage\":\"es\",\"potentialAction\":[{\"@type\":\"ReadAction\",\"target\":[\"https:\/\/cenal.gob.ve\/?p=8911\"]}]},{\"@type\":\"BreadcrumbList\",\"@id\":\"https:\/\/cenal.gob.ve\/?p=8911#breadcrumb\",\"itemListElement\":[{\"@type\":\"ListItem\",\"position\":1,\"name\":\"Home\",\"item\":\"https:\/\/cenal.gob.ve\/\"},{\"@type\":\"ListItem\",\"position\":2,\"name\":\"Doctrina del Libertador\"}]},{\"@type\":\"WebSite\",\"@id\":\"https:\/\/cenal.gob.ve\/#website\",\"url\":\"https:\/\/cenal.gob.ve\/\",\"name\":\"Cenal\",\"description\":\"\",\"publisher\":{\"@id\":\"https:\/\/cenal.gob.ve\/#organization\"},\"potentialAction\":[{\"@type\":\"SearchAction\",\"target\":{\"@type\":\"EntryPoint\",\"urlTemplate\":\"https:\/\/cenal.gob.ve\/?s={search_term_string}\"},\"query-input\":\"required name=search_term_string\"}],\"inLanguage\":\"es\"},{\"@type\":\"Organization\",\"@id\":\"https:\/\/cenal.gob.ve\/#organization\",\"name\":\"CENAL\",\"url\":\"https:\/\/cenal.gob.ve\/\",\"sameAs\":[],\"logo\":{\"@type\":\"ImageObject\",\"inLanguage\":\"es\",\"@id\":\"https:\/\/cenal.gob.ve\/#\/schema\/logo\/image\/\",\"url\":\"https:\/\/i0.wp.com\/cenal.gob.ve\/wp-content\/uploads\/2022\/10\/cropped-images.jpg?fit=512%2C512\",\"contentUrl\":\"https:\/\/i0.wp.com\/cenal.gob.ve\/wp-content\/uploads\/2022\/10\/cropped-images.jpg?fit=512%2C512\",\"width\":512,\"height\":512,\"caption\":\"CENAL\"},\"image\":{\"@id\":\"https:\/\/cenal.gob.ve\/#\/schema\/logo\/image\/\"}},{\"@type\":\"Person\",\"@id\":\"https:\/\/cenal.gob.ve\/#\/schema\/person\/e3ed34623f400ffab8bc7a63b2f5533f\",\"name\":\"Prensa Cenal\",\"image\":{\"@type\":\"ImageObject\",\"inLanguage\":\"es\",\"@id\":\"https:\/\/cenal.gob.ve\/#\/schema\/person\/image\/\",\"url\":\"https:\/\/secure.gravatar.com\/avatar\/594b4ed34090910c619ac3679001d491?s=96&d=mm&r=g\",\"contentUrl\":\"https:\/\/secure.gravatar.com\/avatar\/594b4ed34090910c619ac3679001d491?s=96&d=mm&r=g\",\"caption\":\"Prensa Cenal\"},\"url\":\"https:\/\/cenal.gob.ve\/?author=10\"}]}<\/script>\n<!-- \/ Yoast SEO plugin. -->","yoast_head_json":{"title":"Doctrina del Libertador","robots":{"index":"index","follow":"follow","max-snippet":"max-snippet:-1","max-image-preview":"max-image-preview:large","max-video-preview":"max-video-preview:-1"},"canonical":"https:\/\/cenal.gob.ve\/?p=8911","og_locale":"es_ES","og_type":"article","og_title":"Doctrina del Libertador","og_description":"Sim\u00f3n Bol\u00edvar Manuel P\u00e9rez Vila. [Compilador] ISBN 978-980-276-474-7 Fundaci\u00f3n Biblioteca Ayacucho. Caracas, 1979 Doctrina del Libertador presenta diversos aspectos del pensamiento de Sim\u00f3n Bol\u00edvar (Venezuela, 1783-Colombia, 1830). La selecci\u00f3n ha [&hellip;]","og_url":"https:\/\/cenal.gob.ve\/?p=8911","og_site_name":"Cenal","article_published_time":"2020-04-03T16:59:57+00:00","article_modified_time":"2023-06-25T18:38:22+00:00","og_image":[{"width":800,"height":445,"url":"https:\/\/i0.wp.com\/cenal.gob.ve\/wp-content\/uploads\/2020\/04\/Biblioteca-Ayacucho.jpg?fit=800%2C445&ssl=1","type":"image\/jpeg"}],"author":"Prensa Cenal","twitter_card":"summary_large_image","twitter_misc":{"Written by":"Prensa Cenal","Est. reading time":"2 minutos"},"schema":{"@context":"https:\/\/schema.org","@graph":[{"@type":"Article","@id":"https:\/\/cenal.gob.ve\/?p=8911#article","isPartOf":{"@id":"https:\/\/cenal.gob.ve\/?p=8911"},"author":{"name":"Prensa Cenal","@id":"https:\/\/cenal.gob.ve\/#\/schema\/person\/e3ed34623f400ffab8bc7a63b2f5533f"},"headline":"Doctrina del Libertador","datePublished":"2020-04-03T16:59:57+00:00","dateModified":"2023-06-25T18:38:22+00:00","mainEntityOfPage":{"@id":"https:\/\/cenal.gob.ve\/?p=8911"},"wordCount":183,"commentCount":2,"publisher":{"@id":"https:\/\/cenal.gob.ve\/#organization"},"keywords":["Sim\u00f3n Bol\u00edvar"],"articleSection":["Libros","Sin categoria"],"inLanguage":"es","potentialAction":[{"@type":"CommentAction","name":"Comment","target":["https:\/\/cenal.gob.ve\/?p=8911#respond"]}]},{"@type":"WebPage","@id":"https:\/\/cenal.gob.ve\/?p=8911","url":"https:\/\/cenal.gob.ve\/?p=8911","name":"Doctrina del Libertador","isPartOf":{"@id":"https:\/\/cenal.gob.ve\/#website"},"datePublished":"2020-04-03T16:59:57+00:00","dateModified":"2023-06-25T18:38:22+00:00","breadcrumb":{"@id":"https:\/\/cenal.gob.ve\/?p=8911#breadcrumb"},"inLanguage":"es","potentialAction":[{"@type":"ReadAction","target":["https:\/\/cenal.gob.ve\/?p=8911"]}]},{"@type":"BreadcrumbList","@id":"https:\/\/cenal.gob.ve\/?p=8911#breadcrumb","itemListElement":[{"@type":"ListItem","position":1,"name":"Home","item":"https:\/\/cenal.gob.ve\/"},{"@type":"ListItem","position":2,"name":"Doctrina del Libertador"}]},{"@type":"WebSite","@id":"https:\/\/cenal.gob.ve\/#website","url":"https:\/\/cenal.gob.ve\/","name":"Cenal","description":"","publisher":{"@id":"https:\/\/cenal.gob.ve\/#organization"},"potentialAction":[{"@type":"SearchAction","target":{"@type":"EntryPoint","urlTemplate":"https:\/\/cenal.gob.ve\/?s={search_term_string}"},"query-input":"required name=search_term_string"}],"inLanguage":"es"},{"@type":"Organization","@id":"https:\/\/cenal.gob.ve\/#organization","name":"CENAL","url":"https:\/\/cenal.gob.ve\/","sameAs":[],"logo":{"@type":"ImageObject","inLanguage":"es","@id":"https:\/\/cenal.gob.ve\/#\/schema\/logo\/image\/","url":"https:\/\/i0.wp.com\/cenal.gob.ve\/wp-content\/uploads\/2022\/10\/cropped-images.jpg?fit=512%2C512","contentUrl":"https:\/\/i0.wp.com\/cenal.gob.ve\/wp-content\/uploads\/2022\/10\/cropped-images.jpg?fit=512%2C512","width":512,"height":512,"caption":"CENAL"},"image":{"@id":"https:\/\/cenal.gob.ve\/#\/schema\/logo\/image\/"}},{"@type":"Person","@id":"https:\/\/cenal.gob.ve\/#\/schema\/person\/e3ed34623f400ffab8bc7a63b2f5533f","name":"Prensa Cenal","image":{"@type":"ImageObject","inLanguage":"es","@id":"https:\/\/cenal.gob.ve\/#\/schema\/person\/image\/","url":"https:\/\/secure.gravatar.com\/avatar\/594b4ed34090910c619ac3679001d491?s=96&d=mm&r=g","contentUrl":"https:\/\/secure.gravatar.com\/avatar\/594b4ed34090910c619ac3679001d491?s=96&d=mm&r=g","caption":"Prensa Cenal"},"url":"https:\/\/cenal.gob.ve\/?author=10"}]}},"jetpack_featured_media_url":"https:\/\/cenal.gob.ve\/wp-content\/uploads\/2020\/04\/Biblioteca-Ayacucho.jpg","jetpack_publicize_connections":[],"jetpack_shortlink":"https:\/\/wp.me\/p5FMhp-2jJ","_links":{"self":[{"href":"https:\/\/cenal.gob.ve\/index.php?rest_route=\/wp\/v2\/posts\/8911"}],"collection":[{"href":"https:\/\/cenal.gob.ve\/index.php?rest_route=\/wp\/v2\/posts"}],"about":[{"href":"https:\/\/cenal.gob.ve\/index.php?rest_route=\/wp\/v2\/types\/post"}],"author":[{"embeddable":true,"href":"https:\/\/cenal.gob.ve\/index.php?rest_route=\/wp\/v2\/users\/10"}],"replies":[{"embeddable":true,"href":"https:\/\/cenal.gob.ve\/index.php?rest_route=%2Fwp%2Fv2%2Fcomments&post=8911"}],"version-history":[{"count":2,"href":"https:\/\/cenal.gob.ve\/index.php?rest_route=\/wp\/v2\/posts\/8911\/revisions"}],"predecessor-version":[{"id":21218,"href":"https:\/\/cenal.gob.ve\/index.php?rest_route=\/wp\/v2\/posts\/8911\/revisions\/21218"}],"wp:featuredmedia":[{"embeddable":true,"href":"https:\/\/cenal.gob.ve\/index.php?rest_route=\/wp\/v2\/media\/8914"}],"wp:attachment":[{"href":"https:\/\/cenal.gob.ve\/index.php?rest_route=%2Fwp%2Fv2%2Fmedia&parent=8911"}],"wp:term":[{"taxonomy":"category","embeddable":true,"href":"https:\/\/cenal.gob.ve\/index.php?rest_route=%2Fwp%2Fv2%2Fcategories&post=8911"},{"taxonomy":"post_tag","embeddable":true,"href":"https:\/\/cenal.gob.ve\/index.php?rest_route=%2Fwp%2Fv2%2Ftags&post=8911"}],"curies":[{"name":"wp","href":"https:\/\/api.w.org\/{rel}","templated":true}]}}