{"id":8938,"date":"2020-04-23T11:15:32","date_gmt":"2020-04-23T15:15:32","guid":{"rendered":"http:\/\/www.cenal.gob.ve\/?p=8938"},"modified":"2022-04-27T13:08:03","modified_gmt":"2022-04-27T17:08:03","slug":"cenal-abre-concurso-de-becas-de-estimulo-a-la-creacion-literaria-2020","status":"publish","type":"post","link":"https:\/\/cenal.gob.ve\/?p=8938","title":{"rendered":"Cenal abre concurso de Becas de Est\u00edmulo a la Creaci\u00f3n Literaria 2020"},"content":{"rendered":"<p style=\"text-align: justify;\">Hasta el <strong>29 de mayo<\/strong>, el <strong>Centro Nacional del Libro (Cenal)<\/strong> recibir\u00e1 proyectos de creaci\u00f3n literaria de escritoras y escritores venezolanos o extranjeros residentes en el pa\u00eds que deseen participar en el concurso de <a href=\"http:\/\/www.cenal.gob.ve\/becas-de-estimulo-a-la-creacion-literaria-2020\/\"><strong>Becas de Est\u00edmulo a la Creaci\u00f3n Literaria 2020<\/strong><\/a>, cuyo tema central ser\u00e1 la Batalla de Carabobo.<\/p>\n<p style=\"text-align: justify;\">Cinco becas se otorgar\u00e1n por un monto equivalente al salario de Especialista I de la Administraci\u00f3n P\u00fablica.<\/p>\n<p style=\"text-align: justify;\">Los g\u00e9neros con los que se puede participar son: Narrativa; Ensayos sobre el libro y la lectura; Biograf\u00edas, testimonios y cr\u00f3nicas y Literatura para ni\u00f1as, ni\u00f1os y j\u00f3venes.<\/p>\n<p style=\"text-align: justify;\">De acuerdo con las bases, los trabajos deben ser originales e in\u00e9ditos y estar escritos en castellano o en alguna de las lenguas originarias de Venezuela. Sus autores no pueden haber sido beneficiarios de esta beca (en ninguno de los g\u00e9neros que contempla) anteriormente.<\/p>\n<p style=\"text-align: justify;\">La duraci\u00f3n de la beca tendr\u00e1 un lapso de diez (10) meses y ser\u00e1 cancelada de manera mensual a partir del mes siguiente de haberse publicado el veredicto en la p\u00e1gina web del Cenal: www.cenal.gob.ve. El \u00faltimo pago ser\u00e1 contra trabajo culminado.<\/p>\n<p style=\"text-align: justify;\"><strong>Requisitos<\/strong><\/p>\n<p style=\"text-align: justify;\">Cada aspirante deber\u00e1 ingresar en el formulario de inscripci\u00f3n disponible aqu\u00ed, colocar todos sus datos personales y cargar el archivo (en los formatos .doc, .docx, .pdf, .mobi, .epub), con el t\u00edtulo al principio y un seud\u00f3nimo, pero sin el nombre del autor.<\/p>\n<p style=\"text-align: justify;\">El archivo a adjuntar debe constar del \u00edndice del proyecto; sinopsis, no mayor a una cuartilla; muestra del 50% o 10 cuartillas de la obra y el cronograma para su etapa de culminaci\u00f3n. El material deber\u00e1 presentarse con letra Arial, tama\u00f1o 12, interlineado 1,5 (intermedio).<\/p>\n<p style=\"text-align: justify;\">La evaluaci\u00f3n de las obras postuladas estar\u00e1 a cargo de un jurado integrado por tres especialistas en el \u00e1rea. El otorgamiento de la beca no implica la publicaci\u00f3n de la obra.<\/p>\n<p style=\"text-align: justify;\">M\u00e1s detalles sobre las bases de esta convocatoria en el siguiente enlace:\u00a0\u00a0<a href=\"http:\/\/www.cenal.gob.ve\/becas-de-estimulo-a-la-creacion-literaria-2020\/\"><strong>Becas de Est\u00edmulo a la Creaci\u00f3n Literaria 2020<\/strong><\/a><\/p>\n<p style=\"text-align: justify;\">Suscr\u00edbete a www.cenal.gob.ve, visita filven.cenal.gob.ve y sigue las cuentas del Cenal en las redes sociales Twitter\/cenalfilven, Instagram\/cenal_filven y Facebook\/cenalfilven.<\/p>\n<p style=\"text-align: justify;\"><strong>Prensa Cenal<\/strong><\/p>\n","protected":false},"excerpt":{"rendered":"<p>Hasta el 29 de mayo, el Centro Nacional del Libro (Cenal) recibir\u00e1 proyectos de creaci\u00f3n literaria de escritoras y escritores venezolanos o extranjeros residentes en el pa\u00eds que deseen participar [&hellip;]<\/p>\n","protected":false},"author":10,"featured_media":8937,"comment_status":"open","ping_status":"open","sticky":false,"template":"","format":"standard","meta":{"spay_email":"","jetpack_publicize_message":"","jetpack_is_tweetstorm":false,"jetpack_publicize_feature_enabled":true},"categories":[34,68],"tags":[],"yoast_head":"<!-- This site is optimized with the Yoast SEO plugin v19.8 - https:\/\/yoast.com\/wordpress\/plugins\/seo\/ -->\n<title>Cenal abre concurso de Becas de Est\u00edmulo a la Creaci\u00f3n Literaria 2020<\/title>\n<meta name=\"robots\" content=\"index, follow, max-snippet:-1, max-image-preview:large, max-video-preview:-1\" \/>\n<link rel=\"canonical\" href=\"https:\/\/cenal.gob.ve\/?p=8938\" \/>\n<meta property=\"og:locale\" content=\"es_ES\" \/>\n<meta property=\"og:type\" content=\"article\" \/>\n<meta property=\"og:title\" content=\"Cenal abre concurso de Becas de Est\u00edmulo a la Creaci\u00f3n Literaria 2020\" \/>\n<meta property=\"og:description\" content=\"Hasta el 29 de mayo, el Centro Nacional del Libro (Cenal) recibir\u00e1 proyectos de creaci\u00f3n literaria de escritoras y escritores venezolanos o extranjeros residentes en el pa\u00eds que deseen participar [&hellip;]\" \/>\n<meta property=\"og:url\" content=\"https:\/\/cenal.gob.ve\/?p=8938\" \/>\n<meta property=\"og:site_name\" content=\"Cenal\" \/>\n<meta property=\"article:published_time\" content=\"2020-04-23T15:15:32+00:00\" \/>\n<meta property=\"article:modified_time\" content=\"2022-04-27T17:08:03+00:00\" \/>\n<meta property=\"og:image\" content=\"https:\/\/i0.wp.com\/cenal.gob.ve\/wp-content\/uploads\/2020\/04\/becas_cenal.jpg?fit=800%2C445&ssl=1\" \/>\n\t<meta property=\"og:image:width\" content=\"800\" \/>\n\t<meta property=\"og:image:height\" content=\"445\" \/>\n\t<meta property=\"og:image:type\" content=\"image\/jpeg\" \/>\n<meta name=\"author\" content=\"Prensa Cenal\" \/>\n<meta name=\"twitter:card\" content=\"summary_large_image\" \/>\n<meta name=\"twitter:label1\" content=\"Written by\" \/>\n\t<meta name=\"twitter:data1\" content=\"Prensa Cenal\" \/>\n\t<meta name=\"twitter:label2\" content=\"Est. reading time\" \/>\n\t<meta name=\"twitter:data2\" content=\"2 minutos\" \/>\n<script type=\"application\/ld+json\" class=\"yoast-schema-graph\">{\"@context\":\"https:\/\/schema.org\",\"@graph\":[{\"@type\":\"Article\",\"@id\":\"https:\/\/cenal.gob.ve\/?p=8938#article\",\"isPartOf\":{\"@id\":\"https:\/\/cenal.gob.ve\/?p=8938\"},\"author\":{\"name\":\"Prensa Cenal\",\"@id\":\"https:\/\/cenal.gob.ve\/#\/schema\/person\/e3ed34623f400ffab8bc7a63b2f5533f\"},\"headline\":\"Cenal abre concurso de Becas de Est\u00edmulo a la Creaci\u00f3n Literaria 2020\",\"datePublished\":\"2020-04-23T15:15:32+00:00\",\"dateModified\":\"2022-04-27T17:08:03+00:00\",\"mainEntityOfPage\":{\"@id\":\"https:\/\/cenal.gob.ve\/?p=8938\"},\"wordCount\":387,\"commentCount\":2,\"publisher\":{\"@id\":\"https:\/\/cenal.gob.ve\/#organization\"},\"articleSection\":[\"Becas\",\"Convocatorias\"],\"inLanguage\":\"es\",\"potentialAction\":[{\"@type\":\"CommentAction\",\"name\":\"Comment\",\"target\":[\"https:\/\/cenal.gob.ve\/?p=8938#respond\"]}]},{\"@type\":\"WebPage\",\"@id\":\"https:\/\/cenal.gob.ve\/?p=8938\",\"url\":\"https:\/\/cenal.gob.ve\/?p=8938\",\"name\":\"Cenal abre concurso de Becas de Est\u00edmulo a la Creaci\u00f3n Literaria 2020\",\"isPartOf\":{\"@id\":\"https:\/\/cenal.gob.ve\/#website\"},\"datePublished\":\"2020-04-23T15:15:32+00:00\",\"dateModified\":\"2022-04-27T17:08:03+00:00\",\"breadcrumb\":{\"@id\":\"https:\/\/cenal.gob.ve\/?p=8938#breadcrumb\"},\"inLanguage\":\"es\",\"potentialAction\":[{\"@type\":\"ReadAction\",\"target\":[\"https:\/\/cenal.gob.ve\/?p=8938\"]}]},{\"@type\":\"BreadcrumbList\",\"@id\":\"https:\/\/cenal.gob.ve\/?p=8938#breadcrumb\",\"itemListElement\":[{\"@type\":\"ListItem\",\"position\":1,\"name\":\"Home\",\"item\":\"https:\/\/cenal.gob.ve\/\"},{\"@type\":\"ListItem\",\"position\":2,\"name\":\"Cenal abre concurso de Becas de Est\u00edmulo a la Creaci\u00f3n Literaria 2020\"}]},{\"@type\":\"WebSite\",\"@id\":\"https:\/\/cenal.gob.ve\/#website\",\"url\":\"https:\/\/cenal.gob.ve\/\",\"name\":\"Cenal\",\"description\":\"\",\"publisher\":{\"@id\":\"https:\/\/cenal.gob.ve\/#organization\"},\"potentialAction\":[{\"@type\":\"SearchAction\",\"target\":{\"@type\":\"EntryPoint\",\"urlTemplate\":\"https:\/\/cenal.gob.ve\/?s={search_term_string}\"},\"query-input\":\"required name=search_term_string\"}],\"inLanguage\":\"es\"},{\"@type\":\"Organization\",\"@id\":\"https:\/\/cenal.gob.ve\/#organization\",\"name\":\"CENAL\",\"url\":\"https:\/\/cenal.gob.ve\/\",\"sameAs\":[],\"logo\":{\"@type\":\"ImageObject\",\"inLanguage\":\"es\",\"@id\":\"https:\/\/cenal.gob.ve\/#\/schema\/logo\/image\/\",\"url\":\"https:\/\/i0.wp.com\/cenal.gob.ve\/wp-content\/uploads\/2022\/10\/cropped-images.jpg?fit=512%2C512\",\"contentUrl\":\"https:\/\/i0.wp.com\/cenal.gob.ve\/wp-content\/uploads\/2022\/10\/cropped-images.jpg?fit=512%2C512\",\"width\":512,\"height\":512,\"caption\":\"CENAL\"},\"image\":{\"@id\":\"https:\/\/cenal.gob.ve\/#\/schema\/logo\/image\/\"}},{\"@type\":\"Person\",\"@id\":\"https:\/\/cenal.gob.ve\/#\/schema\/person\/e3ed34623f400ffab8bc7a63b2f5533f\",\"name\":\"Prensa Cenal\",\"image\":{\"@type\":\"ImageObject\",\"inLanguage\":\"es\",\"@id\":\"https:\/\/cenal.gob.ve\/#\/schema\/person\/image\/\",\"url\":\"https:\/\/secure.gravatar.com\/avatar\/594b4ed34090910c619ac3679001d491?s=96&d=mm&r=g\",\"contentUrl\":\"https:\/\/secure.gravatar.com\/avatar\/594b4ed34090910c619ac3679001d491?s=96&d=mm&r=g\",\"caption\":\"Prensa Cenal\"},\"url\":\"https:\/\/cenal.gob.ve\/?author=10\"}]}<\/script>\n<!-- \/ Yoast SEO plugin. -->","yoast_head_json":{"title":"Cenal abre concurso de Becas de Est\u00edmulo a la Creaci\u00f3n Literaria 2020","robots":{"index":"index","follow":"follow","max-snippet":"max-snippet:-1","max-image-preview":"max-image-preview:large","max-video-preview":"max-video-preview:-1"},"canonical":"https:\/\/cenal.gob.ve\/?p=8938","og_locale":"es_ES","og_type":"article","og_title":"Cenal abre concurso de Becas de Est\u00edmulo a la Creaci\u00f3n Literaria 2020","og_description":"Hasta el 29 de mayo, el Centro Nacional del Libro (Cenal) recibir\u00e1 proyectos de creaci\u00f3n literaria de escritoras y escritores venezolanos o extranjeros residentes en el pa\u00eds que deseen participar [&hellip;]","og_url":"https:\/\/cenal.gob.ve\/?p=8938","og_site_name":"Cenal","article_published_time":"2020-04-23T15:15:32+00:00","article_modified_time":"2022-04-27T17:08:03+00:00","og_image":[{"width":800,"height":445,"url":"https:\/\/i0.wp.com\/cenal.gob.ve\/wp-content\/uploads\/2020\/04\/becas_cenal.jpg?fit=800%2C445&ssl=1","type":"image\/jpeg"}],"author":"Prensa Cenal","twitter_card":"summary_large_image","twitter_misc":{"Written by":"Prensa Cenal","Est. reading time":"2 minutos"},"schema":{"@context":"https:\/\/schema.org","@graph":[{"@type":"Article","@id":"https:\/\/cenal.gob.ve\/?p=8938#article","isPartOf":{"@id":"https:\/\/cenal.gob.ve\/?p=8938"},"author":{"name":"Prensa Cenal","@id":"https:\/\/cenal.gob.ve\/#\/schema\/person\/e3ed34623f400ffab8bc7a63b2f5533f"},"headline":"Cenal abre concurso de Becas de Est\u00edmulo a la Creaci\u00f3n Literaria 2020","datePublished":"2020-04-23T15:15:32+00:00","dateModified":"2022-04-27T17:08:03+00:00","mainEntityOfPage":{"@id":"https:\/\/cenal.gob.ve\/?p=8938"},"wordCount":387,"commentCount":2,"publisher":{"@id":"https:\/\/cenal.gob.ve\/#organization"},"articleSection":["Becas","Convocatorias"],"inLanguage":"es","potentialAction":[{"@type":"CommentAction","name":"Comment","target":["https:\/\/cenal.gob.ve\/?p=8938#respond"]}]},{"@type":"WebPage","@id":"https:\/\/cenal.gob.ve\/?p=8938","url":"https:\/\/cenal.gob.ve\/?p=8938","name":"Cenal abre concurso de Becas de Est\u00edmulo a la Creaci\u00f3n Literaria 2020","isPartOf":{"@id":"https:\/\/cenal.gob.ve\/#website"},"datePublished":"2020-04-23T15:15:32+00:00","dateModified":"2022-04-27T17:08:03+00:00","breadcrumb":{"@id":"https:\/\/cenal.gob.ve\/?p=8938#breadcrumb"},"inLanguage":"es","potentialAction":[{"@type":"ReadAction","target":["https:\/\/cenal.gob.ve\/?p=8938"]}]},{"@type":"BreadcrumbList","@id":"https:\/\/cenal.gob.ve\/?p=8938#breadcrumb","itemListElement":[{"@type":"ListItem","position":1,"name":"Home","item":"https:\/\/cenal.gob.ve\/"},{"@type":"ListItem","position":2,"name":"Cenal abre concurso de Becas de Est\u00edmulo a la Creaci\u00f3n Literaria 2020"}]},{"@type":"WebSite","@id":"https:\/\/cenal.gob.ve\/#website","url":"https:\/\/cenal.gob.ve\/","name":"Cenal","description":"","publisher":{"@id":"https:\/\/cenal.gob.ve\/#organization"},"potentialAction":[{"@type":"SearchAction","target":{"@type":"EntryPoint","urlTemplate":"https:\/\/cenal.gob.ve\/?s={search_term_string}"},"query-input":"required name=search_term_string"}],"inLanguage":"es"},{"@type":"Organization","@id":"https:\/\/cenal.gob.ve\/#organization","name":"CENAL","url":"https:\/\/cenal.gob.ve\/","sameAs":[],"logo":{"@type":"ImageObject","inLanguage":"es","@id":"https:\/\/cenal.gob.ve\/#\/schema\/logo\/image\/","url":"https:\/\/i0.wp.com\/cenal.gob.ve\/wp-content\/uploads\/2022\/10\/cropped-images.jpg?fit=512%2C512","contentUrl":"https:\/\/i0.wp.com\/cenal.gob.ve\/wp-content\/uploads\/2022\/10\/cropped-images.jpg?fit=512%2C512","width":512,"height":512,"caption":"CENAL"},"image":{"@id":"https:\/\/cenal.gob.ve\/#\/schema\/logo\/image\/"}},{"@type":"Person","@id":"https:\/\/cenal.gob.ve\/#\/schema\/person\/e3ed34623f400ffab8bc7a63b2f5533f","name":"Prensa Cenal","image":{"@type":"ImageObject","inLanguage":"es","@id":"https:\/\/cenal.gob.ve\/#\/schema\/person\/image\/","url":"https:\/\/secure.gravatar.com\/avatar\/594b4ed34090910c619ac3679001d491?s=96&d=mm&r=g","contentUrl":"https:\/\/secure.gravatar.com\/avatar\/594b4ed34090910c619ac3679001d491?s=96&d=mm&r=g","caption":"Prensa Cenal"},"url":"https:\/\/cenal.gob.ve\/?author=10"}]}},"jetpack_featured_media_url":"https:\/\/cenal.gob.ve\/wp-content\/uploads\/2020\/04\/becas_cenal.jpg","jetpack_publicize_connections":[],"jetpack_shortlink":"https:\/\/wp.me\/p5FMhp-2ka","_links":{"self":[{"href":"https:\/\/cenal.gob.ve\/index.php?rest_route=\/wp\/v2\/posts\/8938"}],"collection":[{"href":"https:\/\/cenal.gob.ve\/index.php?rest_route=\/wp\/v2\/posts"}],"about":[{"href":"https:\/\/cenal.gob.ve\/index.php?rest_route=\/wp\/v2\/types\/post"}],"author":[{"embeddable":true,"href":"https:\/\/cenal.gob.ve\/index.php?rest_route=\/wp\/v2\/users\/10"}],"replies":[{"embeddable":true,"href":"https:\/\/cenal.gob.ve\/index.php?rest_route=%2Fwp%2Fv2%2Fcomments&post=8938"}],"version-history":[{"count":1,"href":"https:\/\/cenal.gob.ve\/index.php?rest_route=\/wp\/v2\/posts\/8938\/revisions"}],"predecessor-version":[{"id":14868,"href":"https:\/\/cenal.gob.ve\/index.php?rest_route=\/wp\/v2\/posts\/8938\/revisions\/14868"}],"wp:featuredmedia":[{"embeddable":true,"href":"https:\/\/cenal.gob.ve\/index.php?rest_route=\/wp\/v2\/media\/8937"}],"wp:attachment":[{"href":"https:\/\/cenal.gob.ve\/index.php?rest_route=%2Fwp%2Fv2%2Fmedia&parent=8938"}],"wp:term":[{"taxonomy":"category","embeddable":true,"href":"https:\/\/cenal.gob.ve\/index.php?rest_route=%2Fwp%2Fv2%2Fcategories&post=8938"},{"taxonomy":"post_tag","embeddable":true,"href":"https:\/\/cenal.gob.ve\/index.php?rest_route=%2Fwp%2Fv2%2Ftags&post=8938"}],"curies":[{"name":"wp","href":"https:\/\/api.w.org\/{rel}","templated":true}]}}